{"id":659776,"date":"2023-11-22T09:47:47","date_gmt":"2023-11-22T05:47:47","guid":{"rendered":"https:\/\/arantv.az\/?p=659776"},"modified":"2023-11-22T09:47:47","modified_gmt":"2023-11-22T05:47:47","slug":"sizin-t%c9%99crub%c9%99nizd%c9%99n-faydalanmaga-haziriq","status":"publish","type":"post","link":"https:\/\/arantv.az\/?p=659776","title":{"rendered":"Sizin t\u0259cr\u00fcb\u0259nizd\u0259n faydalanma\u011fa haz\u0131r\u0131q!"},"content":{"rendered":"<p><em><strong>\u00d6lk\u0259mizd\u0259 r\u0259smi s\u0259f\u0259rd\u0259 olan \u0130raq Respublikas\u0131n\u0131n Prezidenti \u018fbd\u00fcll\u0259tif Camal R\u0259\u015fidin bu s\u00f6zl\u0259ri siyasi, iqtisadi, diplomatik u\u011furlar\u0131 il\u0259 d\u00fcnyada tan\u0131nan Az\u0259rbaycana maraqdan qaynaqlan\u0131r<\/strong><\/em><\/p>\n<p>H\u0259r ikisi m\u00fcs\u0259lman \u00f6lk\u0259si olan Az\u0259rbaycanla \u0130raq Respublikas\u0131 aras\u0131nda ill\u0259rd\u0259n b\u0259ri davam ed\u0259n dostluq m\u00fcnasib\u0259tl\u0259ri qar\u015f\u0131l\u0131ql\u0131 h\u00f6rm\u0259t v\u0259 etimad prinsipl\u0259rin\u0259 \u0259saslan\u0131r. K\u0259nd t\u0259s\u0259rr\u00fcfat\u0131,\u00a0neft\u00a0s\u0259nayesi, t\u0259hsil v\u0259\u00a0din\u00a0sah\u0259l\u0259rind\u0259 \u0259m\u0259kda\u015fl\u0131\u011f\u0131 geni\u015fl\u0259ndirm\u0259kd\u0259 maraql\u0131 olduqlar\u0131n\u0131 bildir\u0259n h\u0259r iki d\u00f6vl\u0259ti t\u0259msil ed\u0259n m\u00fct\u0259x\u0259ssisl\u0259rin birg\u0259 f\u0259aliyy\u0259ti m\u00fcnasib\u0259tl\u0259ri daha da m\u00f6hk\u0259ml\u0259ndirmi\u015fdir.\u00a0\u0130raqda\u00a0neft\u00a0s\u0259nayesi sah\u0259sind\u0259 \u00e7al\u0131\u015fan az\u0259rbaycanl\u0131 m\u00fct\u0259x\u0259ssisl\u0259rin dost yard\u0131m\u0131, Az\u0259rbaycanla \u0130raq aras\u0131nda iqtisadiyyat, ticar\u0259t,\u00a0elm\u00a0v\u0259\u00a0texniki\u00a0\u0259m\u0259kda\u015fl\u0131q haqq\u0131nda s\u0259n\u0259dl\u0259rin imzalanmas\u0131 \u00f6lk\u0259l\u0259rimizin t\u0259r\u0259qqisin\u0259 \u00f6n\u0259mli t\u00f6hf\u0259l\u0259r vermi\u015fdir.<\/p>\n<p>Noyabr\u0131n 20-d\u0259 \u00f6lk\u0259mizd\u0259 r\u0259smi s\u0259f\u0259rd\u0259 olan \u0130raq Respublikas\u0131n\u0131n Prezidenti \u018fbd\u00fcll\u0259tif Camal R\u0259\u015fidin Prezident \u0130lham \u018fliyevl\u0259 geni\u015f t\u0259rkibd\u0259 v\u0259 t\u0259kb\u0259t\u0259k g\u00f6r\u00fc\u015fl\u0259rind\u0259 qar\u015f\u0131l\u0131ql\u0131 \u0259laq\u0259l\u0259rin tarixi \u0259h\u0259miyy\u0259tind\u0259n dan\u0131\u015f\u0131lm\u0131\u015f, ticar\u0259t, iqtisadiyyat v\u0259 enerji sah\u0259l\u0259rind\u0259ki \u0259m\u0259kda\u015fl\u0131q m\u0259s\u0259l\u0259l\u0259ri geni\u015f m\u00fczakir\u0259 olunmu\u015fdur. G\u00f6r\u00fc\u015fl\u0259rin n\u0259tic\u0259l\u0259rini m\u0259tbuata b\u0259yanatlar\u0131nda a\u00e7\u0131qlayan, qar\u015f\u0131l\u0131ql\u0131 etimada \u0259saslanan Az\u0259rbaycan- \u0130raq m\u00fcnasib\u0259tl\u0259rini y\u00fcks\u0259k d\u0259y\u0259rl\u0259ndir\u0259n d\u00f6vl\u0259t ba\u015f\u00e7\u0131lar\u0131 bu s\u0259f\u0259ri, ikit\u0259r\u0259fli \u0259laq\u0259l\u0259ri \u00e7ox \u0259lam\u0259tdar hadis\u0259 adland\u0131rm\u0131\u015flar.<\/p>\n<p>\u0130raql\u0131 h\u0259mkar\u0131 \u018fbd\u00fcll\u0259tif Camal R\u0259\u015fidin Az\u0259rbaycana ilk r\u0259smi s\u0259f\u0259rini tarixi hadis\u0259 adland\u0131ran Prezident \u0130lham \u018fliyev bu g\u00f6r\u00fc\u015f\u00fc h\u0259r iki \u00f6lk\u0259nin siyasi, iqtisadi, ticari \u0259m\u0259kda\u015fl\u0131\u011f\u0131na b\u00f6y\u00fck t\u00f6hf\u0259l\u0259r ver\u0259c\u0259yini bildirmi\u015fdir.<\/p>\n<p>Az\u0259rbaycana s\u0259f\u0259rind\u0259n m\u0259mnun qald\u0131\u011f\u0131n\u0131 \u00abSizi g\u00f6rm\u0259k h\u0259r zaman xo\u015fdur. \u018flaq\u0259l\u0259rin g\u00fccl\u0259ndirilm\u0259si, ticar\u0259t, siyas\u0259t, el\u0259c\u0259 d\u0259 beyn\u0259lxalq m\u0259s\u0259l\u0259l\u0259r\u0259 dair Sizd\u0259n m\u0259sl\u0259h\u0259t almaq \u00e7ox yax\u015f\u0131 hald\u0131r. Biz iki \u00f6lk\u0259 aras\u0131nda \u0259laq\u0259l\u0259rimizi daha da g\u00fccl\u0259ndirm\u0259kd\u0259 \u00e7ox q\u0259tiyy\u0259tliyik. G\u0259l\u0259n ay sizin n\u00fcmay\u0259nd\u0259 hey\u0259tini q\u0259bul etm\u0259yi g\u00f6zl\u0259yirik v\u0259 \u00fcmidvaram ki, o, \u00e7ox s\u0259m\u0259r\u0259li olacaq\u00bb s\u00f6zl\u0259ri il\u0259 bildir\u0259n \u0130raq Prezidenti \u018fbd\u00fcll\u0259tif Camal R\u0259\u015fid bildirmi\u015fdir ki, Az\u0259rbaycana b\u00fct\u00fcn s\u0259f\u0259rl\u0259r s\u0259m\u0259r\u0259li, qar\u015f\u0131l\u0131ql\u0131 etimad prinsipl\u0259rin\u0259 \u0259saslan\u0131r v\u0259 maraql\u0131 t\u0259r\u0259fl\u0259r\u0259 u\u011fur g\u0259tirir. Diplomatik \u0259laq\u0259l\u0259rin tarixind\u0259 ilk olan bu r\u0259smi s\u0259f\u0259rin d\u0259 t\u0259r\u0259fl\u0259r \u00fc\u00e7\u00fcn faydal\u0131 olaca\u011f\u0131 vur\u011fulanm\u0131\u015fd\u0131r.<\/p>\n<p>D\u00f6vl\u0259t ba\u015f\u00e7\u0131lar\u0131 aras\u0131ndak\u0131 g\u00f6r\u00fc\u015fl\u0259r, m\u00fczakir\u0259 olunan m\u0259s\u0259l\u0259l\u0259r bar\u0259d\u0259 m\u0259tbuata b\u0259yanatlar\u0131nda m\u0259lumat ver\u0259n d\u00f6vl\u0259t ba\u015f\u00e7\u0131lar\u0131 qeyd etmi\u015fl\u0259r ki, g\u0259l\u0259c\u0259k \u0259m\u0259kda\u015fl\u0131\u011f\u0131m\u0131z \u00fc\u00e7\u00fcn \u0259sas istiqam\u0259tl\u0259r m\u00fc\u0259yy\u0259nl\u0259\u015fdirildi. Vur\u011fuland\u0131 ki, BMT-d\u0259, Qo\u015fulmama H\u0259r\u0259kat\u0131nda, \u0130slam \u018fm\u0259kda\u015fl\u0131q T\u0259\u015fkilat\u0131nda h\u0259r zaman bir-birini d\u0259st\u0259kl\u0259y\u0259n Az\u0259rbaycan kimi \u0130raq da d\u00f6vl\u0259tl\u0259rin \u0259razi b\u00fct\u00f6vl\u00fcy\u00fcn\u00fcn tan\u0131nmas\u0131nda eyni m\u00f6vqe g\u00f6st\u0259rirl\u0259r.<\/p>\n<p>\u0130raq Prezidentinin Az\u0259rbaycandan sonra Erm\u0259nistana s\u0259f\u0259r ed\u0259c\u0259yini bildir\u0259n c\u0259nab \u0130lham \u018fliyev a\u00e7\u0131qlamas\u0131nda C\u0259nubi Qafqazda m\u00f6vcud olan haz\u0131rk\u0131 v\u0259ziyy\u0259td\u0259n, Hayastan\u0131n Az\u0259rbaycana qar\u015f\u0131 t\u0259cav\u00fcz\u00fcnd\u0259n, i\u015f\u011fal\u00e7\u0131 d\u00f6vl\u0259tin etnik t\u0259mizl\u0259m\u0259 siyas\u0259tin\u0259 m\u0259ruz qalan soyda\u015flar\u0131m\u0131z\u0131n \u00fczl\u0259\u015fdikl\u0259ri d\u0259h\u015f\u0259tl\u0259rd\u0259n, bir milyondan \u00e7ox az\u0259rbaycanl\u0131n\u0131n ke\u00e7mi\u015f Da\u011fl\u0131q Qaraba\u011f Muxtar Vilay\u0259tind\u0259n v\u0259 \u0259traf rayonlardan zorla qovulmas\u0131ndan, \u00f6lk\u0259miz\u0259 qar\u015f\u0131 ikili standartlarla yana\u015fman\u0131n\u0131 haqq i\u015fimiz\u0259 verdiyi z\u0259r\u0259rl\u0259rd\u0259n, art\u0131q tarixin arxivin\u0259 at\u0131lm\u0131\u015f AT\u018fT-tn Minsk qrupunun s\u0259m\u0259r\u0259siz f\u0259aliyy\u0259tind\u0259n \u0259trafl\u0131 b\u0259hs etdi : \u00abFaktiki olaraq s\u0131f\u0131r n\u0259tic\u0259l\u0259r\u0259 g\u0259tirib \u00e7\u0131xarm\u0131\u015f m\u00fcxt\u0259lif beyn\u0259lxalq vasit\u0259\u00e7ilik s\u0259yl\u0259rin\u0259 baxmayaraq, Erm\u0259nistan bizim torpaqlar\u0131m\u0131z\u0131 h\u0259mi\u015f\u0259lik i\u015f\u011fal alt\u0131nda saxlamaq ist\u0259yirdi. Mandat\u0131 i\u015f\u011fala son qoymaq \u00fc\u00e7\u00fcn h\u0259ll yolu tapmaqdan ibar\u0259t olan AT\u018fT-in Minsk qrupu yarad\u0131landan 28 il sonra Az\u0259rbaycan beyn\u0259lxalq s\u0259viyy\u0259d\u0259 tan\u0131nm\u0131\u015f \u0259razil\u0259rini \u00f6z\u00fc d\u00f6y\u00fc\u015f meydan\u0131nda, h\u0259rbi g\u00fccd\u0259n v\u0259 BMT Nizamnam\u0259sinin \u00f6z\u00fcn\u00fcm\u00fcdafi\u0259 h\u00fcququna dair 51-ci madd\u0259si il\u0259 biz\u0259 verilmi\u015f qanuni imkandan istifad\u0259 ed\u0259r\u0259k i\u015f\u011faldan azad etdi.\u00bb Vur\u011fuland\u0131 ki, \u0130kinci Qaraba\u011f m\u00fcharib\u0259sini u\u011furla ba\u015fa \u00e7atd\u0131raraq torpaqlar\u0131n\u0131 Erm\u0259nistan\u0131n i\u015f\u011fal\u0131ndan azad ed\u0259n Az\u0259rbaycan\u0131n son \u00fc\u00e7 ild\u0259 d\u0259 s\u00fclh sazi\u015finin imzalanmas\u0131 istiqam\u0259tind\u0259 b\u00fct\u00fcn vasit\u0259l\u0259rd\u0259n istifad\u0259 etm\u0259sin\u0259 baxmayaraq i\u015f\u011fal\u00e7\u0131 Erm\u0259nistan h\u0259l\u0259 d\u0259 \u00f6hd\u0259likl\u0259rini yerin\u0259 yetirmir.<\/p>\n<p>V\u0259t\u0259n m\u00fcharib\u0259sind\u0259n sonrak\u0131 3 ild\u0259 bel\u0259 Q\u0259rbd\u0259ki havadarlar\u0131na qulaq asan Erm\u0259nistan imzalanm\u0131\u015f b\u0259yanatlarda g\u00f6st\u0259ril\u0259n \u015f\u0259rtl\u0259r\u0259 \u0259m\u0259l etmir. Az\u0259rbaycan\u0131n \u0259razil\u0259rind\u0259 yerl\u0259\u015f\u0259n qanunsuz silahl\u0131 birl\u0259\u015fm\u0259l\u0259rini \u00f6lk\u0259mizd\u0259n \u00e7\u0131xarmaq ist\u0259mirdi. \u00abBizim s\u0259brimiz bu ilin sentyabr\u0131nda t\u00fck\u0259ndi v\u0259 biz beyn\u0259lxalq h\u00fcquqa tam riay\u0259t ed\u0259r\u0259k \u00f6z suveren \u0259razimizd\u0259 antiterror \u0259m\u0259liyyat\u0131n\u0131 apard\u0131q. Bu \u0259m\u0259liyyat 24 saatdan az davam etdi v\u0259 m\u00fclki \u0259hali aras\u0131nda itkil\u0259r olmad\u0131. D\u00fc\u015f\u00fcn\u00fcr\u0259m ki, indi Yax\u0131n \u015e\u0259rqd\u0259 m\u00fc\u015fahid\u0259 etdikl\u0259rimiz\u0259 m\u00fcnasib\u0259td\u0259 bu antiterror \u0259m\u0259liyyat\u0131 m\u00fclki \u0259hali aras\u0131nda h\u0259rbi \u0259m\u0259liyyatlar\u0131 itkisiz nec\u0259 aparmaq laz\u0131md\u0131r n\u00f6qteyi-n\u0259z\u0259rd\u0259n bir \u00f6rn\u0259k hesab olunmal\u0131d\u0131r\u00bb s\u00f6zl\u0259ri il\u0259 erm\u0259ni havadarlar\u0131n\u0131n \u00f6lk\u0259miz\u0259 qar\u015f\u0131 q\u0259r\u0259zli t\u0259bli\u011fatlar\u0131n\u0131n he\u00e7 bir \u0259sas\u0131 olmad\u0131\u011f\u0131n\u0131 diqq\u0259t\u0259 \u00e7atd\u0131ran d\u00f6vl\u0259t ba\u015f\u00e7\u0131m\u0131z \u0130lham \u018fliyev iraql\u0131 h\u0259mkar\u0131na Az\u0259rbaycan\u0131n Erm\u0259nistana s\u00fclh sazi\u015finin \u015f\u0259rtl\u0259ri il\u0259 ba\u011fl\u0131 t\u0259klifinin h\u0259l\u0259 d\u0259 cavabs\u0131z qald\u0131\u011f\u0131n\u0131 xat\u0131rlatd\u0131. B\u00f6lg\u0259d\u0259 g\u0259rginliyi art\u0131ran, marionet d\u00f6vl\u0259t olan Erm\u0259nistan\u0131 silahland\u0131ran Amerika Birl\u0259\u015fmi\u015f \u015etatlar\u0131n\u0131n, Fransan\u0131n C\u0259nubi Qafqazdak\u0131 destruktiv rolunu t\u0259hl\u00fck\u0259 m\u0259nb\u0259yi adland\u0131rd\u0131. Az\u0259rbaycan r\u0259smi olaraq d\u0259f\u0259l\u0259rl\u0259 bildirib ki, biz\u0259 m\u00fcharib\u0259 laz\u0131m deyil. Erm\u0259nistan\u0131 n\u00f6vb\u0259ti m\u00fcharib\u0259y\u0259 \u015firnikl\u0259ndir\u0259n havadarlar\u0131n\u0131n niyy\u0259tl\u0259ri \u0259n \u00e7ox i\u015f\u011fal\u00e7\u0131ya z\u0259r\u0259r ver\u0259c\u0259k. Buna g\u00f6r\u0259 d\u0259 Erm\u0259nistan \u00f6z g\u0259l\u0259c\u0259yini regionumuzdan uzaqda yerl\u0259\u015f\u0259n \u00f6lk\u0259l\u0259rin ambisiyalar\u0131 \u00fcz\u0259rind\u0259 deyil, \u00f6z milli maraqlar\u0131na \u0259sas\u0259n planla\u015fd\u0131rmal\u0131, qanl\u0131 m\u00fcst\u0259ml\u0259k\u0259 ke\u00e7mi\u015fin\u0259 malik olan \u00f6lk\u0259l\u0259rin ambisiyal\u0131 \u00e7a\u011f\u0131r\u0131\u015flar\u0131ndan uzaqla\u015fmal\u0131d\u0131r. Az\u0259rbaycan\u0131n sa\u011flam d\u00fc\u015f\u00fcnc\u0259y\u0259 v\u0259 tarixi \u0259dal\u0259t\u0259 \u0259saslanan siyas\u0259tinin qalib g\u0259l\u0259c\u0259yini inamla vur\u011fulayan Prezident \u0130lham \u018fliyev \u00f6lk\u0259mizl\u0259 \u0130raq aras\u0131ndak\u0131 iqtisadi, diplomatik, enerji, ticari \u0259laq\u0259l\u0259rin yeni istiqam\u0259tl\u0259r \u00fczr\u0259 davam\u0131n\u0131n b\u00f6lg\u0259 d\u00f6vl\u0259tl\u0259ri \u00fc\u00e7\u00fcn d\u0259 s\u0259m\u0259r\u0259li olaca\u011f\u0131n\u0131 diqq\u0259t\u0259 \u00e7atd\u0131rd\u0131. Qeyd edildi ki, prioritet olan m\u00fcdafi\u0259 s\u0259nayesi, turizm sah\u0259l\u0259rind\u0259 \u0259m\u0259kda\u015fl\u0131q imkanlar\u0131n\u0131n geni\u015fl\u0259nm\u0259si iki d\u00f6vl\u0259tin iqtisadiyyat\u0131na t\u00f6fh\u0259l\u0259r ver\u0259c\u0259k. H\u0259r iki \u00f6lk\u0259nin paytaxtlar\u0131 aras\u0131ndak\u0131 birinci hava reysinin davaml\u0131 olaca\u011f\u0131n\u0131, K\u0259rk\u00fck, \u018frbil v\u0259 B\u0259sr\u0259 \u015f\u0259h\u0259rl\u0259rin\u0259 d\u0259 birba\u015fa t\u0259yyar\u0259 u\u00e7u\u015flar\u0131n\u0131n a\u00e7\u0131laca\u011f\u0131 diqq\u0259t\u0259 \u00e7atd\u0131r\u0131ld\u0131. Vizalar\u0131n verilm\u0259si prosesinin sad\u0259l\u0259\u015fdrilm\u0259sinin turizmin inki\u015faf\u0131na b\u00f6y\u00fck t\u0259kan ver\u0259c\u0259yi vur\u011fuland\u0131.<\/p>\n<p>Prezident \u018fbd\u00fcll\u0259tif Camal R\u0259\u015fid uzun m\u00fcdd\u0259t diktatorluq d\u00f6vr\u00fcnd\u0259 ya\u015fayan, icmalarla h\u00f6kum\u0259t aras\u0131nda toqqu\u015fmalara s\u0259b\u0259b olan tarixi hadis\u0259l\u0259ri diqq\u0259t\u0259 \u00e7atd\u0131raraq \u00f6lk\u0259sinin i\u015f\u011fal\u0131na s\u0259b\u0259b olan haqs\u0131zl\u0131qlardan, m\u0259ruz qald\u0131qlar\u0131 terrorlardan b\u0259hs ed\u0259r\u0259k vur\u011fulad\u0131 ki, art\u0131q \u0130raq h\u00fcquqi d\u00f6vl\u0259t kimi beyn\u0259lxalq al\u0259md\u0259 tan\u0131n\u0131r. \u00ab\u0130raq yax\u015f\u0131, sa\u011flam v\u0259ziyy\u0259td\u0259dir. Bizd\u0259 s\u00fclh, t\u0259hl\u00fck\u0259sizlik h\u00f6km s\u00fcr\u00fcr, eyni zamanda, xalq t\u0259r\u0259find\u0259n se\u00e7ilmi\u015f h\u00f6kum\u0259t var\u00bb s\u00f6yl\u0259y\u0259n \u0130raq Prezidenti vur\u011fulad\u0131 ki, art\u0131q formala\u015fan \u00f6lk\u0259nin daxili v\u0259 xarici siyas\u0259ti, \u0259halinin ist\u0259kl\u0259rini t\u0259min ed\u0259n sosial islahatlar, q\u0259bul olunan q\u0259rarlar \u00f6lk\u0259d\u0259 ya\u015fayan m\u00fcxt\u0259lif mill\u0259tl\u0259rin, dinl\u0259rin, siyasi partiyalar\u0131n dialoqu qar\u015f\u0131l\u0131ql\u0131 raz\u0131la\u015fma \u0259sas\u0131nda h\u0259yata ke\u00e7irilir. H\u0259r bir iraql\u0131 \u00f6lk\u0259nin inki\u015faf\u0131na \u00f6z t\u00f6hf\u0259sini verir. M\u00fcnaqi\u015f\u0259l\u0259r, m\u00fcharib\u0259l\u0259r d\u00f6vr\u00fcnd\u0259 s\u0131radan \u00e7\u0131xan b\u00fct\u00fcn infrastruktur b\u0259rpa edilir, yenil\u0259nir. \u00d6lk\u0259 \u00fczr\u0259 neft hasilat\u0131 art\u0131r, k\u0259nd t\u0259s\u0259rr\u00fcfat\u0131 z\u0259ngin su m\u0259nb\u0259l\u0259ri hesab\u0131na inki\u015faf edir. \u00abH\u0259r iki \u00f6lk\u0259 aras\u0131nda \u0259m\u0259kda\u015fl\u0131\u011f\u0131n daha da yax\u015f\u0131la\u015fmas\u0131 m\u0259ni sevindirir v\u0259 biz Sizinl\u0259 \u0259laq\u0259 saxlayacaq v\u0259 n\u00fcmay\u0259nd\u0259 hey\u0259tinizi onlara m\u00fcnasib olan vaxtda v\u0259 z\u0259ruri olduqda iki \u00f6lk\u0259 aras\u0131nda birba\u015fa reysl\u0259r vasit\u0259sil\u0259 n\u0259qliyyat \u0259laq\u0259l\u0259rini qurmaqla q\u0259bul etm\u0259y\u0259 v\u0259 eyni zamanda, Sizin t\u0259cr\u00fcb\u0259nizd\u0259n faydalanma\u011fa haz\u0131r\u0131q\u00bb s\u00f6yl\u0259y\u0259n \u0130raq Prezidenti s\u0259f\u0259r zaman\u0131 imzalanan s\u0259n\u0259dl\u0259ri d\u00f6vl\u0259tl\u0259raras\u0131 \u0259m\u0259kda\u015fl\u0131\u011f\u0131 yeni keyfiyy\u0259t bax\u0131m\u0131ndan g\u00fccl\u0259ndir\u0259c\u0259k \u00f6n\u0259mli i\u015fbirliyi kimi d\u0259y\u0259rl\u0259ndirdi.<\/p>\n","protected":false},"excerpt":{"rendered":"<p>\u00d6lk\u0259mizd\u0259 r\u0259smi s\u0259f\u0259rd\u0259 olan \u0130raq Respublikas\u0131n\u0131n Prezidenti \u018fbd\u00fcll\u0259tif Camal R\u0259\u015fidin bu s\u00f6zl\u0259ri siyasi, iqtisadi, diplomatik u\u011furlar\u0131 il\u0259 d\u00fcnyada tan\u0131nan Az\u0259rbaycana maraqdan qaynaqlan\u0131r H\u0259r ikisi m\u00fcs\u0259lman \u00f6lk\u0259si olan Az\u0259rbaycanla \u0130raq Respublikas\u0131 aras\u0131nda ill\u0259rd\u0259n b\u0259ri davam ed\u0259n dostluq m\u00fcnasib\u0259tl\u0259ri qar\u015f\u0131l\u0131ql\u0131 h\u00f6rm\u0259t v\u0259 etimad prinsipl\u0259rin\u0259 \u0259saslan\u0131r. K\u0259nd t\u0259s\u0259rr\u00fcfat\u0131,\u00a0neft\u00a0s\u0259nayesi, t\u0259hsil v\u0259\u00a0din\u00a0sah\u0259l\u0259rind\u0259 \u0259m\u0259kda\u015fl\u0131\u011f\u0131 geni\u015fl\u0259ndirm\u0259kd\u0259 maraql\u0131 olduqlar\u0131n\u0131 bildir\u0259n h\u0259r iki d\u00f6vl\u0259ti t\u0259msil ed\u0259n m\u00fct\u0259x\u0259ssisl\u0259rin birg\u0259 f\u0259aliyy\u0259ti m\u00fcnasib\u0259tl\u0259ri daha da m\u00f6hk\u0259ml\u0259ndirmi\u015fdir.\u00a0\u0130raqda\u00a0neft\u00a0s\u0259nayesi sah\u0259sind\u0259 \u00e7al\u0131\u015fan az\u0259rbaycanl\u0131 m\u00fct\u0259x\u0259ssisl\u0259rin dost yard\u0131m\u0131, Az\u0259rbaycanla \u0130raq aras\u0131nda iqtisadiyyat, ticar\u0259t,\u00a0elm\u00a0v\u0259\u00a0texniki\u00a0\u0259m\u0259kda\u015fl\u0131q haqq\u0131nda s\u0259n\u0259dl\u0259rin imzalanmas\u0131 \u00f6lk\u0259l\u0259rimizin t\u0259r\u0259qqisin\u0259 \u00f6n\u0259mli t\u00f6hf\u0259l\u0259r vermi\u015fdir. Noyabr\u0131n 20-d\u0259 \u00f6lk\u0259mizd\u0259 r\u0259smi s\u0259f\u0259rd\u0259 olan \u0130raq&hellip;<\/p>\n","protected":false},"author":2,"featured_media":659777,"comment_status":"closed","ping_status":"closed","sticky":false,"template":"","format":"standard","meta":{"om_disable_all_campaigns":false,"_monsterinsights_skip_tracking":false,"_monsterinsights_sitenote_active":false,"_monsterinsights_sitenote_note":"","_monsterinsights_sitenote_category":0},"categories":[19],"tags":[],"aioseo_notices":[],"gutentor_comment":0,"rttpg_featured_image_url":{"full":["https:\/\/arantv.az\/wp-content\/uploads\/2023\/11\/cf9819df170057578359624978110299048.jpg",975,540,false],"landscape":["https:\/\/arantv.az\/wp-content\/uploads\/2023\/11\/cf9819df170057578359624978110299048.jpg",975,540,false],"portraits":["https:\/\/arantv.az\/wp-content\/uploads\/2023\/11\/cf9819df170057578359624978110299048.jpg",975,540,false],"thumbnail":["https:\/\/arantv.az\/wp-content\/uploads\/2023\/11\/cf9819df170057578359624978110299048-500x280.jpg",500,280,true],"medium":["https:\/\/arantv.az\/wp-content\/uploads\/2023\/11\/cf9819df170057578359624978110299048-660x365.jpg",660,365,true],"large":["https:\/\/arantv.az\/wp-content\/uploads\/2023\/11\/cf9819df170057578359624978110299048-840x465.jpg",640,354,true],"1536x1536":["https:\/\/arantv.az\/wp-content\/uploads\/2023\/11\/cf9819df170057578359624978110299048.jpg",975,540,false],"2048x2048":["https:\/\/arantv.az\/wp-content\/uploads\/2023\/11\/cf9819df170057578359624978110299048.jpg",975,540,false],"post-thumbnail":["https:\/\/arantv.az\/wp-content\/uploads\/2023\/11\/cf9819df170057578359624978110299048-240x172.jpg",240,172,true],"advps-thumb-one":["https:\/\/arantv.az\/wp-content\/uploads\/2023\/11\/cf9819df170057578359624978110299048.jpg",975,540,false]},"rttpg_author":{"display_name":"V\u00fcsal Rafiqo\u011flu","author_link":"https:\/\/arantv.az\/?author=2"},"rttpg_comment":0,"rttpg_category":"<a href=\"https:\/\/arantv.az\/?cat=19\" rel=\"category\">G\u00fcnd\u0259m<\/a>","rttpg_excerpt":"\u00d6lk\u0259mizd\u0259 r\u0259smi s\u0259f\u0259rd\u0259 olan \u0130raq Respublikas\u0131n\u0131n Prezidenti \u018fbd\u00fcll\u0259tif Camal R\u0259\u015fidin bu s\u00f6zl\u0259ri siyasi, iqtisadi, diplomatik u\u011furlar\u0131 il\u0259 d\u00fcnyada tan\u0131nan Az\u0259rbaycana maraqdan qaynaqlan\u0131r H\u0259r ikisi m\u00fcs\u0259lman \u00f6lk\u0259si olan Az\u0259rbaycanla \u0130raq Respublikas\u0131 aras\u0131nda ill\u0259rd\u0259n b\u0259ri davam ed\u0259n dostluq m\u00fcnasib\u0259tl\u0259ri qar\u015f\u0131l\u0131ql\u0131 h\u00f6rm\u0259t v\u0259 etimad prinsipl\u0259rin\u0259 \u0259saslan\u0131r. K\u0259nd t\u0259s\u0259rr\u00fcfat\u0131,\u00a0neft\u00a0s\u0259nayesi, t\u0259hsil v\u0259\u00a0din\u00a0sah\u0259l\u0259rind\u0259 \u0259m\u0259kda\u015fl\u0131\u011f\u0131 geni\u015fl\u0259ndirm\u0259kd\u0259 maraql\u0131 olduqlar\u0131n\u0131 bildir\u0259n h\u0259r iki d\u00f6vl\u0259ti&hellip;","_links":{"self":[{"href":"https:\/\/arantv.az\/index.php?rest_route=\/wp\/v2\/posts\/659776"}],"collection":[{"href":"https:\/\/arantv.az\/index.php?rest_route=\/wp\/v2\/posts"}],"about":[{"href":"https:\/\/arantv.az\/index.php?rest_route=\/wp\/v2\/types\/post"}],"author":[{"embeddable":true,"href":"https:\/\/arantv.az\/index.php?rest_route=\/wp\/v2\/users\/2"}],"replies":[{"embeddable":true,"href":"https:\/\/arantv.az\/index.php?rest_route=%2Fwp%2Fv2%2Fcomments&post=659776"}],"version-history":[{"count":0,"href":"https:\/\/arantv.az\/index.php?rest_route=\/wp\/v2\/posts\/659776\/revisions"}],"wp:featuredmedia":[{"embeddable":true,"href":"https:\/\/arantv.az\/index.php?rest_route=\/wp\/v2\/media\/659777"}],"wp:attachment":[{"href":"https:\/\/arantv.az\/index.php?rest_route=%2Fwp%2Fv2%2Fmedia&parent=659776"}],"wp:term":[{"taxonomy":"category","embeddable":true,"href":"https:\/\/arantv.az\/index.php?rest_route=%2Fwp%2Fv2%2Fcategories&post=659776"},{"taxonomy":"post_tag","embeddable":true,"href":"https:\/\/arantv.az\/index.php?rest_route=%2Fwp%2Fv2%2Ftags&post=659776"}],"curies":[{"name":"wp","href":"https:\/\/api.w.org\/{rel}","templated":true}]}}