{"id":659779,"date":"2023-11-22T09:48:41","date_gmt":"2023-11-22T05:48:41","guid":{"rendered":"https:\/\/arantv.az\/?p=659779"},"modified":"2023-11-22T09:48:41","modified_gmt":"2023-11-22T05:48:41","slug":"g%c9%99l%c9%99c%c9%99k-n%c9%99sill%c9%99r%c9%99-kolonializmd%c9%99n-azad-dunya-miras-qoyaq-gunumuzun-%c9%99sas-cagirisi","status":"publish","type":"post","link":"https:\/\/arantv.az\/?p=659779","title":{"rendered":"G\u0259l\u0259c\u0259k n\u0259sill\u0259r\u0259 \u201ckolonializmd\u0259n azad d\u00fcnya\u201d miras qoyaq &#8211; G\u00fcn\u00fcm\u00fcz\u00fcn \u0259sas \u00e7a\u011f\u0131r\u0131\u015f\u0131"},"content":{"rendered":"<p><em><strong>D\u00f6vl\u0259t ba\u015f\u00e7\u0131s\u0131 \u0130lham \u018fliyev Bak\u0131da ke\u00e7iril\u0259n \u201cDekolonizasiya: Qad\u0131nlar\u0131n g\u00fccl\u0259ndirilm\u0259si v\u0259 inki\u015faf\u201d m\u00f6vzusunda beyn\u0259lxalq konfrans\u0131n i\u015ftirak\u00e7\u0131lar\u0131na m\u00fcraci\u0259tind\u0259 bir daha bildirdi ki, Az\u0259rbaycan Qo\u015fulmama H\u0259r\u0259kat\u0131n\u0131n s\u0259dri kimi kolonializm\u0259 qar\u015f\u0131 m\u00fcbariz\u0259 aparan v\u0259 azad olma\u011fa \u00e7al\u0131\u015fan xalqlar\u0131 d\u0259st\u0259kl\u0259yir<\/strong><\/em><\/p>\n<p>B\u00fct\u00fcn d\u00f6vl\u0259tl\u0259rl\u0259 ikit\u0259r\u0259fli v\u0259 beyn\u0259lxalq t\u0259\u015fkilatlar \u00e7\u0259r\u00e7iv\u0259sind\u0259 \u0259laq\u0259l\u0259rin qurulmas\u0131 Az\u0259rbaycan\u0131n xarici siyas\u0259tinin \u0259sas t\u0259rkib hiss\u0259l\u0259ridir. \u00d6lk\u0259mizin bu istiqam\u0259td\u0259 qazand\u0131\u011f\u0131 u\u011furlar g\u00f6z \u00f6n\u00fcnd\u0259dir. Buna \u0259min olmaq \u00fc\u00e7\u00fcn t\u0259kc\u0259 son ill\u0259rin xarici siyas\u0259t u\u011furlar\u0131m\u0131za diqq\u0259t yetirm\u0259k kifay\u0259tdir. Bir m\u00fch\u00fcm m\u0259qam\u0131 da daim b\u00f6y\u00fck q\u00fcrur hissi il\u0259 qeyd edirik ki, ist\u0259r Az\u0259rbaycan\u0131n ev sahibliyi etdiyi, ist\u0259rs\u0259 d\u0259 \u00f6lk\u0259mizin qat\u0131ld\u0131\u011f\u0131 t\u0259dbirl\u0259r\u0259 n\u0259z\u0259r salsaq m\u0259kan\u0131ndan as\u0131l\u0131 olmayaraq mara\u011f\u0131n daha \u00e7ox Az\u0259rbaycan\u0131n u\u011furlar\u0131na, inki\u015faf modelin\u0259 y\u00f6n\u0259lm\u0259sinin diqq\u0259td\u0259n k\u0259narda qalmad\u0131\u011f\u0131n\u0131 g\u00f6r\u0259rik. Bu, ondan x\u0259b\u0259r verir ki, Az\u0259rbaycan b\u00fct\u00fcn sah\u0259l\u0259rd\u0259 n\u00fcmun\u0259 g\u00f6st\u0259ril\u0259c\u0259k s\u0259viyy\u0259d\u0259 t\u0259cr\u00fcb\u0259y\u0259 malikdir. D\u00fcnyaya t\u0259kmil inki\u015faf modelini t\u0259qdim edir.<\/p>\n<p>Bu g\u00fcn Az\u0259rbaycan\u0131n xarici siyas\u0259t u\u011furlar\u0131ndan, beyn\u0259lxalq t\u0259\u015fkilatlarla \u0259laq\u0259l\u0259rind\u0259n b\u0259hs ed\u0259rk\u0259n ilk olaraq g\u00f6z \u00f6n\u00fcn\u0259 Az\u0259rbaycan-Qo\u015fulmama H\u0259r\u0259kat\u0131 m\u00fcnasib\u0259tl\u0259ri g\u0259lir. \u00d6lk\u0259mizin noyabr\u0131n 20-21-d\u0259 Qo\u015fulmama H\u0259r\u0259kat\u0131n\u0131n \u201cDekolonizasiya: Qad\u0131nlar\u0131n g\u00fccl\u0259ndirilm\u0259si v\u0259 inki\u015faf\u201d m\u00f6vzusunda beyn\u0259lxalq konfransa ev sahibliyi bir daha qurumla \u00f6lk\u0259miz aras\u0131nda \u0259laq\u0259l\u0259rin haz\u0131rk\u0131 inki\u015faf s\u0259viyy\u0259sin\u0259 n\u0259z\u0259r salma\u011f\u0131 bir z\u0259rur\u0259t\u0259 \u00e7evirir. Daim \u00e7\u0131x\u0131\u015flar\u0131nda \u00f6lk\u0259mizin Qo\u015fulmama H\u0259r\u0259kat\u0131 il\u0259 \u0259laq\u0259l\u0259rinin inki\u015faf s\u0259viyy\u0259sind\u0259n b\u0259hs ed\u0259n d\u00f6vl\u0259t ba\u015f\u00e7\u0131s\u0131 \u0130lham \u018fliyev \u201cS\u0259drliyimiz d\u00f6vr\u00fcnd\u0259 Az\u0259rbaycan xalq\u0131 \u00fc\u00e7\u00fcn \u0259n \u00f6n\u0259mli v\u0259 yaddaqalan m\u0259qam V\u0259t\u0259n m\u00fcharib\u0259sind\u0259 bizim tarixi Q\u0259l\u0259b\u0259miz oldu. 2020-ci ild\u0259 Az\u0259rbaycan Erm\u0259nistan\u0131 d\u00f6y\u00fc\u015f meydan\u0131nda m\u0259\u011flub ed\u0259r\u0259k Erm\u0259nistan\u0131n 30 illik i\u015f\u011fal\u0131na son qoydu. \u0130\u015f\u011fal\u00e7\u0131 \u00f6lk\u0259 kimi Erm\u0259nistan kapitulyasiya akt\u0131n\u0131 imzalama\u011fa m\u0259cbur oldu. Bununla da Az\u0259rbaycan \u00f6z \u0259razi b\u00fct\u00f6vl\u00fcy\u00fcn\u00fc v\u0259 tarixi \u0259dal\u0259ti b\u0259rpa etdi, BMT T\u0259hl\u00fck\u0259sizlik \u015euras\u0131n\u0131n 1993-c\u00fc ild\u0259 q\u0259bul etdiyi d\u00f6rd q\u0259tnam\u0259sinin icras\u0131n\u0131 \u00f6z\u00fc t\u0259min etdi. Az\u0259rbaycan\u0131n bu Q\u0259l\u0259b\u0259si beyn\u0259lxalq h\u00fcququn v\u0259 \u0259dal\u0259tin z\u0259f\u0259ridir\u00bb s\u00f6yl\u0259y\u0259r\u0259k Az\u0259rbaycan\u0131n daim \u0259dal\u0259tin v\u0259 beyn\u0259lxalq h\u00fcququn yan\u0131nda oldu\u011funu t\u0259sdiql\u0259yir. Qeyd ed\u0259k ki, \u00f6lk\u0259miz bu il, eyni zamanda, Qo\u015fulmama H\u0259r\u0259kat\u0131n\u0131n \u018flaq\u0259l\u0259ndirm\u0259 B\u00fcrosunun \u201cQo\u015fulmama H\u0259r\u0259kat\u0131: meydana \u00e7\u0131xan \u00e7a\u011f\u0131r\u0131\u015flarla m\u00fcbariz\u0259d\u0259 birg\u0259 v\u0259 q\u0259tiyy\u0259tli\u201d m\u00f6vzusunda nazirl\u0259r g\u00f6r\u00fc\u015f\u00fcn\u0259 ev sahibliyi etmi\u015fdir.<\/p>\n<p>D\u00f6vl\u0259t ba\u015f\u00e7\u0131s\u0131 \u0130lham \u018fliyev h\u0259r bir \u00e7\u0131x\u0131\u015f\u0131nda, ke\u00e7iril\u0259n t\u0259dbirl\u0259rd\u0259 30 illik i\u015f\u011fal d\u00f6vr\u00fcnd\u0259 erm\u0259nil\u0259rin bu \u0259razil\u0259rd\u0259 t\u00f6r\u0259tdikl\u0259ri v\u0259h\u015filikl\u0259r fonunda onu\u00a0 da bildirir ki, b\u00fct\u00fcn bu \u00e7\u0259tinlikl\u0259r\u0259 baxmayaraq, Az\u0259rbaycan i\u015f\u011faldan azad edilmi\u015f 10 min kvadratkilometrlik \u0259razid\u0259 \u00f6z\u00fcn\u00fcn maliyy\u0259 imkanlar\u0131 hesab\u0131na s\u0131f\u0131rdan irimiqyasl\u0131 yenid\u0259nqurma i\u015fl\u0259rini u\u011furla h\u0259yata ke\u00e7irir. M\u00fcnaqi\u015f\u0259 ba\u015fa \u00e7atd\u0131qdan az sonra Az\u0259rbaycan Erm\u0259nistanla bir-birinin suverenliyinin v\u0259 \u0259razi b\u00fct\u00f6vl\u00fcy\u00fcn\u00fcn qar\u015f\u0131l\u0131ql\u0131 tan\u0131nmas\u0131 \u0259sas\u0131nda s\u00fclh sazi\u015fi imzalamaq \u00fc\u00e7\u00fcn be\u015f \u0259sas prinsipini t\u0259qdim etdi.<\/p>\n<p>H\u0259r zaman qeyd etdiyimiz kimi, ke\u00e7iril\u0259n beyn\u0259lxalq \u0259h\u0259miyy\u0259tli t\u0259dbir\u00a0 g\u00fcnd\u0259m\u0259 g\u0259tirdiyi m\u0259s\u0259l\u0259l\u0259r, s\u0259sl\u0259ndiril\u0259n \u00e7a\u011f\u0131r\u0131\u015flar\u0131n d\u00fczg\u00fcn cavabland\u0131r\u0131lmas\u0131 \u00fc\u00e7\u00fcn m\u00fc\u0259yy\u0259nl\u0259\u015fdiril\u0259n yol x\u0259rit\u0259si\u00a0 uzun m\u00fcdd\u0259t m\u00fczakir\u0259 olunur. Qo\u015fulmama H\u0259r\u0259kat\u0131n\u0131n s\u0259dri olan Az\u0259rbaycan\u0131n bug\u00fcn\u0259d\u0259k ir\u0259li s\u00fcrd\u00fcy\u00fc t\u0259\u015f\u0259bb\u00fcsl\u0259rin ger\u00e7\u0259kl\u0259\u015fm\u0259si fonunda H\u0259r\u0259kat\u0131n artan n\u00fcfuzu, s\u00f6z sahibliyi geni\u015f m\u00fczakir\u0259 olunmaqdad\u0131r. D\u00f6vl\u0259timizin ba\u015f\u00e7\u0131s\u0131n\u0131n Qo\u015fulmama H\u0259r\u0259kat\u0131n\u0131n s\u0259dri kimi beyn\u0259lxalq m\u00fcst\u0259vid\u0259 davaml\u0131 v\u0259 ard\u0131c\u0131l \u015f\u0259kild\u0259 ir\u0259li s\u00fcrd\u00fcy\u00fc t\u0259\u015f\u0259bb\u00fcs v\u0259 t\u0259klifl\u0259r daim h\u0259m bu qurum, h\u0259m d\u0259 dig\u0259r \u00f6lk\u0259l\u0259rin geni\u015f d\u0259st\u0259yini qazan\u0131b.<\/p>\n<p>\u00d6lk\u0259mizin H\u0259r\u0259kata s\u0259drliyinin ilk ill\u0259ri COVID-19 pandemiyas\u0131 il\u0259 \u0259laq\u0259dar d\u00fcnyan\u0131 sars\u0131dan qlobal s\u0259hiyy\u0259 b\u00f6hran\u0131 d\u00f6vr\u00fcn\u0259 t\u0259sad\u00fcf ets\u0259 d\u0259 Az\u0259rbaycan \u00f6z\u00fcn\u00fcn s\u0259drlik g\u00fcnd\u0259liyini \u00e7evik v\u0259 effektiv \u015f\u0259kild\u0259 yeni reall\u0131\u011fa uy\u011funla\u015fd\u0131rd\u0131. Prezident \u0130lham \u018fliyevin t\u0259\u015f\u0259bb\u00fcs\u00fc il\u0259 Qo\u015fulmama H\u0259r\u0259kat\u0131 pandemiya il\u0259 m\u00fcbariz\u0259d\u0259 qlobal lider rolunu \u00f6z \u00fcz\u0259rin\u0259 g\u00f6t\u00fcrd\u00fc v\u0259 d\u00fcnya ictimaiyy\u0259tini bu t\u0259hdidl\u0259 m\u00fcbariz\u0259d\u0259 s\u0259f\u0259rb\u0259r etdi. 2020-ci ilin may\u0131nda H\u0259r\u0259kat\u0131n COVID-19 il\u0259 m\u00fcbariz\u0259y\u0259 h\u0259sr edil\u0259n liderl\u0259r s\u0259viyy\u0259sind\u0259 onlayn sammitinin ke\u00e7irilm\u0259si bu istiqam\u0259td\u0259 at\u0131lm\u0131\u015f ilk add\u0131mlardan biri idi. Sammitd\u0259 Prezident \u0130lham \u018fliyev BMT Ba\u015f Assambleyas\u0131n\u0131n pandemiya il\u0259 m\u00fcbariz\u0259y\u0259 h\u0259sr edil\u0259n x\u00fcsusi sessiyas\u0131n\u0131n ke\u00e7irilm\u0259sini t\u0259klif etdi. Bu t\u0259klif 150-d\u0259n \u00e7ox \u00f6lk\u0259 t\u0259r\u0259find\u0259n d\u0259st\u0259kl\u0259ndi v\u0259 2020-ci ilin dekabr\u0131nda x\u00fcsusi sessiya u\u011furla ba\u015f tutdu. Yetmi\u015fd\u0259n \u00e7ox d\u00f6vl\u0259t v\u0259 h\u00f6kum\u0259t ba\u015f\u00e7\u0131s\u0131n\u0131n \u00e7\u0131x\u0131\u015f etdiyi bu x\u00fcsusi sessiya pandemiya il\u0259 m\u00fcbariz\u0259 sah\u0259sind\u0259 \u0259n qlobal t\u0259dbir oldu.<\/p>\n<p>Az\u0259rbaycan\u0131n H\u0259r\u0259kata s\u0259drliyi d\u00f6vr\u00fcnd\u0259 h\u0259yata ke\u00e7irdiyi \u0259n \u00f6n\u0259mli f\u0259aliyy\u0259tl\u0259rd\u0259n biri peyv\u0259nd mill\u0259t\u00e7iliyin\u0259 qar\u015f\u0131 m\u00fcbariz\u0259 aparmas\u0131 oldu. T\u0259sad\u00fcfi deyil ki, Az\u0259rbaycan\u0131n t\u0259\u015f\u0259bb\u00fcs\u00fc il\u0259 Qo\u015fulmama H\u0259r\u0259kat\u0131 t\u0259r\u0259find\u0259n h\u0259m BMT \u0130nsan H\u00fcquqlar\u0131 \u015euras\u0131nda, h\u0259m d\u0259 Ba\u015f Assambleyada \u201cCOVID-19 pandemiyas\u0131 il\u0259 m\u00fcbariz\u0259d\u0259 b\u00fct\u00fcn \u00f6lk\u0259l\u0259r \u00fc\u00e7\u00fcn peyv\u0259ndl\u0259r\u0259 b\u0259rab\u0259r, m\u0259qbul qiym\u0259t\u0259, vaxt\u0131nda v\u0259 universal \u0259l\u00e7atanl\u0131\u011f\u0131n t\u0259min edilm\u0259si\u201dn\u0259 dair q\u0259tnam\u0259l\u0259r q\u0259bul edildi.<\/p>\n<p>Ke\u00e7iril\u0259n t\u0259dbirl\u0259rin diqq\u0259t \u00e7\u0259k\u0259n m\u0259qamlar\u0131ndan biri d\u0259 Az\u0259rbaycan\u0131n tarixi h\u0259qiq\u0259tl\u0259rinin, m\u00f6vcud reall\u0131qlar\u0131n\u0131n d\u00fcnya ictimaiyy\u0259tin\u0259 \u00e7atd\u0131r\u0131lmas\u0131 \u00fc\u00e7\u00fcn geni\u015f imkanlar\u0131n yarad\u0131lmas\u0131d\u0131r. Az\u0259rbaycan d\u00f6vl\u0259ti h\u0259r zaman \u0259n y\u00fcks\u0259k tribunalardan haqq s\u0259simizi d\u00fcnyaya \u00e7atd\u0131r\u0131b. \u00a0BMT-d\u0259n sonra ikinci b\u00f6y\u00fck t\u0259sisat olan Qo\u015fulmama H\u0259r\u0259kat\u0131n\u0131n s\u0131ralar\u0131nda 120 \u00fczv\u00fc birl\u0259\u015fdirdiyini n\u0259z\u0259r\u0259 alsaq h\u0259qiq\u0259tl\u0259rimizin t\u0259bli\u011fi \u00fc\u00e7\u00fcn hans\u0131 imkanlar\u0131n yarand\u0131\u011f\u0131n\u0131 geni\u015f \u015f\u0259rh etm\u0259y\u0259 ehtiyac olmaz.<\/p>\n<p>D\u00f6vl\u0259t ba\u015f\u00e7\u0131s\u0131 \u0130lham \u018fliyev d\u00fcnyan\u0131n ikili standartlara \u0259saslanan siyas\u0259tini \u00e7\u0131x\u0131\u015flar\u0131nda x\u00fcsusi qeyd edir. \u00a0 BMT sistemind\u0259 islahatlar\u0131n apar\u0131lmas\u0131n\u0131n vacibliyi m\u0259s\u0259l\u0259sinin g\u00fcnd\u0259md\u0259 saxlan\u0131lmas\u0131 da bu kimi m\u0259qamlara i\u015f\u0131q sald\u0131. \u00abHaz\u0131rda beyn\u0259lxalq t\u0259\u015fkilatlar, x\u00fcsusil\u0259 BMT b\u0259\u015f\u0259riyy\u0259tin g\u00f6zl\u0259ntil\u0259rin\u0259 cavab vermir. BMT-d\u0259 ciddi islahatlar\u0131n apar\u0131lmas\u0131 qa\u00e7\u0131lmazd\u0131r. BMT T\u0259hl\u00fck\u0259sizlik \u015euras\u0131 ke\u00e7mi\u015fin qal\u0131\u011f\u0131d\u0131r v\u0259 haz\u0131rk\u0131 reall\u0131qlar\u0131 \u0259ks etdirmir. Biz T\u0259hl\u00fck\u0259sizlik \u015euras\u0131nda daha \u00e7ox \u00f6lk\u0259nin t\u0259msil olunmas\u0131 v\u0259 co\u011frafi bax\u0131mdan daha \u0259dal\u0259tli olmas\u0131 \u00fc\u00e7\u00fcn onun t\u0259rkibinin geni\u015fl\u0259ndirilm\u0259sinin t\u0259r\u0259fdar\u0131y\u0131q. \u015eadam ki, bu g\u00fcn bu ideya il\u0259 ba\u011fl\u0131 d\u00fcnyada artan konsensus vard\u0131r\u00bb s\u00f6yl\u0259y\u0259n d\u00f6vl\u0259t ba\u015f\u00e7\u0131s\u0131 \u0130lham \u018fliyev bildirir ki, BMT T\u0259hl\u00fck\u0259sizlik \u015euras\u0131nda Qo\u015fulmama H\u0259r\u0259kat\u0131na bir daimi yer verilm\u0259lidir. Qo\u015fulmama H\u0259r\u0259kat\u0131na, \u0130slam \u018fm\u0259kda\u015fl\u0131q T\u0259\u015fkilat\u0131na v\u0259 Afrika \u0130ttifaq\u0131na s\u0259drlik ed\u0259n \u00f6lk\u0259l\u0259r BMT T\u0259hl\u00fck\u0259sizlik \u015euras\u0131nda veto h\u00fcququ il\u0259 rotasiya \u0259sas\u0131nda yer almal\u0131d\u0131rlar. Az\u0259rbaycan neokolonializm meyill\u0259rinin artmas\u0131ndan olduqca narahatd\u0131r. Dekolonizasiya prosesi n\u0259tic\u0259sind\u0259 yaranm\u0131\u015f Qo\u015fulmama H\u0259r\u0259kat\u0131 ke\u00e7mi\u015fin bu utancverici miras\u0131na qar\u015f\u0131 q\u0259tiyy\u0259tl\u0259 m\u00fcbariz\u0259 aparmal\u0131 v\u0259 onun tamamil\u0259 aradan qald\u0131r\u0131lmas\u0131na \u00f6z t\u00f6hf\u0259sini verm\u0259lidir.<\/p>\n<p>T\u0259bii ki, h\u0259r bir m\u0259s\u0259l\u0259nin\u00a0 g\u00fcnd\u0259m\u0259 g\u0259tirilm\u0259sini z\u0259ruri ed\u0259n s\u0259b\u0259bl\u0259r vard\u0131r. Reall\u0131q budur ki,\u00a0BMT T\u0259hl\u00fck\u0259sizlik \u015euras\u0131 bu g\u00fcn s\u0259m\u0259r\u0259li deyil.\u00a0 T\u0259hl\u00fck\u0259sizlik \u015euras\u0131n\u0131n b\u0259zi q\u0259tnam\u0259l\u0259ri bir ne\u00e7\u0259 g\u00fcn\u00fcn i\u00e7ind\u0259 icra olunub. Lakin Az\u0259rbaycana g\u0259ldikd\u0259 is\u0259 Erm\u0259nistan silahl\u0131 q\u00fcvv\u0259l\u0259rinin Az\u0259rbaycan \u0259razisind\u0259n d\u0259rhal v\u0259 qeyd-\u015f\u0259rtsiz \u00e7\u0131xar\u0131lmas\u0131na dair BMT T\u0259hl\u00fck\u0259sizlik \u015euras\u0131n\u0131n d\u00f6rd q\u0259tnam\u0259sin\u0259 30 il\u0259 yax\u0131n bir m\u00fcdd\u0259td\u0259 m\u0259h\u0259l qoyulmam\u0131\u015fd\u0131r. Apar\u0131c\u0131 beyn\u0259lxalq t\u0259\u015fkilatlar\u0131n q\u0259rarlar\u0131 ya icra olunmur, ya da selektiv yana\u015fma v\u0259 ikili standartlar t\u0259tbiq edilir. \u0130ki il \u0259vv\u0259l\u00a0 Az\u0259rbaycan \u0259razi b\u00fct\u00f6vl\u00fcy\u00fcn\u00fc v\u0259 tarixi \u0259dal\u0259ti h\u0259rbi-siyasi yolla b\u0259rpa etdi v\u0259 T\u0259hl\u00fck\u0259sizlik \u015euras\u0131 q\u0259tnam\u0259l\u0259rinin icras\u0131n\u0131 \u00f6z\u00fc t\u0259min etdi.<\/p>\n<p>Bu g\u00fcn b\u00f6y\u00fck \u0259minlikl\u0259 qeyd edirik ki, i\u015f\u011faldan azad edilmi\u015f \u0259razil\u0259rimiz erm\u0259ni v\u0259h\u015filikl\u0259rinin \u015fahidl\u0259ridir. Bu \u0259razil\u0259r tamamil\u0259 da\u011f\u0131d\u0131l\u0131b. Tarixi, dini abid\u0259l\u0259rimiz yerl\u0259-yeksan edilib. Bu g\u00fcn erm\u0259ni vandalizminin g\u00f6st\u0259ricisi olan h\u0259min da\u011f\u0131nt\u0131lar, evl\u0259rin yand\u0131r\u0131lmas\u0131, ya\u015f\u0131ll\u0131qlar\u0131n m\u0259hvi, ekologiyaya vurulan ziyan Erm\u0259nistan\u0131n beyn\u0259lxalq h\u00fcquq \u00e7\u0259r\u00e7iv\u0259sind\u0259 d\u0259ymi\u015f ziyan\u0131 \u00f6d\u0259m\u0259si t\u0259l\u0259bini yerin\u0259 yetirm\u0259y\u0259 m\u0259cbur ed\u0259c\u0259k. He\u00e7 bir cinay\u0259t c\u0259zas\u0131z qalm\u0131r. Az\u0259rbaycan 30 il havadarlar\u0131n\u0131n \u0259lind\u0259 \u0259rk\u00f6y\u00fcn u\u015faq kimi yeyib har\u0131nlayan i\u015f\u011fal\u00e7\u0131 Erm\u0259nistana 44 g\u00fcnl\u00fck \u0130kinci Qaraba\u011f m\u00fcharib\u0259sind\u0259 el\u0259 bir d\u0259rs verdi ki, he\u00e7 zaman unutmayacaq, Art\u0131q bundan sonra i\u015f\u011fal\u00e7\u0131 d\u00f6vl\u0259tin r\u0259hb\u0259rliyi beyn\u0259lxalq h\u00fcququn m\u00f6vcudlu\u011fundan \u00f6z\u00fcn\u00fc x\u0259b\u0259rsiz aparmayacaq. \u00c7ox q\u0131sa zamanda Az\u0259rbaycan\u0131n malik oldu\u011fu iqtisadi v\u0259 maliyy\u0259 imkanlar\u0131 i\u015f\u011faldan azad olunan \u0259razil\u0259rimizin \u0259vv\u0259lki v\u0259ziyy\u0259tin\u0259 qay\u0131tmas\u0131n\u0131 t\u0259min ed\u0259c\u0259k. M\u0259scidl\u0259rin, tarix memarl\u0131q abid\u0259l\u0259rinin da\u011f\u0131d\u0131lmas\u0131, mal-qara saxlan\u0131laraq t\u0259hqir edilm\u0259si erm\u0259ni vandalizminin bariz n\u00fcmun\u0259sidir v\u0259 bu fakt t\u0259kc\u0259 Az\u0259rbaycan\u0131n deyil, \u00fcmumilikd\u0259, d\u00fcnyan\u0131n m\u0259d\u0259ni irsin\u0259 barbar m\u00fcnasib\u0259t kimi beyn\u0259lxalq ictimaiyy\u0259t t\u0259r\u0259find\u0259n k\u0259skin q\u0131nanmal\u0131d\u0131r.<\/p>\n<p>Reall\u0131q budur ki, i\u015f\u011fal d\u00f6vr\u00fcnd\u0259 \u00a0Az\u0259rbaycan\u0131n y\u00fczl\u0259rl\u0259 \u015f\u0259h\u0259r v\u0259 k\u0259ndi Erm\u0259nistan t\u0259r\u0259find\u0259n m\u0259qs\u0259dy\u00f6nl\u00fc \u015f\u0259kild\u0259 da\u011f\u0131d\u0131lm\u0131\u015f, b\u00fct\u00fcn m\u0259d\u0259ni v\u0259 dini abid\u0259l\u0259r talan v\u0259 qar\u0259t edilmi\u015fdir. Az\u0259rbaycan\u0131n i\u015f\u011faldan azad olunmu\u015f \u0259razil\u0259ri klassik urbisid, kultursid v\u0259 ekosid n\u00fcmun\u0259l\u0259ridir. 2020-ci ilin sonundan etibar\u0259n Qo\u015fulmama H\u0259r\u0259kat\u0131na \u00fczv \u00f6lk\u0259l\u0259r d\u0259 daxil olmaqla, bir \u00e7ox \u00f6lk\u0259d\u0259n minl\u0259rl\u0259 xarici diplomat, jurnalist, QHT \u00fczv\u00fc v\u0259 siyas\u0259t\u00e7i i\u015f\u011faldan azad olunmu\u015f \u0259razil\u0259ri ziyar\u0259t ed\u0259r\u0259k Erm\u0259nistan t\u0259r\u0259find\u0259n t\u00f6r\u0259dilmi\u015f v\u0259h\u015filikl\u0259rin \u015fahidi olmu\u015fdur.<\/p>\n<p>Erm\u0259nistan\u0131n i\u015f\u011fal\u0131na g\u00f6r\u0259 Az\u0259rbaycan d\u00fcnyada mina il\u0259 \u0259n \u00e7ox \u00e7irkl\u0259ndirilmi\u015f \u00f6lk\u0259l\u0259r aras\u0131ndad\u0131r. Mina problemi Erm\u0259nistan t\u0259r\u0259find\u0259n Az\u0259rbaycan xalq\u0131n\u0131n fundamental insan h\u00fcquqlar\u0131n\u0131n pozulmas\u0131d\u0131r. 2020-ci ild\u0259 kapitulyasiyadan sonra da Erm\u0259nistan k\u00fclli miqdarda mina istehsal\u0131n\u0131 davam etdirirdi v\u0259 onlar\u0131 La\u00e7\u0131n s\u0259rh\u0259d-g\u00f6mr\u00fck burax\u0131l\u0131\u015f m\u0259nt\u0259q\u0259si yarad\u0131lana q\u0259d\u0259r Az\u0259rbaycan\u0131n Qaraba\u011f b\u00f6lg\u0259sin\u0259 da\u015f\u0131y\u0131rd\u0131. Minalar yenid\u0259nqurma prosesini v\u0259 ke\u00e7mi\u015f m\u0259cburi k\u00f6\u00e7k\u00fcnl\u0259rin azad edilmi\u015f \u0259razil\u0259r\u0259 qay\u0131d\u0131\u015f\u0131n\u0131 l\u0259ngidir. \u00a0Az\u0259rbaycan humanitar minat\u0259mizl\u0259m\u0259 \u00fczr\u0259 x\u00fcsusi milli Dayan\u0131ql\u0131 \u0130nki\u015faf M\u0259qs\u0259di m\u00fc\u0259yy\u0259nl\u0259\u015fdirib. Bundan ba\u015fqa, Az\u0259rbaycan qlobal miqyasda humanitar minat\u0259mizl\u0259m\u0259 s\u0259yl\u0259rini d\u0259st\u0259kl\u0259yir v\u0259 minat\u0259mizl\u0259m\u0259nin 18-ci Dayan\u0131ql\u0131 \u0130nki\u015faf M\u0259qs\u0259di olmas\u0131 t\u0259klifini ir\u0259li s\u00fcrm\u00fc\u015fd\u00fcr.<\/p>\n<p>Qo\u015fulmama H\u0259r\u0259kat\u0131, eyni zamanda, quruma \u00fczv d\u00f6vl\u0259tl\u0259rin h\u0259r biri Az\u0259rbaycan\u0131n \u0259dal\u0259t\u0259 v\u0259 beyn\u0259lxalq h\u00fcquqa s\u00f6yk\u0259n\u0259n m\u00f6vqeyini d\u0259st\u0259kl\u0259yir. \u00d6lk\u0259miz\u0259 artan inam\u0131n v\u0259 etimad\u0131n g\u00f6st\u0259ricisi H\u0259r\u0259kata s\u0259drlik m\u00fcdd\u0259tinin bir il uzad\u0131lmas\u0131 oldu. Az\u0259rbaycan h\u0259qiq\u0259tin yan\u0131ndad\u0131r. Real faktlara, tarixi h\u0259qiq\u0259tl\u0259r\u0259 \u0259saslanan t\u0259bli\u011fat uzun\u00f6m\u00fcrl\u00fc olmaqla yana\u015f\u0131, gec-tez z\u0259f\u0259r \u00e7al\u0131r. Prezident \u0130lham \u018fliyevin Qo\u015fulmama H\u0259r\u0259kat\u0131n\u0131n s\u0259dri kimi vur\u011fulad\u0131\u011f\u0131 m\u0259s\u0259l\u0259l\u0259rd\u0259n biri d\u0259 neokolonializml\u0259 m\u00fcbariz\u0259 m\u0259s\u0259l\u0259sidir. D\u00f6vl\u0259timizin ba\u015f\u00e7\u0131s\u0131 bildirir ki, dekolonizasiya m\u00fchitind\u0259 yaranm\u0131\u015f Qo\u015fulmama H\u0259r\u0259kat\u0131 bu m\u00f6vzuya x\u00fcsusi \u00f6n\u0259m ay\u0131rmal\u0131d\u0131r. Prezident \u0130lham \u018fliyev Fransan\u0131 Afrika, C\u0259nub-\u015e\u0259rqi Asiya v\u0259 dig\u0259r \u0259razil\u0259rd\u0259 Qo\u015fulmama H\u0259r\u0259kat\u0131n\u0131n \u00fczv\u00fc olan \u00f6lk\u0259l\u0259r\u0259 qar\u015f\u0131 m\u00fcst\u0259ml\u0259k\u0259 ke\u00e7mi\u015fin\u0259, qanl\u0131 m\u00fcst\u0259ml\u0259k\u0259 cinay\u0259tl\u0259rin\u0259, el\u0259c\u0259 d\u0259 soyq\u0131r\u0131m\u0131 aktlar\u0131na g\u00f6r\u0259 \u00fczr ist\u0259m\u0259y\u0259 v\u0259 m\u0259suliyy\u0259tini etiraf etm\u0259y\u0259 \u00e7a\u011f\u0131rd\u0131. Bel\u0259likl\u0259, m\u0259hz Az\u0259rbaycan\u0131n s\u0259drliyi d\u00f6vr\u00fcnd\u0259 Qo\u015fulmama H\u0259r\u0259kat\u0131n\u0131n beyn\u0259lxalq al\u0259md\u0259 n\u00fcfuzu daha da y\u00fcks\u0259ldi, onun beyn\u0259lxalq g\u00fcnd\u0259likd\u0259 duran qlobal m\u0259s\u0259l\u0259l\u0259rin h\u0259llind\u0259 rolu daha da artd\u0131. Prezident \u0130lham \u018fliyevin s\u0259drliyi il\u0259 H\u0259r\u0259kat s\u00fcr\u0259tl\u0259 d\u0259yi\u015f\u0259n bug\u00fcnk\u00fc d\u00fcnyada \u00f6z m\u00f6vqeyi v\u0259 yeri olan m\u00f6t\u0259b\u0259r beyn\u0259lxalq t\u0259sisata \u00e7evrilib. Bu g\u00fcn Qo\u015fulmama H\u0259r\u0259kat\u0131 multilateralizm n\u00fcmun\u0259si kimi q\u0259bul edilir. Bu u\u011furlu s\u0259drliyi il\u0259 Az\u0259rbaycan g\u00f6st\u0259rdi ki, b\u00f6y\u00fck \u0259razisi v\u0259 \u0259halisi olmasa da, m\u0259hz g\u00fccl\u00fc Liderin r\u0259hb\u0259rliyi alt\u0131nda qlobal nailiyy\u0259tl\u0259r\u0259 imza ata bil\u0259r.<\/p>\n<p>D\u00f6vl\u0259t ba\u015f\u00e7\u0131s\u0131 \u0130lham \u018fliyev Qo\u015fulmama H\u0259r\u0259kat\u0131n\u0131n \u201cQad\u0131nlar\u0131n h\u00fcquqlar\u0131n\u0131n inki\u015faf etdirilm\u0259si v\u0259 s\u0259lahiyy\u0259tl\u0259rinin art\u0131r\u0131lmas\u0131\u201d m\u00f6vzusunda konfrans\u0131n\u0131n i\u015ftirak\u00e7\u0131lar\u0131na m\u00fcraci\u0259tind\u0259 Az\u0259rbaycan\u0131n Qo\u015fulmama H\u0259r\u0259kat\u0131n\u0131n beyn\u0259lxalq n\u00fcfuzunun daha da m\u00f6hk\u0259ml\u0259ndirilm\u0259sin\u0259 verdiyi t\u00f6hf\u0259l\u0259rd\u0259n geni\u015f b\u0259hs ed\u0259r\u0259k bildirmi\u015fdir ki, s\u0259drliyimiz d\u00f6vr\u00fcnd\u0259 Qo\u015fulmama H\u0259r\u0259kat\u0131n\u0131n t\u0259sisatlanmas\u0131 istiqam\u0259tind\u0259 d\u0259 m\u00fch\u00fcm add\u0131mlar at\u0131lm\u0131\u015fd\u0131. Az\u0259rbaycan\u0131n t\u0259\u015f\u0259bb\u00fcs\u00fc il\u0259 Qo\u015fulmama H\u0259r\u0259kat\u0131n\u0131n Parlament \u015e\u0259b\u0259k\u0259si v\u0259 Qo\u015fulmama H\u0259r\u0259kat\u0131n\u0131n G\u0259ncl\u0259r T\u0259\u015fkilat\u0131 t\u0259sis edilmi\u015fdir. Bu ilin iyul ay\u0131nda H\u0259r\u0259kat\u0131n Bak\u0131da ke\u00e7irilmi\u015f konfrans\u0131 zaman\u0131 Qo\u015fulmama H\u0259r\u0259kat\u0131n\u0131n Qad\u0131nlar Platformas\u0131n\u0131n yarad\u0131lmas\u0131 t\u0259klifi t\u0259r\u0259fimd\u0259n ir\u0259li s\u00fcr\u00fclm\u00fc\u015fd\u00fcr. H\u0259m\u00e7inin Az\u0259rbaycan s\u0259drliyi d\u00f6vr\u00fcnd\u0259 dekolonizasiya g\u00fcnd\u0259liyin\u0259 x\u00fcsusi diqq\u0259t ay\u0131rm\u0131\u015fd\u0131r. Biz b\u0259zi \u00f6lk\u0259l\u0259r, x\u00fcsusil\u0259 d\u0259 Fransan\u0131n y\u00fcr\u00fctd\u00fcy\u00fc neokolonializm siyas\u0259tini qlobal s\u0259viyy\u0259d\u0259 if\u015fa etmi\u015f, bu utancverici praktikaya son qoyulmas\u0131 t\u0259l\u0259bini s\u0259sl\u0259ndirmi\u015fik. \u00abKolonializm qad\u0131nlar\u0131n h\u00fcquqlar\u0131na da m\u0259nfi t\u0259sir g\u00f6st\u0259rmi\u015fdir\u00bb s\u00f6yl\u0259y\u0259n c\u0259nab \u0130lham \u018fliyev onu da \u0259lav\u0259 etmi\u015fdir ki, qad\u0131nlar\u0131n h\u00fcquqlar\u0131n\u0131n m\u00fcdafi\u0259si, c\u0259miyy\u0259td\u0259 rolunun g\u00fccl\u0259ndirilm\u0259si Qo\u015fulmama H\u0259r\u0259kat\u0131n\u0131n g\u00fcnd\u0259liyind\u0259 \u00f6n\u0259mli yer tutur. H\u0259r\u0259kat t\u0259r\u0259find\u0259n ard\u0131c\u0131l olaraq q\u0259bul edilmi\u015f s\u0259n\u0259dl\u0259rd\u0259, o c\u00fcml\u0259d\u0259n 2019-cu il Bak\u0131 Zirv\u0259 toplant\u0131s\u0131n\u0131n yekun s\u0259n\u0259dind\u0259 bu m\u00f6vzuya x\u00fcsusi diqq\u0259t yetirilmi\u015f v\u0259 bu sah\u0259d\u0259 \u00fczv d\u00f6vl\u0259tl\u0259rin \u00f6hd\u0259likl\u0259ri m\u00fc\u0259yy\u0259n edilmi\u015fdir. Qo\u015fulmama H\u0259r\u0259kat\u0131 qad\u0131nlar\u0131n h\u00fcquqlar\u0131n\u0131n m\u00fcdafi\u0259si sah\u0259sind\u0259 vacib rol oynamaq imkan\u0131na malikdir. Qo\u015fulmama H\u0259r\u0259kat\u0131n\u0131n Qad\u0131nlar Platformas\u0131n\u0131n t\u0259sis edilm\u0259si bu istiqam\u0259td\u0259 f\u0259aliyy\u0259t\u0259 m\u00fcsb\u0259t t\u0259kan ver\u0259c\u0259k. D\u00f6vl\u0259t ba\u015f\u00e7\u0131s\u0131 \u0130lham \u018fliyev bel\u0259 bir \u0259minliyi ifad\u0259 etmi\u015fdir ki, konfrans qad\u0131nlar\u0131n h\u00fcquqlar\u0131n\u0131n inki\u015faf etdirilm\u0259si v\u0259 s\u0259lahiyy\u0259tl\u0259rinin art\u0131r\u0131lmas\u0131 il\u0259 ba\u011fl\u0131 s\u0259m\u0259r\u0259li fikir m\u00fcbadil\u0259sinin apar\u0131lmas\u0131 \u00fc\u00e7\u00fcn \u0259h\u0259miyy\u0259tli platforma rolunu oynayacaq v\u0259 bu sah\u0259d\u0259 birg\u0259 f\u0259aliyy\u0259tin apar\u0131lmas\u0131 \u00fc\u00e7\u00fcn Qo\u015fulmama H\u0259r\u0259kat\u0131n\u0131n tarixind\u0259 yeni bir d\u00f6vr\u00fcn ba\u015flan\u011f\u0131c\u0131n\u0131n \u0259sas\u0131n\u0131 qoyacaq.<\/p>\n<p>M\u00fcxt\u0259lif qit\u0259l\u0259ri t\u0259msil ed\u0259n 18 \u00f6lk\u0259d\u0259n 40-dan art\u0131q t\u0259msil\u00e7inin n\u00f6vb\u0259ti d\u0259f\u0259 Bak\u0131da topla\u015faraq, XXI \u0259srd\u0259 h\u0259l\u0259 d\u0259 davam ed\u0259n kolonializm siyas\u0259tini pisl\u0259m\u0259si, m\u00fcst\u0259ml\u0259k\u0259 alt\u0131nda saxlan\u0131lan \u0259razil\u0259rd\u0259 qad\u0131nlar\u0131n v\u0259ziyy\u0259tin\u0259 dair ger\u00e7\u0259klikl\u0259ri d\u00fcnya ictimaiyy\u0259tin\u0259 \u00e7atd\u0131rmas\u0131, m\u00fcst\u0259ml\u0259k\u0259\u00e7iliyin aradan qald\u0131r\u0131lmas\u0131 istiqam\u0259tind\u0259 sistemli v\u0259 ard\u0131c\u0131l i\u015f aparmas\u0131 v\u0259 t\u0259\u015fkilatlanmas\u0131 sevindirici hald\u0131r.<\/p>\n","protected":false},"excerpt":{"rendered":"<p>D\u00f6vl\u0259t ba\u015f\u00e7\u0131s\u0131 \u0130lham \u018fliyev Bak\u0131da ke\u00e7iril\u0259n \u201cDekolonizasiya: Qad\u0131nlar\u0131n g\u00fccl\u0259ndirilm\u0259si v\u0259 inki\u015faf\u201d m\u00f6vzusunda beyn\u0259lxalq konfrans\u0131n i\u015ftirak\u00e7\u0131lar\u0131na m\u00fcraci\u0259tind\u0259 bir daha bildirdi ki, Az\u0259rbaycan Qo\u015fulmama H\u0259r\u0259kat\u0131n\u0131n s\u0259dri kimi kolonializm\u0259 qar\u015f\u0131 m\u00fcbariz\u0259 aparan v\u0259 azad olma\u011fa \u00e7al\u0131\u015fan xalqlar\u0131 d\u0259st\u0259kl\u0259yir B\u00fct\u00fcn d\u00f6vl\u0259tl\u0259rl\u0259 ikit\u0259r\u0259fli v\u0259 beyn\u0259lxalq t\u0259\u015fkilatlar \u00e7\u0259r\u00e7iv\u0259sind\u0259 \u0259laq\u0259l\u0259rin qurulmas\u0131 Az\u0259rbaycan\u0131n xarici siyas\u0259tinin \u0259sas t\u0259rkib hiss\u0259l\u0259ridir. \u00d6lk\u0259mizin bu istiqam\u0259td\u0259 qazand\u0131\u011f\u0131 u\u011furlar g\u00f6z \u00f6n\u00fcnd\u0259dir. Buna \u0259min olmaq \u00fc\u00e7\u00fcn t\u0259kc\u0259 son ill\u0259rin xarici siyas\u0259t u\u011furlar\u0131m\u0131za diqq\u0259t yetirm\u0259k kifay\u0259tdir. Bir m\u00fch\u00fcm m\u0259qam\u0131 da daim b\u00f6y\u00fck q\u00fcrur hissi il\u0259 qeyd edirik ki, ist\u0259r Az\u0259rbaycan\u0131n ev sahibliyi etdiyi, ist\u0259rs\u0259 d\u0259 \u00f6lk\u0259mizin&hellip;<\/p>\n","protected":false},"author":2,"featured_media":659782,"comment_status":"closed","ping_status":"closed","sticky":false,"template":"","format":"standard","meta":{"om_disable_all_campaigns":false,"_monsterinsights_skip_tracking":false,"_monsterinsights_sitenote_active":false,"_monsterinsights_sitenote_note":"","_monsterinsights_sitenote_category":0},"categories":[1],"tags":[],"aioseo_notices":[],"gutentor_comment":0,"rttpg_featured_image_url":{"full":["https:\/\/arantv.az\/wp-content\/uploads\/2023\/11\/77305c2f17005798467179443411058820.jpg",975,540,false],"landscape":["https:\/\/arantv.az\/wp-content\/uploads\/2023\/11\/77305c2f17005798467179443411058820.jpg",975,540,false],"portraits":["https:\/\/arantv.az\/wp-content\/uploads\/2023\/11\/77305c2f17005798467179443411058820.jpg",975,540,false],"thumbnail":["https:\/\/arantv.az\/wp-content\/uploads\/2023\/11\/77305c2f17005798467179443411058820-500x280.jpg",500,280,true],"medium":["https:\/\/arantv.az\/wp-content\/uploads\/2023\/11\/77305c2f17005798467179443411058820-660x365.jpg",660,365,true],"large":["https:\/\/arantv.az\/wp-content\/uploads\/2023\/11\/77305c2f17005798467179443411058820-840x465.jpg",640,354,true],"1536x1536":["https:\/\/arantv.az\/wp-content\/uploads\/2023\/11\/77305c2f17005798467179443411058820.jpg",975,540,false],"2048x2048":["https:\/\/arantv.az\/wp-content\/uploads\/2023\/11\/77305c2f17005798467179443411058820.jpg",975,540,false],"post-thumbnail":["https:\/\/arantv.az\/wp-content\/uploads\/2023\/11\/77305c2f17005798467179443411058820-240x172.jpg",240,172,true],"advps-thumb-one":["https:\/\/arantv.az\/wp-content\/uploads\/2023\/11\/77305c2f17005798467179443411058820.jpg",975,540,false]},"rttpg_author":{"display_name":"V\u00fcsal Rafiqo\u011flu","author_link":"https:\/\/arantv.az\/?author=2"},"rttpg_comment":0,"rttpg_category":"<a href=\"https:\/\/arantv.az\/?cat=1\" rel=\"category\">C\u0259miyy\u0259t<\/a>","rttpg_excerpt":"D\u00f6vl\u0259t ba\u015f\u00e7\u0131s\u0131 \u0130lham \u018fliyev Bak\u0131da ke\u00e7iril\u0259n \u201cDekolonizasiya: Qad\u0131nlar\u0131n g\u00fccl\u0259ndirilm\u0259si v\u0259 inki\u015faf\u201d m\u00f6vzusunda beyn\u0259lxalq konfrans\u0131n i\u015ftirak\u00e7\u0131lar\u0131na m\u00fcraci\u0259tind\u0259 bir daha bildirdi ki, Az\u0259rbaycan Qo\u015fulmama H\u0259r\u0259kat\u0131n\u0131n s\u0259dri kimi kolonializm\u0259 qar\u015f\u0131 m\u00fcbariz\u0259 aparan v\u0259 azad olma\u011fa \u00e7al\u0131\u015fan xalqlar\u0131 d\u0259st\u0259kl\u0259yir B\u00fct\u00fcn d\u00f6vl\u0259tl\u0259rl\u0259 ikit\u0259r\u0259fli v\u0259 beyn\u0259lxalq t\u0259\u015fkilatlar \u00e7\u0259r\u00e7iv\u0259sind\u0259 \u0259laq\u0259l\u0259rin qurulmas\u0131 Az\u0259rbaycan\u0131n xarici siyas\u0259tinin \u0259sas t\u0259rkib hiss\u0259l\u0259ridir. \u00d6lk\u0259mizin bu istiqam\u0259td\u0259 qazand\u0131\u011f\u0131 u\u011furlar&hellip;","_links":{"self":[{"href":"https:\/\/arantv.az\/index.php?rest_route=\/wp\/v2\/posts\/659779"}],"collection":[{"href":"https:\/\/arantv.az\/index.php?rest_route=\/wp\/v2\/posts"}],"about":[{"href":"https:\/\/arantv.az\/index.php?rest_route=\/wp\/v2\/types\/post"}],"author":[{"embeddable":true,"href":"https:\/\/arantv.az\/index.php?rest_route=\/wp\/v2\/users\/2"}],"replies":[{"embeddable":true,"href":"https:\/\/arantv.az\/index.php?rest_route=%2Fwp%2Fv2%2Fcomments&post=659779"}],"version-history":[{"count":0,"href":"https:\/\/arantv.az\/index.php?rest_route=\/wp\/v2\/posts\/659779\/revisions"}],"wp:featuredmedia":[{"embeddable":true,"href":"https:\/\/arantv.az\/index.php?rest_route=\/wp\/v2\/media\/659782"}],"wp:attachment":[{"href":"https:\/\/arantv.az\/index.php?rest_route=%2Fwp%2Fv2%2Fmedia&parent=659779"}],"wp:term":[{"taxonomy":"category","embeddable":true,"href":"https:\/\/arantv.az\/index.php?rest_route=%2Fwp%2Fv2%2Fcategories&post=659779"},{"taxonomy":"post_tag","embeddable":true,"href":"https:\/\/arantv.az\/index.php?rest_route=%2Fwp%2Fv2%2Ftags&post=659779"}],"curies":[{"name":"wp","href":"https:\/\/api.w.org\/{rel}","templated":true}]}}