{"id":659785,"date":"2023-11-22T09:49:50","date_gmt":"2023-11-22T05:49:50","guid":{"rendered":"https:\/\/arantv.az\/?p=659785"},"modified":"2023-11-22T09:49:50","modified_gmt":"2023-11-22T05:49:50","slug":"ist%c9%99m%c9%99d%c9%99n-etiraf","status":"publish","type":"post","link":"https:\/\/arantv.az\/?p=659785","title":{"rendered":"\u0130st\u0259m\u0259d\u0259n etiraf&#8230;"},"content":{"rendered":"<p><u><strong>K\u00fcnc z\u0259rb\u0259si<\/strong><\/u><\/p>\n<p><em><strong>Erm\u0259nip\u0259r\u0259st Q\u0259rbi m\u00fcdafi\u0259 etm\u0259k ist\u0259y\u0259n Fuad Q\u0259hr\u0259manl\u0131 \u201cqa\u015f d\u00fcz\u0259ltdiyi\u201d yerd\u0259 nec\u0259 \u201cvurub g\u00f6z \u00e7\u0131xar\u0131r\u201d?<\/strong><\/em><\/p>\n<p>Q\u0259rbin C\u0259nubi Qafqazda v\u0259ziyy\u0259ti g\u0259rginl\u0259\u015fdirm\u0259k, Erm\u0259nistan\u0131 silahland\u0131rmaq v\u0259 a\u00e7\u0131q \u015f\u0259kild\u0259 m\u00fcdafi\u0259 etm\u0259k c\u0259hdl\u0259rin\u0259 Az\u0259rbaycan\u0131n radikal m\u00fcxalif\u0259tinin haqq qazand\u0131rmas\u0131 yeni bir \u015fey olmad\u0131\u011f\u0131 \u00fc\u00e7\u00fcn t\u0259\u0259cc\u00fcb do\u011furmur. \u00c7\u00fcnki \u00f6lk\u0259miz\u0259 qar\u015f\u0131 t\u0259zyiql\u0259rin artmas\u0131, m\u0259krli planlar\u0131n praktik add\u0131mlarla \u0259v\u0259zl\u0259nm\u0259si il\u0259 t\u0259xmin\u0259n eyni vaxtdan ba\u015flayaraq ba\u015fda AXCP s\u0259dri \u018fli K\u0259rimli olmaqla b\u00fct\u00fcn komandas\u0131 Q\u0259rbin ruporuna \u00e7evrilib. M\u0259qs\u0259d b\u0259lli oldu\u011fu kimi, sifari\u015fin d\u0259 haradan g\u0259ldiyi m\u0259lumdur. Ancaq AB\u015e v\u0259 Avropan\u0131n b\u00f6y\u00fck oyunlar\u0131n\u0131n ki\u00e7ik oyuncaqlar\u0131 \u00f6z missiyalar\u0131n\u0131 layiqinc\u0259 yerin\u0259 yetirm\u0259k namin\u0259 h\u0259rd\u0259n el\u0259 ifrata var\u0131rlar ki, ist\u0259m\u0259d\u0259n d\u0259 olsa siyasi s\u0259hvl\u0259r\u0259 yol verir, \u00f6z himay\u0259darlar\u0131n\u0131 if\u015fa etmi\u015f olurlar. AXCP s\u0259drinin m\u00fcavini Fuad Q\u0259hr\u0259manl\u0131 kimi&#8230;<\/p>\n<p>Q\u0259hr\u0259manl\u0131 yaz\u0131r ki, bir g\u00fcnl\u00fck antiterror t\u0259dbirl\u0259rind\u0259n d\u0259rhal sonra Q\u0259rb t\u0259r\u0259find\u0259n Az\u0259rbaycan v\u0259 Erm\u0259nistan aras\u0131nda dan\u0131\u015f\u0131qlar\u0131 davam etdirm\u0259k v\u0259 s\u00fclh m\u00fcqavil\u0259si ba\u011flamaq t\u0259klif olunub. Ancaq Az\u0259rbaycan\u0131n ilk vaxtlar bu dan\u0131\u015f\u0131qlara qat\u0131lmaqdan imtinas\u0131ndan sonra ilkin x\u0259b\u0259rdarl\u0131q s\u0259n\u0259di kimi Avropa Parlamentinin m\u0259lum haqs\u0131z q\u0259tnam\u0259si q\u0259bul edilib. Y\u0259ni, AXCP s\u0259drinin m\u00fcavini etiraf edir ki, Q\u0259rb m\u00fcst\u0259qil siyas\u0259t y\u00fcr\u00fctd\u00fcy\u00fc \u00fc\u00e7\u00fcn \u0259vv\u0259lc\u0259 Az\u0259rbaycana t\u0259zyiq g\u00f6st\u0259rm\u0259y\u0259 \u00e7al\u0131\u015f\u0131r. Bu t\u0259zyiq i\u015f\u0259 yaramad\u0131qda is\u0259 \u0259dal\u0259tsiz q\u0259rarlar q\u0259bul edir.<\/p>\n<p>Yax\u015f\u0131, ax\u0131, el\u0259 Q\u0259hr\u0259manl\u0131 da daxil olmaqla radikal m\u00fcxalif\u0259tin b\u00fct\u00fcn n\u00fcmay\u0259nd\u0259l\u0259ri \u201csalam\u201ddan qabaq Q\u0259rb \u201cdemokratiyas\u0131ndan\u201d, \u201cinsan haqlar\u0131ndan\u201d d\u0259m vururdular. Ax\u0131, h\u0259min Q\u0259rb Az\u0259rbaycana n\u0259yis\u0259 dikt\u0259 etm\u0259k haqq\u0131n\u0131 haradan, kimd\u0259n al\u0131b? C\u0259nubi Qafqazda s\u00fclh, stabillik Q\u0259rbi bu q\u0259d\u0259r maraqland\u0131r\u0131rd\u0131sa niy\u0259 otuz il \u0259rzind\u0259 Erm\u0259nistana t\u0259zyiq g\u00f6st\u0259rmirdil\u0259r ki, i\u015f\u011fal etdiyin Az\u0259rbaycan torpaqlar\u0131n\u0131 azad et, s\u00fclh m\u00fcqavil\u0259si ba\u011fla?<\/p>\n<p>Fuad Q\u0259hr\u0259manl\u0131n\u0131n ist\u0259m\u0259d\u0259n g\u00f6st\u0259rdiyi bu h\u0259qiq\u0259t biz\u0259 \u00e7oxdan b\u0259llidir, AB\u015e-\u0131n v\u0259 \u00f6kean\u0131n o tay\u0131ndan idar\u0259 edil\u0259n \u0259ks\u0259r Avropa \u00f6lk\u0259l\u0259rinin \u201c\u0259dal\u0259t\u201d anlay\u0131\u015f\u0131ndan yax\u015f\u0131 m\u0259lumat\u0131m\u0131z var. O da m\u0259lumdur ki, Az\u0259rbaycan\u0131n d\u00f6vl\u0259t m\u00fcst\u0259qilliyini \u0259ld\u0259 etdiyi g\u00fcnd\u0259n indiy\u0259 q\u0259d\u0259r \u00fczl\u0259\u015fdiyi \u0259ks\u0259r siyasi probleml\u0259rin, h\u0259tta h\u0259rbi t\u0259cav\u00fcz\u00fcn k\u00f6kl\u0259rind\u0259n biri v\u0259 ya bir ne\u00e7\u0259si Q\u0259rb\u0259 ba\u011fl\u0131 olub. Onlar \u00fc\u00e7\u00fcn \u201c\u0259dal\u0259t\u201d, \u201cdemokratiya\u201d, insan haqlar\u0131\u201d sad\u0259c\u0259 \u00f6z maraqlar\u0131n\u0131 t\u0259min etm\u0259k \u00fc\u00e7\u00fcn t\u0259sir v\u0259 t\u0259zyiq vasit\u0259sidir.<\/p>\n<p>AXCP s\u0259drinin m\u00fcavini yaz\u0131r ki, Q\u0259rb Rusiyan\u0131 C\u0259nubi Qafqazdan \u00e7\u0131xarmaq \u00fc\u00e7\u00fcn Qaraba\u011f m\u0259s\u0259l\u0259sinin h\u0259llind\u0259n sonra Az\u0259rbaycanla Erm\u0259nistan aras\u0131nda\u00a0 dan\u0131\u015f\u0131qlar\u0131n davam etm\u0259sin\u0259 v\u0259 tezlikl\u0259 s\u00fclh m\u00fcqavil\u0259sinin imzalanmas\u0131na \u00e7al\u0131\u015fd\u0131\u011f\u0131 bir vaxtda Bak\u0131 a\u00e7\u0131q-a\u015fkar bu ist\u0259y\u0259 qar\u015f\u0131 \u00e7\u0131xma\u011fa ba\u015flad\u0131. Burada bir iftira v\u0259 yen\u0259 bir Q\u0259rbi if\u015fa ed\u0259n m\u0259qam var. \u018fvv\u0259la, Az\u0259rbaycan h\u0259mi\u015f\u0259 s\u00fclh\u00fcn t\u0259r\u0259fdar\u0131 qismind\u0259 \u00e7\u0131x\u0131\u015f edib v\u0259 Erm\u0259nistandan f\u0259rqli olaraq s\u00fclh \u00e7a\u011f\u0131r\u0131\u015flar\u0131na daha konstruktiv yana\u015fma n\u00fcmayi\u015f etdirib. Bu g\u00fcn regionda ba\u015f ver\u0259n prosesl\u0259r s\u00fclh dan\u0131\u015f\u0131qlar\u0131ndak\u0131 problemin ba\u015fda erm\u0259nip\u0259r\u0259st Fransa olmaqla Q\u0259rbd\u0259n qaynaqland\u0131\u011f\u0131n\u0131 g\u00f6st\u0259rir. Biz uzun ill\u0259r boyu i\u015f\u011faldan \u0259ziyy\u0259t \u00e7\u0259kmi\u015f t\u0259r\u0259f olaraq, t\u0259bii ki, s\u00fclh ist\u0259yirik. Ancaq m\u00fctl\u0259q v\u0259 m\u00fctl\u0259q bu s\u00fclh \u0259dal\u0259tli olmal\u0131d\u0131r, Erm\u0259nistan\u0131n maraqlar\u0131na cavab ver\u0259n yox.<\/p>\n<p>\u0130kincisi, Q\u0259hr\u0259manl\u0131 Q\u0259rbin Az\u0259rbaycandan Rusiya il\u0259 qar\u015f\u0131durmas\u0131nda t\u0259r\u0259f kimi istifad\u0259 etm\u0259y\u0259 \u00e7al\u0131\u015fd\u0131\u011f\u0131n\u0131 etiraf edir. Halbuki, Az\u0259rbaycan m\u0259hz Erm\u0259nistandan f\u0259rqli olaraq g\u00fcc m\u0259rk\u0259zl\u0259rinin maraqlar\u0131n\u0131n toqqu\u015fdu\u011fu poliqona \u00e7evrilm\u0259m\u0259k namin\u0259 m\u00fcst\u0259qil siyasi kurs y\u00fcr\u00fctm\u0259kd\u0259dir.<\/p>\n<p>G\u00f6r\u00fcn, Q\u0259rb n\u0259 g\u00fcnd\u0259dirs\u0259 onu \u201cqa\u015f d\u00fcz\u0259ltm\u0259k ist\u0259diyi yerd\u0259 vurub g\u00f6z \u00e7\u0131xaran\u201d fuad q\u0259hr\u0259manl\u0131lar m\u00fcdafi\u0259 edir. Nec\u0259 dey\u0259rl\u0259r, axsaq at\u0131n kor nalb\u0259ndi&#8230;<\/p>\n","protected":false},"excerpt":{"rendered":"<p>K\u00fcnc z\u0259rb\u0259si Erm\u0259nip\u0259r\u0259st Q\u0259rbi m\u00fcdafi\u0259 etm\u0259k ist\u0259y\u0259n Fuad Q\u0259hr\u0259manl\u0131 \u201cqa\u015f d\u00fcz\u0259ltdiyi\u201d yerd\u0259 nec\u0259 \u201cvurub g\u00f6z \u00e7\u0131xar\u0131r\u201d? Q\u0259rbin C\u0259nubi Qafqazda v\u0259ziyy\u0259ti g\u0259rginl\u0259\u015fdirm\u0259k, Erm\u0259nistan\u0131 silahland\u0131rmaq v\u0259 a\u00e7\u0131q \u015f\u0259kild\u0259 m\u00fcdafi\u0259 etm\u0259k c\u0259hdl\u0259rin\u0259 Az\u0259rbaycan\u0131n radikal m\u00fcxalif\u0259tinin haqq qazand\u0131rmas\u0131 yeni bir \u015fey olmad\u0131\u011f\u0131 \u00fc\u00e7\u00fcn t\u0259\u0259cc\u00fcb do\u011furmur. \u00c7\u00fcnki \u00f6lk\u0259miz\u0259 qar\u015f\u0131 t\u0259zyiql\u0259rin artmas\u0131, m\u0259krli planlar\u0131n praktik add\u0131mlarla \u0259v\u0259zl\u0259nm\u0259si il\u0259 t\u0259xmin\u0259n eyni vaxtdan ba\u015flayaraq ba\u015fda AXCP s\u0259dri \u018fli K\u0259rimli olmaqla b\u00fct\u00fcn komandas\u0131 Q\u0259rbin ruporuna \u00e7evrilib. M\u0259qs\u0259d b\u0259lli oldu\u011fu kimi, sifari\u015fin d\u0259 haradan g\u0259ldiyi m\u0259lumdur. Ancaq AB\u015e v\u0259 Avropan\u0131n b\u00f6y\u00fck oyunlar\u0131n\u0131n ki\u00e7ik oyuncaqlar\u0131 \u00f6z missiyalar\u0131n\u0131 layiqinc\u0259 yerin\u0259 yetirm\u0259k namin\u0259&hellip;<\/p>\n","protected":false},"author":2,"featured_media":659787,"comment_status":"closed","ping_status":"closed","sticky":false,"template":"","format":"standard","meta":{"om_disable_all_campaigns":false,"_monsterinsights_skip_tracking":false,"_monsterinsights_sitenote_active":false,"_monsterinsights_sitenote_note":"","_monsterinsights_sitenote_category":0},"categories":[1],"tags":[],"aioseo_notices":[],"gutentor_comment":0,"rttpg_featured_image_url":{"full":["https:\/\/arantv.az\/wp-content\/uploads\/2023\/11\/c91e3483169176280259794575510779547.jpg",975,540,false],"landscape":["https:\/\/arantv.az\/wp-content\/uploads\/2023\/11\/c91e3483169176280259794575510779547.jpg",975,540,false],"portraits":["https:\/\/arantv.az\/wp-content\/uploads\/2023\/11\/c91e3483169176280259794575510779547.jpg",975,540,false],"thumbnail":["https:\/\/arantv.az\/wp-content\/uploads\/2023\/11\/c91e3483169176280259794575510779547-500x280.jpg",500,280,true],"medium":["https:\/\/arantv.az\/wp-content\/uploads\/2023\/11\/c91e3483169176280259794575510779547-660x365.jpg",660,365,true],"large":["https:\/\/arantv.az\/wp-content\/uploads\/2023\/11\/c91e3483169176280259794575510779547-840x465.jpg",640,354,true],"1536x1536":["https:\/\/arantv.az\/wp-content\/uploads\/2023\/11\/c91e3483169176280259794575510779547.jpg",975,540,false],"2048x2048":["https:\/\/arantv.az\/wp-content\/uploads\/2023\/11\/c91e3483169176280259794575510779547.jpg",975,540,false],"post-thumbnail":["https:\/\/arantv.az\/wp-content\/uploads\/2023\/11\/c91e3483169176280259794575510779547-240x172.jpg",240,172,true],"advps-thumb-one":["https:\/\/arantv.az\/wp-content\/uploads\/2023\/11\/c91e3483169176280259794575510779547.jpg",975,540,false]},"rttpg_author":{"display_name":"V\u00fcsal Rafiqo\u011flu","author_link":"https:\/\/arantv.az\/?author=2"},"rttpg_comment":0,"rttpg_category":"<a href=\"https:\/\/arantv.az\/?cat=1\" rel=\"category\">C\u0259miyy\u0259t<\/a>","rttpg_excerpt":"K\u00fcnc z\u0259rb\u0259si Erm\u0259nip\u0259r\u0259st Q\u0259rbi m\u00fcdafi\u0259 etm\u0259k ist\u0259y\u0259n Fuad Q\u0259hr\u0259manl\u0131 \u201cqa\u015f d\u00fcz\u0259ltdiyi\u201d yerd\u0259 nec\u0259 \u201cvurub g\u00f6z \u00e7\u0131xar\u0131r\u201d? Q\u0259rbin C\u0259nubi Qafqazda v\u0259ziyy\u0259ti g\u0259rginl\u0259\u015fdirm\u0259k, Erm\u0259nistan\u0131 silahland\u0131rmaq v\u0259 a\u00e7\u0131q \u015f\u0259kild\u0259 m\u00fcdafi\u0259 etm\u0259k c\u0259hdl\u0259rin\u0259 Az\u0259rbaycan\u0131n radikal m\u00fcxalif\u0259tinin haqq qazand\u0131rmas\u0131 yeni bir \u015fey olmad\u0131\u011f\u0131 \u00fc\u00e7\u00fcn t\u0259\u0259cc\u00fcb do\u011furmur. \u00c7\u00fcnki \u00f6lk\u0259miz\u0259 qar\u015f\u0131 t\u0259zyiql\u0259rin artmas\u0131, m\u0259krli planlar\u0131n praktik add\u0131mlarla \u0259v\u0259zl\u0259nm\u0259si il\u0259 t\u0259xmin\u0259n eyni vaxtdan&hellip;","_links":{"self":[{"href":"https:\/\/arantv.az\/index.php?rest_route=\/wp\/v2\/posts\/659785"}],"collection":[{"href":"https:\/\/arantv.az\/index.php?rest_route=\/wp\/v2\/posts"}],"about":[{"href":"https:\/\/arantv.az\/index.php?rest_route=\/wp\/v2\/types\/post"}],"author":[{"embeddable":true,"href":"https:\/\/arantv.az\/index.php?rest_route=\/wp\/v2\/users\/2"}],"replies":[{"embeddable":true,"href":"https:\/\/arantv.az\/index.php?rest_route=%2Fwp%2Fv2%2Fcomments&post=659785"}],"version-history":[{"count":0,"href":"https:\/\/arantv.az\/index.php?rest_route=\/wp\/v2\/posts\/659785\/revisions"}],"wp:featuredmedia":[{"embeddable":true,"href":"https:\/\/arantv.az\/index.php?rest_route=\/wp\/v2\/media\/659787"}],"wp:attachment":[{"href":"https:\/\/arantv.az\/index.php?rest_route=%2Fwp%2Fv2%2Fmedia&parent=659785"}],"wp:term":[{"taxonomy":"category","embeddable":true,"href":"https:\/\/arantv.az\/index.php?rest_route=%2Fwp%2Fv2%2Fcategories&post=659785"},{"taxonomy":"post_tag","embeddable":true,"href":"https:\/\/arantv.az\/index.php?rest_route=%2Fwp%2Fv2%2Ftags&post=659785"}],"curies":[{"name":"wp","href":"https:\/\/api.w.org\/{rel}","templated":true}]}}