{"id":659795,"date":"2023-11-22T10:13:51","date_gmt":"2023-11-22T06:13:51","guid":{"rendered":"https:\/\/arantv.az\/?p=659795"},"modified":"2023-11-22T10:13:51","modified_gmt":"2023-11-22T06:13:51","slug":"pakistan-brics-%c9%99-uzvluk-ucun-muraci%c9%99t-etdi","status":"publish","type":"post","link":"https:\/\/arantv.az\/?p=659795","title":{"rendered":"Pakistan BRICS-\u0259 \u00fczvl\u00fck \u00fc\u00e7\u00fcn m\u00fcraci\u0259t etdi"},"content":{"rendered":"<p>\u0130slamabad 2024-c\u00fc ild\u0259 BRICS-\u0259 qo\u015fulmaq \u00fc\u00e7\u00fcn m\u00fcraci\u0259t edib.<\/p>\n<p>Bu bar\u0259d\u0259 Pakistan\u0131n Rusiyadak\u0131 yeni s\u0259firi M\u0259h\u0259mm\u0259d Xalid Camali b\u0259yan edib.<\/p>\n<p>\u201cBiz art\u0131q \u0259riz\u0259 t\u0259qdim etmi\u015fik. Pakistan\u0131n \u00fczvl\u00fcy\u00fcn\u00fc d\u0259st\u0259kl\u0259m\u0259k \u00fc\u00e7\u00fcn \u00fczv \u00f6lk\u0259l\u0259rl\u0259 \u0259laq\u0259 saxlay\u0131r\u0131q v\u0259 Rusiyan\u0131n k\u00f6m\u0259yin\u0259 \u00fcmid edirik\u201d, &#8211; dey\u0259 diplomatik missiyan\u0131n r\u0259hb\u0259ri bildirib.<\/p>\n<p>Qeyd ed\u0259k ki, d\u00f6vl\u0259tl\u0259raras\u0131 assosiasiya BRICS be\u015f d\u00f6vl\u0259tin (Braziliya, Rusiya, Hindistan, \u00c7in, C\u0259nubi Afrikan\u0131n) birliyidir. 2024-c\u00fc il yanvar\u0131n 1-d\u0259n Argentina, Misir, \u0130ran, B\u018f\u018f, S\u0259udiyy\u0259 \u018fr\u0259bistan\u0131 v\u0259 Efiopiya da t\u0259\u015fkilata \u00fczvl\u00fcy\u0259 d\u0259v\u0259t olunub.<\/p>\n<p>M\u0259nb\u0259: TASS<\/p>\n","protected":false},"excerpt":{"rendered":"<p>\u0130slamabad 2024-c\u00fc ild\u0259 BRICS-\u0259 qo\u015fulmaq \u00fc\u00e7\u00fcn m\u00fcraci\u0259t edib. Bu bar\u0259d\u0259 Pakistan\u0131n Rusiyadak\u0131 yeni s\u0259firi M\u0259h\u0259mm\u0259d Xalid Camali b\u0259yan edib. \u201cBiz art\u0131q \u0259riz\u0259 t\u0259qdim etmi\u015fik. Pakistan\u0131n \u00fczvl\u00fcy\u00fcn\u00fc d\u0259st\u0259kl\u0259m\u0259k \u00fc\u00e7\u00fcn \u00fczv \u00f6lk\u0259l\u0259rl\u0259 \u0259laq\u0259 saxlay\u0131r\u0131q v\u0259 Rusiyan\u0131n k\u00f6m\u0259yin\u0259 \u00fcmid edirik\u201d, &#8211; dey\u0259 diplomatik missiyan\u0131n r\u0259hb\u0259ri bildirib. Qeyd ed\u0259k ki, d\u00f6vl\u0259tl\u0259raras\u0131 assosiasiya BRICS be\u015f d\u00f6vl\u0259tin (Braziliya, Rusiya, Hindistan, \u00c7in, C\u0259nubi Afrikan\u0131n) birliyidir. 2024-c\u00fc il yanvar\u0131n 1-d\u0259n Argentina, Misir, \u0130ran, B\u018f\u018f, S\u0259udiyy\u0259 \u018fr\u0259bistan\u0131 v\u0259 Efiopiya da t\u0259\u015fkilata \u00fczvl\u00fcy\u0259 d\u0259v\u0259t olunub. M\u0259nb\u0259: TASS<\/p>\n","protected":false},"author":2,"featured_media":659796,"comment_status":"closed","ping_status":"closed","sticky":false,"template":"","format":"standard","meta":{"om_disable_all_campaigns":false,"_monsterinsights_skip_tracking":false,"_monsterinsights_sitenote_active":false,"_monsterinsights_sitenote_note":"","_monsterinsights_sitenote_category":0},"categories":[7],"tags":[],"aioseo_notices":[],"gutentor_comment":0,"rttpg_featured_image_url":{"full":["https:\/\/arantv.az\/wp-content\/uploads\/2023\/11\/FotoJet-2023-11-22T023629.243.jpg",620,413,false],"landscape":["https:\/\/arantv.az\/wp-content\/uploads\/2023\/11\/FotoJet-2023-11-22T023629.243.jpg",620,413,false],"portraits":["https:\/\/arantv.az\/wp-content\/uploads\/2023\/11\/FotoJet-2023-11-22T023629.243.jpg",620,413,false],"thumbnail":["https:\/\/arantv.az\/wp-content\/uploads\/2023\/11\/FotoJet-2023-11-22T023629.243-500x280.jpg",500,280,true],"medium":["https:\/\/arantv.az\/wp-content\/uploads\/2023\/11\/FotoJet-2023-11-22T023629.243-548x365.jpg",548,365,true],"large":["https:\/\/arantv.az\/wp-content\/uploads\/2023\/11\/FotoJet-2023-11-22T023629.243.jpg",620,413,false],"1536x1536":["https:\/\/arantv.az\/wp-content\/uploads\/2023\/11\/FotoJet-2023-11-22T023629.243.jpg",620,413,false],"2048x2048":["https:\/\/arantv.az\/wp-content\/uploads\/2023\/11\/FotoJet-2023-11-22T023629.243.jpg",620,413,false],"post-thumbnail":["https:\/\/arantv.az\/wp-content\/uploads\/2023\/11\/FotoJet-2023-11-22T023629.243-240x172.jpg",240,172,true],"advps-thumb-one":["https:\/\/arantv.az\/wp-content\/uploads\/2023\/11\/FotoJet-2023-11-22T023629.243.jpg",620,413,false]},"rttpg_author":{"display_name":"V\u00fcsal Rafiqo\u011flu","author_link":"https:\/\/arantv.az\/?author=2"},"rttpg_comment":0,"rttpg_category":"<a href=\"https:\/\/arantv.az\/?cat=7\" rel=\"category\">D\u00fcnya<\/a>","rttpg_excerpt":"\u0130slamabad 2024-c\u00fc ild\u0259 BRICS-\u0259 qo\u015fulmaq \u00fc\u00e7\u00fcn m\u00fcraci\u0259t edib. Bu bar\u0259d\u0259 Pakistan\u0131n Rusiyadak\u0131 yeni s\u0259firi M\u0259h\u0259mm\u0259d Xalid Camali b\u0259yan edib. \u201cBiz art\u0131q \u0259riz\u0259 t\u0259qdim etmi\u015fik. Pakistan\u0131n \u00fczvl\u00fcy\u00fcn\u00fc d\u0259st\u0259kl\u0259m\u0259k \u00fc\u00e7\u00fcn \u00fczv \u00f6lk\u0259l\u0259rl\u0259 \u0259laq\u0259 saxlay\u0131r\u0131q v\u0259 Rusiyan\u0131n k\u00f6m\u0259yin\u0259 \u00fcmid edirik\u201d, &#8211; dey\u0259 diplomatik missiyan\u0131n r\u0259hb\u0259ri bildirib. Qeyd ed\u0259k ki, d\u00f6vl\u0259tl\u0259raras\u0131 assosiasiya BRICS be\u015f d\u00f6vl\u0259tin (Braziliya, Rusiya, Hindistan, \u00c7in,&hellip;","_links":{"self":[{"href":"https:\/\/arantv.az\/index.php?rest_route=\/wp\/v2\/posts\/659795"}],"collection":[{"href":"https:\/\/arantv.az\/index.php?rest_route=\/wp\/v2\/posts"}],"about":[{"href":"https:\/\/arantv.az\/index.php?rest_route=\/wp\/v2\/types\/post"}],"author":[{"embeddable":true,"href":"https:\/\/arantv.az\/index.php?rest_route=\/wp\/v2\/users\/2"}],"replies":[{"embeddable":true,"href":"https:\/\/arantv.az\/index.php?rest_route=%2Fwp%2Fv2%2Fcomments&post=659795"}],"version-history":[{"count":0,"href":"https:\/\/arantv.az\/index.php?rest_route=\/wp\/v2\/posts\/659795\/revisions"}],"wp:featuredmedia":[{"embeddable":true,"href":"https:\/\/arantv.az\/index.php?rest_route=\/wp\/v2\/media\/659796"}],"wp:attachment":[{"href":"https:\/\/arantv.az\/index.php?rest_route=%2Fwp%2Fv2%2Fmedia&parent=659795"}],"wp:term":[{"taxonomy":"category","embeddable":true,"href":"https:\/\/arantv.az\/index.php?rest_route=%2Fwp%2Fv2%2Fcategories&post=659795"},{"taxonomy":"post_tag","embeddable":true,"href":"https:\/\/arantv.az\/index.php?rest_route=%2Fwp%2Fv2%2Ftags&post=659795"}],"curies":[{"name":"wp","href":"https:\/\/api.w.org\/{rel}","templated":true}]}}