{"id":659798,"date":"2023-11-22T10:30:56","date_gmt":"2023-11-22T06:30:56","guid":{"rendered":"https:\/\/arantv.az\/?p=659798"},"modified":"2023-11-22T10:30:56","modified_gmt":"2023-11-22T06:30:56","slug":"az%c9%99rbaycanda-%c9%99dliyy%c9%99-orqanlarinin-yaranmasindan-105-il-otur","status":"publish","type":"post","link":"https:\/\/arantv.az\/?p=659798","title":{"rendered":"Az\u0259rbaycanda \u0259dliyy\u0259 orqanlar\u0131n\u0131n yaranmas\u0131ndan 105 il \u00f6t\u00fcr"},"content":{"rendered":"<p><strong>Noyabr\u0131n 22-si \u0259dliyy\u0259 i\u015f\u00e7il\u0259rinin pe\u015f\u0259 bayram\u0131 g\u00fcn\u00fcd\u00fcr<\/strong><\/p>\n<p>Noyabr\u0131n 22-d\u0259 Az\u0259rbaycan\u0131n \u0259dliyy\u0259 orqanlar\u0131n\u0131n yaranmas\u0131n\u0131n 105 illiyi tamam olur. Xalq\u0131m\u0131z\u0131n \u00dcmummilli Lideri Heyd\u0259r \u018fliyevin 2000-ci il 11 noyabr tarixli S\u0259r\u0259ncam\u0131 il\u0259 h\u0259r il noyabr\u0131n 22-si \u00f6lk\u0259mizd\u0259 \u0259dliyy\u0259 i\u015f\u00e7il\u0259rinin pe\u015f\u0259 bayram\u0131 g\u00fcn\u00fc kimi qeyd edilir.<\/p>\n<p><strong>ARANTV.AZ<\/strong> x\u0259b\u0259r verir ki, m\u00fcasir Az\u0259rbaycan \u0259dliyy\u0259sinin t\u0259sis edilm\u0259si \u015e\u0259rqd\u0259 ilk demokratik respublika olan Az\u0259rbaycan Xalq C\u00fcmhuriyy\u0259tinin elan olunmas\u0131 il\u0259 eyni g\u00fcn\u0259 &#8211; 1918-ci il may\u0131n 28-n\u0259 t\u0259sad\u00fcf edir. Bu, C\u00fcmhuriyy\u0259tin \u0259dliyy\u0259 f\u0259aliyy\u0259tin\u0259 verdiyi x\u00fcsusi \u0259h\u0259miyy\u0259tinin g\u00f6st\u0259ricisi idi. \u00d6t\u0259n 105 ild\u0259 b\u00f6y\u00fck inki\u015faf yolu ke\u00e7\u0259n Az\u0259rbaycan \u0259dliyy\u0259si m\u00fch\u00fcm nailiyy\u0259tl\u0259r qazan\u0131b.<\/p>\n<p>Az\u0259rbaycan \u0259dliyy\u0259sinin f\u0259aliyy\u0259tinin canland\u0131r\u0131lmas\u0131 v\u0259 t\u0259kmill\u0259\u015fdirilm\u0259si \u00dcmummilli Lider Heyd\u0259r \u018fliyevin Az\u0259rbaycana birinci r\u0259hb\u0259rliyi d\u00f6vr\u00fcn\u0259 t\u0259sad\u00fcf edir. Bel\u0259 ki, 1970-ci il oktyabr\u0131n 27-d\u0259 Az\u0259rbaycan SSR Ali Sovetinin q\u0259rar\u0131 il\u0259 \u018fdliyy\u0259 Nazirliyinin t\u0259sis olunmas\u0131 bu m\u00fch\u00fcm sah\u0259nin g\u0259l\u0259c\u0259k inki\u015faf\u0131 \u00fc\u00e7\u00fcn \u0259lveri\u015fli z\u0259min yaratd\u0131.<\/p>\n<p><img src=\"https:\/\/azertag.az\/store\/files_new\/2023\/MODERATOR\/NOYABR\/22\/AZERBAYCAN%20EDLIYYESI\/SHEK%C4%B0L%201.jpg\" alt=\"\" width=\"550\" \/><\/p>\n<p>Ulu \u00d6nd\u0259rin m\u00fcst\u0259qil Az\u0259rbaycana r\u0259hb\u0259rlik etdiyi d\u00f6vrd\u0259 h\u0259yata ke\u00e7iril\u0259n k\u00f6kl\u00fc h\u00fcquqi islahatlar n\u0259tic\u0259sind\u0259 \u0259dliyy\u0259 orqanlar\u0131n\u0131n f\u0259aliyy\u0259ti m\u00fcasir d\u00f6vr\u00fcn t\u0259l\u0259bl\u0259rin\u0259 uy\u011funla\u015fd\u0131r\u0131ld\u0131, \u00f6lk\u0259mizd\u0259 yeni \u00fc\u00e7pill\u0259li m\u0259hk\u0259m\u0259 sistemi b\u0259rq\u0259rar oldu.<\/p>\n<p>\u018fdliyy\u0259 v\u0259 m\u0259hk\u0259m\u0259-h\u00fcquq islahatlar\u0131 Prezident \u0130lham \u018fliyev t\u0259r\u0259find\u0259n d\u0259 u\u011furla davam etdirilir. D\u00f6vl\u0259timizin ba\u015f\u00e7\u0131s\u0131n\u0131n 2006-c\u0131 il 18 aprel tarixli F\u0259rman\u0131 il\u0259 \u018fdliyy\u0259 Nazirliyi haqq\u0131nda \u018fsasnam\u0259 t\u0259sdiql\u0259n\u0259r\u0259k ona h\u00fcquq-m\u00fchafiz\u0259 orqan\u0131 statusu verilib. Habel\u0259 \u201c\u018fdliyy\u0259 orqanlar\u0131nda qulluq ke\u00e7m\u0259 haqq\u0131nda\u201d Az\u0259rbaycan Respublikas\u0131n\u0131n 2006-c\u0131 il 26 may tarixli Qanunu q\u0259bul olunub. H\u0259m\u00e7inin Prezident \u0130lham \u018fliyev t\u0259r\u0259find\u0259n &#8220;\u018fdliyy\u0259 orqanlar\u0131n\u0131n inki\u015faf\u0131 haqq\u0131nda\u201d 2006-c\u0131 il 17 avqust tarixli F\u0259rman imzalan\u0131b.<\/p>\n<p>Az\u0259rbaycan \u0259dliyy\u0259sinin davaml\u0131 inki\u015faf\u0131na dair D\u00f6vl\u0259t proqramlar\u0131, Prezidentin 2017-ci il fevral\u0131n 10-da imzalad\u0131\u011f\u0131 c\u0259za siyas\u0259tinin humanistl\u0259\u015fdirilm\u0259si il\u0259 ba\u011fl\u0131 S\u0259r\u0259ncam, 2019-cu il aprelin 3-d\u0259 imzalad\u0131\u011f\u0131 \u201cM\u0259hk\u0259m\u0259-h\u00fcquq sistemind\u0259 islahatlar\u0131n d\u0259rinl\u0259\u015fdirilm\u0259si haqq\u0131nda\u201d F\u0259rman \u0259dliyy\u0259 v\u0259 m\u0259hk\u0259m\u0259 f\u0259aliyy\u0259tind\u0259 m\u00fch\u00fcm \u201cyol x\u0259rit\u0259si\u201d olmaqla, bu sah\u0259nin m\u00fcasir \u00e7a\u011f\u0131r\u0131\u015flara uy\u011fun inki\u015faf\u0131n\u0131 t\u0259min edib. Habel\u0259 v\u0259t\u0259nda\u015flar\u0131n \u0259dliyy\u0259 orqanlar\u0131na v\u0259 m\u0259hk\u0259m\u0259l\u0259r\u0259 \u0259l\u00e7atanl\u0131\u011f\u0131n\u0131n asanla\u015fd\u0131r\u0131lmas\u0131na, onlara keyfiyy\u0259tli h\u00fcquqi xidm\u0259tl\u0259rin g\u00f6st\u0259rilm\u0259sin\u0259, r\u0259q\u0259msal innovasiyalar\u0131n t\u0259tbiqin\u0259 geni\u015f imkan yarad\u0131b.<\/p>\n<p><img src=\"https:\/\/azertag.az\/store\/files_new\/2023\/MODERATOR\/NOYABR\/22\/AZERBAYCAN%20EDLIYYESI\/shekkil%202%20.jpg\" alt=\"\" width=\"500\" \/><\/p>\n<p>M\u00fcz\u0259ff\u0259r Ali Ba\u015f Komandan \u0130lham \u018fliyevin r\u0259hb\u0259rliyi il\u0259 44 g\u00fcnl\u00fck V\u0259t\u0259n m\u00fcharib\u0259si d\u00f6vr\u00fcnd\u0259 \u0259dliyy\u0259 orqanlar\u0131 ordumuzla h\u0259mr\u0259ylik n\u00fcmayi\u015f etdir\u0259r\u0259k d\u0259st\u0259k g\u00f6st\u0259rib, \u0259dliyy\u0259 i\u015f\u00e7il\u0259ri v\u0259 hakiml\u0259r h\u0259rbi \u0259m\u0259liyyatlarda f\u0259al i\u015ftirak edib, Erm\u0259nistan\u0131n m\u00fcharib\u0259 cinay\u0259tl\u0259rinin d\u00fcnya ictimaiyy\u0259tinin diqq\u0259tin\u0259 \u00e7atd\u0131r\u0131lmas\u0131 istiqam\u0259tind\u0259 m\u0259qs\u0259dy\u00f6nl\u00fc i\u015f apar\u0131blar.<\/p>\n<p>\u018fdliyy\u0259 Nazirliyi t\u0259r\u0259find\u0259n apar\u0131lan m\u00fct\u0259r\u0259qqi islahatlar davaml\u0131 xarakter al\u0131b. Bu g\u00fcn \u0259haliy\u0259 40-d\u0259k elektron \u0259dliyy\u0259 xidm\u0259tl\u0259ri g\u00f6st\u0259rilir, r\u0259q\u0259msal innovasiyalar, mobil t\u0259tbiql\u0259r t\u0259qdim olunur. Azad olunmu\u015f \u0259razil\u0259rd\u0259 s\u0259yyar \u0259dliyy\u0259 xidm\u0259tl\u0259ri t\u0259\u015fkil edilir.<\/p>\n<p><img src=\"https:\/\/azertag.az\/store\/files_new\/2023\/MODERATOR\/NOYABR\/22\/AZERBAYCAN%20EDLIYYESI\/SHEeK%C4%B0L%203.jpg\" alt=\"\" width=\"550\" \/><\/p>\n<p>\u018fdliyy\u0259 sah\u0259sind\u0259 d\u00f6vl\u0259t siyas\u0259tini v\u0259 idar\u0259etm\u0259ni h\u0259yata ke\u00e7ir\u0259n \u018fdliyy\u0259 Nazirliyi qanunlar\u0131n t\u0259kmill\u0259\u015fdirilm\u0259sind\u0259 f\u0259al i\u015ftirak edir, el\u0259c\u0259 d\u0259 \u0259halinin, sahibkarl\u0131q sah\u0259sind\u0259 yoxlamalar\u0131n v\u0259 q\u00fcvv\u0259d\u0259n d\u00fc\u015fm\u00fc\u015f s\u0259n\u0259dl\u0259rin reyestrl\u0259rini apar\u0131r. V\u0259t\u0259nda\u015fl\u0131q v\u0259ziyy\u0259ti aktlar\u0131n\u0131n, qeyri-h\u00f6kum\u0259t t\u0259\u015fkilatlar\u0131n\u0131n d\u00f6vl\u0259t qeydiyyat\u0131n\u0131 h\u0259yata ke\u00e7irir, penitensiar sistem\u0259 r\u0259hb\u0259rlik edir, \u0259dal\u0259t m\u00fchakim\u0259si \u0259leyhin\u0259 v\u0259 bir s\u0131ra dig\u0259r cinay\u0259tl\u0259r \u00fczr\u0259 ibtidai istintaq\u0131n apar\u0131lmas\u0131n\u0131, notariat f\u0259aliyy\u0259tini, m\u0259hk\u0259m\u0259 ekspertizalar\u0131n\u0131n ke\u00e7irilm\u0259sini, m\u0259hk\u0259m\u0259l\u0259rin v\u0259 dig\u0259r orqanlar\u0131n q\u0259rarlar\u0131n\u0131n icras\u0131n\u0131 v\u0259 probasiya n\u0259zar\u0259tini t\u0259min edir.<\/p>\n<p>Nazirlik, h\u0259m\u00e7inin b\u0259l\u0259diyy\u0259l\u0259r\u0259 metodoloji yard\u0131m g\u00f6st\u0259rir, \u018fdliyy\u0259 Akademiyas\u0131nda \u0259dliyy\u0259 v\u0259 m\u0259hk\u0259m\u0259 i\u015f\u00e7il\u0259ri, v\u0259kill\u0259r, b\u0259l\u0259diyy\u0259 \u00fczv\u00fc v\u0259 qulluq\u00e7ular\u0131n\u0131n v\u0259 dig\u0259r h\u00fcquq\u015f\u00fcnaslar\u0131n ixtisasart\u0131rmas\u0131n\u0131, habel\u0259 pe\u015f\u0259 f\u0259aliyy\u0259tin\u0259 burax\u0131l\u0131\u015f\u0131, \u00f6lk\u0259mizin ad\u0131ndan h\u00fcquqi yard\u0131m v\u0259 \u0259m\u0259kda\u015fl\u0131q haqq\u0131nda m\u00fcqavil\u0259l\u0259rin ba\u011flanmas\u0131n\u0131 v\u0259 onlar\u0131n icras\u0131n\u0131, beyn\u0259lxalq sah\u0259d\u0259 h\u00fcquqi yard\u0131m g\u00f6st\u0259rilm\u0259sini t\u0259min edir v\u0259 dig\u0259r funksiyalar\u0131 h\u0259yata ke\u00e7irir.<\/p>\n<p>B\u00fct\u00fcn bunlar \u0259dliyy\u0259 orqanlar\u0131n\u0131n c\u0259miyy\u0259td\u0259 rolu v\u0259 \u0259h\u0259miyy\u0259tini g\u00f6st\u0259rm\u0259kl\u0259 nazirliyin \u00e7ox\u015fax\u0259li f\u0259aliyy\u0259t sah\u0259l\u0259rinin arxas\u0131nda geni\u015f h\u0259cmli konkret i\u015fl\u0259rin dayand\u0131\u011f\u0131n\u0131 g\u00f6st\u0259rir.<\/p>\n<p><img src=\"https:\/\/azertag.az\/store\/files_new\/2023\/MODERATOR\/NOYABR\/22\/AZERBAYCAN%20EDLIYYESI\/SHEK%C4%B0lL%204.jpg\" alt=\"\" width=\"550\" \/><\/p>\n<p>Haz\u0131rda \u0259dliyy\u0259 sistemi m\u00fcasir informasiya texnologiyalar\u0131n\u0131n t\u0259tbiqi il\u0259 inki\u015faf edir, \u0259dliyy\u0259y\u0259 \u0259l\u00e7atanl\u0131\u011f\u0131n t\u0259mini m\u0259qs\u0259dil\u0259 innovativ h\u0259ll\u0259rd\u0259n geni\u015f istifad\u0259 edilir. Prezident \u0130lham \u018fliyevin tap\u015f\u0131r\u0131qlar\u0131na uy\u011fun olaraq \u0259dliyy\u0259 sistemind\u0259 apar\u0131lan islahatlar \u00e7\u0259r\u00e7iv\u0259sind\u0259 v\u0259t\u0259nda\u015f m\u0259mnunlu\u011funun t\u0259minat\u0131na y\u00f6n\u0259l\u0259n m\u00fcxt\u0259lif \u0259dliyy\u0259 xidm\u0259tl\u0259rinin r\u0259q\u0259msal platformalarda eyni vaxtda, vahid m\u0259nb\u0259d\u0259n v\u0259 m\u0259saf\u0259d\u0259n g\u00f6st\u0259rilm\u0259si m\u00fcasir innovativ xidm\u0259t &#8211; \u018fdliyy\u0259 Nazirliyin\u0259 T\u0259cili Elektron Z\u0259ng (\u201c\u018fN TEZ\u201d) xidm\u0259t platformas\u0131 yarad\u0131l\u0131b.<\/p>\n<p><img src=\"https:\/\/azertag.az\/store\/files_new\/2023\/MODERATOR\/NOYABR\/22\/AZERBAYCAN%20EDLIYYESI\/SHEeK%C4%B0L%205.jpg\" alt=\"\" width=\"450\" \/><\/p>\n<p>Prezident \u0130lham \u018fliyevin r\u0259hb\u0259rliyi il\u0259 apar\u0131lan \u0259dliyy\u0259 islahatlar\u0131 \u00e7\u0259r\u00e7iv\u0259sind\u0259, h\u0259m\u00e7inin penitensiar xidm\u0259tin f\u0259aliyy\u0259ti t\u0259kmill\u0259\u015fdirilir, m\u0259hkumlar\u0131n v\u0259 t\u0259qsirl\u0259ndiril\u0259n \u015f\u0259xsl\u0259rin h\u00fcquqlar\u0131n\u0131n etibarl\u0131 t\u0259min olunmas\u0131, saxlanma \u015f\u0259raitinin yax\u015f\u0131la\u015fd\u0131r\u0131lmas\u0131, c\u0259miyy\u0259t\u0259 reinteqrasiyas\u0131 m\u0259qs\u0259dil\u0259 infrastruktur m\u00fcasirl\u0259\u015fdirilir. \u00d6t\u0259n d\u00f6vrd\u0259 Bak\u0131da yeni istintaq t\u0259cridxanas\u0131, yetkinlik ya\u015f\u0131na \u00e7atmayanlar v\u0259 qad\u0131nlar \u00fc\u00e7\u00fcn m\u00fcasir penitensiar m\u00fc\u0259ssis\u0259l\u0259r in\u015fa olunaraq istifad\u0259y\u0259 verilib. D\u00f6vl\u0259timizin ba\u015f\u00e7\u0131s\u0131 h\u0259min m\u00fc\u0259ssis\u0259l\u0259r\u0259 \u015f\u0259xs\u0259n ba\u015f \u00e7\u0259k\u0259r\u0259k yarad\u0131lan \u015f\u0259raitl\u0259 tan\u0131\u015f olub. Eyni zamanda, Nax\u00e7\u0131vanda v\u0259 \u015e\u0259kid\u0259 d\u0259 bel\u0259 kompleksl\u0259r tikil\u0259r\u0259k istifad\u0259y\u0259 verilib. G\u0259nc\u0259 v\u0259 L\u0259nk\u0259ran \u015f\u0259h\u0259rl\u0259rind\u0259 in\u015fas\u0131 davam etdiril\u0259n kompleksl\u0259rin is\u0259 yax\u0131n vaxtlarda istismara verilm\u0259si n\u0259z\u0259rd\u0259 tutulur. Bu t\u0259dbirl\u0259r \u00e7\u0259r\u00e7iv\u0259sind\u0259 noyabr\u0131n 17-d\u0259 Bak\u0131n\u0131n Umbak\u0131 q\u0259s\u0259b\u0259sind\u0259 yeni in\u015fa edilmi\u015f qar\u0131\u015f\u0131q rejimli m\u00fcasir penitensiar kompleksi istifad\u0259y\u0259 veril\u0259r\u0259k geni\u015f ictimaiyy\u0259t\u0259 t\u0259qdim olunub.<\/p>\n<p><img src=\"https:\/\/azertag.az\/store\/files_new\/2023\/MODERATOR\/NOYABR\/22\/AZERBAYCAN%20EDLIYYESI\/SHEK%C4%B0L%206.jpg\" alt=\"\" width=\"550\" \/><\/p>\n<p>Bu il oktyabr\u0131n 15\u2013d\u0259 Prezident, M\u00fcz\u0259ff\u0259r Ali Ba\u015f Komandan \u0130lham \u018fliyev A\u011fd\u0259r\u0259d\u0259, \u018fsg\u0259randa, Xocal\u0131da v\u0259 Xank\u0259ndid\u0259 Az\u0259rbaycan\u0131n d\u00f6vl\u0259t Bayra\u011f\u0131n\u0131 qald\u0131rd\u0131, bununla da suverenliyimiz tam b\u0259rpa olundu. Yaranmas\u0131n\u0131n 105-ci ild\u00f6n\u00fcm\u00fcn\u00fc \u015fanl\u0131 Z\u0259f\u0259rl\u0259 eyni d\u00f6vrd\u0259 qeyd ed\u0259n Az\u0259rbaycan \u0259dliyy\u0259si d\u0259 yeni tarixi m\u0259rh\u0259l\u0259y\u0259 q\u0259d\u0259m qoyur. D\u00f6vl\u0259t ba\u015f\u00e7\u0131s\u0131n\u0131n tap\u015f\u0131r\u0131qlar\u0131na uy\u011fun olaraq, azad edilmi\u015f \u0259razil\u0259rd\u0259 \u0259dliyy\u0259 v\u0259 m\u0259hk\u0259m\u0259 f\u0259aliyy\u0259tinin b\u0259rpas\u0131, bu orqanlar \u00fc\u00e7\u00fcn infrastrukturun yarad\u0131lmas\u0131, onlar\u0131n i\u015finin t\u0259\u015fkili \u00fczr\u0259 z\u0259ruri t\u0259dbirl\u0259rin g\u00f6r\u00fclm\u0259si qar\u015f\u0131da duran m\u00fch\u00fcm v\u0259zif\u0259l\u0259rd\u0259ndir. Son ill\u0259r Az\u0259rbaycan \u0259dliyy\u0259sinin davaml\u0131 inki\u015faf\u0131 istiqam\u0259tind\u0259 g\u00f6r\u00fcl\u0259n ard\u0131c\u0131l v\u0259 m\u0259qs\u0259dy\u00f6nl\u00fc t\u0259dbirl\u0259r, m\u0259hk\u0259m\u0259-h\u00fcquq sistemind\u0259 h\u0259yata ke\u00e7iril\u0259n m\u00fct\u0259r\u0259qqi islahatlar, \u00f6lk\u0259mizin inki\u015faf prosesin\u0259 uy\u011fun olaraq Qaraba\u011f v\u0259 \u015e\u0259rqi Z\u0259ng\u0259zur b\u00f6lg\u0259sini d\u0259 \u0259hat\u0259 ed\u0259c\u0259k.<\/p>\n<p><img src=\"https:\/\/azertag.az\/store\/files_new\/2023\/MODERATOR\/NOYABR\/22\/AZERBAYCAN%20EDLIYYESI\/shekil%207.jpg\" alt=\"\" width=\"550\" \/><\/p>\n<p>M\u00fc\u015fahid\u0259 edil\u0259n y\u00fcks\u0259k dinamika tam \u0259minlik yarad\u0131r ki, azad olunmu\u015f \u0259razil\u0259rd\u0259 \u0259dliyy\u0259 i\u015f\u00e7il\u0259rinin f\u0259aliyy\u0259ti \u00e7ox yax\u0131n zamanlarda b\u0259rpa olunacaq, \u0259dal\u0259t ke\u015fik\u00e7il\u0259ri Ali Ba\u015f Komandan\u0131m\u0131z\u0131n haqq-\u0259dal\u0259ti b\u0259rq\u0259rar etdiyi torpaqlar\u0131m\u0131zda xidm\u0259t g\u00f6st\u0259r\u0259c\u0259kl\u0259r.<\/p>\n<p>Respublikam\u0131zda \u0259dliyy\u0259-h\u00fcquq sistemind\u0259 apar\u0131lm\u0131\u015f islahatlar, m\u0259hk\u0259m\u0259l\u0259r \u00fc\u00e7\u00fcn m\u00fcasir infrastrukturun yarad\u0131lmas\u0131, informasiya texnologiyalar\u0131n\u0131n v\u0259 yenilikl\u0259rin t\u0259tbiqi beyn\u0259lxalq ekspertl\u0259r t\u0259r\u0259find\u0259n t\u0259qdir\u0259layiq nailiyy\u0259t v\u0259 qanun\u00e7ulu\u011fun tam m\u0259nada t\u0259min edilm\u0259si kimi qiym\u0259tl\u0259ndirilir.<\/p>\n<p>Az\u0259rbaycan Prezidentinin \u0259dliyy\u0259 sistemin\u0259 y\u00fcks\u0259k diqq\u0259t v\u0259 qay\u011f\u0131s\u0131n\u0131n daha bir t\u0259zah\u00fcr\u00fc bu sah\u0259d\u0259 \u00e7al\u0131\u015fan \u0259m\u0259kda\u015flar\u0131n m\u00fct\u0259madi olaraq t\u0259ltif edilm\u0259sidir. D\u00f6vl\u0259t ba\u015f\u00e7\u0131s\u0131n\u0131n 2023-c\u00fc il 21 noyabr tarixli s\u0259r\u0259ncamlar\u0131na \u0259sas\u0259n, \u0259dliyy\u0259 orqanlar\u0131nda s\u0259m\u0259r\u0259li f\u0259aliyy\u0259tin\u0259 g\u00f6r\u0259 bir qrup \u0259m\u0259kda\u015flar \u201cD\u00f6vl\u0259t qullu\u011funda f\u0259rql\u0259nm\u0259y\u0259 g\u00f6r\u0259\u201d medallar\u0131 il\u0259 t\u0259ltif edilib, ali x\u00fcsusi r\u00fctb\u0259l\u0259r\u0259 layiq g\u00f6r\u00fcl\u00fcbl\u0259r.<\/p>\n<p>Pe\u015f\u0259 bayram\u0131 g\u00fcn\u00fc m\u00fcnasib\u0259til\u0259 b\u00fct\u00fcn \u0259dliyy\u0259 i\u015f\u00e7il\u0259rini t\u0259brik edir, f\u0259aliyy\u0259tl\u0259rind\u0259 u\u011furlar arzulay\u0131r\u0131q.<\/p>\n","protected":false},"excerpt":{"rendered":"<p>Noyabr\u0131n 22-si \u0259dliyy\u0259 i\u015f\u00e7il\u0259rinin pe\u015f\u0259 bayram\u0131 g\u00fcn\u00fcd\u00fcr Noyabr\u0131n 22-d\u0259 Az\u0259rbaycan\u0131n \u0259dliyy\u0259 orqanlar\u0131n\u0131n yaranmas\u0131n\u0131n 105 illiyi tamam olur. Xalq\u0131m\u0131z\u0131n \u00dcmummilli Lideri Heyd\u0259r \u018fliyevin 2000-ci il 11 noyabr tarixli S\u0259r\u0259ncam\u0131 il\u0259 h\u0259r il noyabr\u0131n 22-si \u00f6lk\u0259mizd\u0259 \u0259dliyy\u0259 i\u015f\u00e7il\u0259rinin pe\u015f\u0259 bayram\u0131 g\u00fcn\u00fc kimi qeyd edilir. ARANTV.AZ x\u0259b\u0259r verir ki, m\u00fcasir Az\u0259rbaycan \u0259dliyy\u0259sinin t\u0259sis edilm\u0259si \u015e\u0259rqd\u0259 ilk demokratik respublika olan Az\u0259rbaycan Xalq C\u00fcmhuriyy\u0259tinin elan olunmas\u0131 il\u0259 eyni g\u00fcn\u0259 &#8211; 1918-ci il may\u0131n 28-n\u0259 t\u0259sad\u00fcf edir. Bu, C\u00fcmhuriyy\u0259tin \u0259dliyy\u0259 f\u0259aliyy\u0259tin\u0259 verdiyi x\u00fcsusi \u0259h\u0259miyy\u0259tinin g\u00f6st\u0259ricisi idi. \u00d6t\u0259n 105 ild\u0259 b\u00f6y\u00fck inki\u015faf yolu ke\u00e7\u0259n Az\u0259rbaycan \u0259dliyy\u0259si m\u00fch\u00fcm&hellip;<\/p>\n","protected":false},"author":2,"featured_media":659799,"comment_status":"closed","ping_status":"closed","sticky":false,"template":"","format":"standard","meta":{"om_disable_all_campaigns":false,"_monsterinsights_skip_tracking":false,"_monsterinsights_sitenote_active":false,"_monsterinsights_sitenote_note":"","_monsterinsights_sitenote_category":0},"categories":[1],"tags":[],"aioseo_notices":[],"gutentor_comment":0,"rttpg_featured_image_url":{"full":["https:\/\/arantv.az\/wp-content\/uploads\/2023\/11\/17006276582746544086_1200x630.jpg",923,630,false],"landscape":["https:\/\/arantv.az\/wp-content\/uploads\/2023\/11\/17006276582746544086_1200x630.jpg",923,630,false],"portraits":["https:\/\/arantv.az\/wp-content\/uploads\/2023\/11\/17006276582746544086_1200x630.jpg",923,630,false],"thumbnail":["https:\/\/arantv.az\/wp-content\/uploads\/2023\/11\/17006276582746544086_1200x630-500x280.jpg",500,280,true],"medium":["https:\/\/arantv.az\/wp-content\/uploads\/2023\/11\/17006276582746544086_1200x630-535x365.jpg",535,365,true],"large":["https:\/\/arantv.az\/wp-content\/uploads\/2023\/11\/17006276582746544086_1200x630-840x573.jpg",640,437,true],"1536x1536":["https:\/\/arantv.az\/wp-content\/uploads\/2023\/11\/17006276582746544086_1200x630.jpg",923,630,false],"2048x2048":["https:\/\/arantv.az\/wp-content\/uploads\/2023\/11\/17006276582746544086_1200x630.jpg",923,630,false],"post-thumbnail":["https:\/\/arantv.az\/wp-content\/uploads\/2023\/11\/17006276582746544086_1200x630-240x172.jpg",240,172,true],"advps-thumb-one":["https:\/\/arantv.az\/wp-content\/uploads\/2023\/11\/17006276582746544086_1200x630-923x620.jpg",923,620,true]},"rttpg_author":{"display_name":"V\u00fcsal Rafiqo\u011flu","author_link":"https:\/\/arantv.az\/?author=2"},"rttpg_comment":0,"rttpg_category":"<a href=\"https:\/\/arantv.az\/?cat=1\" rel=\"category\">C\u0259miyy\u0259t<\/a>","rttpg_excerpt":"Noyabr\u0131n 22-si \u0259dliyy\u0259 i\u015f\u00e7il\u0259rinin pe\u015f\u0259 bayram\u0131 g\u00fcn\u00fcd\u00fcr Noyabr\u0131n 22-d\u0259 Az\u0259rbaycan\u0131n \u0259dliyy\u0259 orqanlar\u0131n\u0131n yaranmas\u0131n\u0131n 105 illiyi tamam olur. Xalq\u0131m\u0131z\u0131n \u00dcmummilli Lideri Heyd\u0259r \u018fliyevin 2000-ci il 11 noyabr tarixli S\u0259r\u0259ncam\u0131 il\u0259 h\u0259r il noyabr\u0131n 22-si \u00f6lk\u0259mizd\u0259 \u0259dliyy\u0259 i\u015f\u00e7il\u0259rinin pe\u015f\u0259 bayram\u0131 g\u00fcn\u00fc kimi qeyd edilir. ARANTV.AZ x\u0259b\u0259r verir ki, m\u00fcasir Az\u0259rbaycan \u0259dliyy\u0259sinin t\u0259sis edilm\u0259si \u015e\u0259rqd\u0259 ilk demokratik respublika&hellip;","_links":{"self":[{"href":"https:\/\/arantv.az\/index.php?rest_route=\/wp\/v2\/posts\/659798"}],"collection":[{"href":"https:\/\/arantv.az\/index.php?rest_route=\/wp\/v2\/posts"}],"about":[{"href":"https:\/\/arantv.az\/index.php?rest_route=\/wp\/v2\/types\/post"}],"author":[{"embeddable":true,"href":"https:\/\/arantv.az\/index.php?rest_route=\/wp\/v2\/users\/2"}],"replies":[{"embeddable":true,"href":"https:\/\/arantv.az\/index.php?rest_route=%2Fwp%2Fv2%2Fcomments&post=659798"}],"version-history":[{"count":0,"href":"https:\/\/arantv.az\/index.php?rest_route=\/wp\/v2\/posts\/659798\/revisions"}],"wp:featuredmedia":[{"embeddable":true,"href":"https:\/\/arantv.az\/index.php?rest_route=\/wp\/v2\/media\/659799"}],"wp:attachment":[{"href":"https:\/\/arantv.az\/index.php?rest_route=%2Fwp%2Fv2%2Fmedia&parent=659798"}],"wp:term":[{"taxonomy":"category","embeddable":true,"href":"https:\/\/arantv.az\/index.php?rest_route=%2Fwp%2Fv2%2Fcategories&post=659798"},{"taxonomy":"post_tag","embeddable":true,"href":"https:\/\/arantv.az\/index.php?rest_route=%2Fwp%2Fv2%2Ftags&post=659798"}],"curies":[{"name":"wp","href":"https:\/\/api.w.org\/{rel}","templated":true}]}}