{"id":659825,"date":"2023-11-22T11:03:26","date_gmt":"2023-11-22T07:03:26","guid":{"rendered":"https:\/\/arantv.az\/?p=659825"},"modified":"2023-11-22T11:03:26","modified_gmt":"2023-11-22T07:03:26","slug":"abs-az%c9%99rbaycan-munasib%c9%99tl%c9%99rinin-n%c9%99tic%c9%99si-il%c9%99-bagli-absurd-iddia","status":"publish","type":"post","link":"https:\/\/arantv.az\/?p=659825","title":{"rendered":"AB\u015e-Az\u0259rbaycan m\u00fcnasib\u0259tl\u0259rinin \u201cn\u0259tic\u0259si\u201d il\u0259 ba\u011fl\u0131 absurd iddia"},"content":{"rendered":"<p><strong>B\u0259zi m\u00fcxalif\u0259t t\u0259msil\u00e7il\u0259ri bel\u0259 iddia edir ki, iki \u00f6lk\u0259 aras\u0131nda m\u00fcnasib\u0259tl\u0259rin pisl\u0259\u015fm\u0259si fonunda hakimiyy\u0259t daxild\u0259 repressiyalara \u0259l atacaq ki&#8230;<\/strong><\/p>\n<p>AB\u015e-Az\u0259rbaycan m\u00fcnasib\u0259tl\u0259rind\u0259 yaranm\u0131\u015f g\u0259rginlik v\u0259 hadis\u0259l\u0259rin bundan sonrak\u0131 inki\u015faf\u0131 diqq\u0259tl\u0259 izl\u0259nilir. Yada salaq ki, D\u00f6vl\u0259t Departamentinin Avropa v\u0259 Avrasiya B\u00fcrosundak\u0131 m\u00fcavini, O\u2019Brayenin \u201cAB\u015e-\u0131n Az\u0259rbaycana m\u00fcnasib\u0259ti \u0259vv\u0259lki kimi olmayacaq\u201d b\u0259yanat\u0131na, 907-ci d\u00fcz\u0259li\u015fin yenid\u0259n q\u00fcvv\u0259d\u0259 qalmas\u0131 haqda q\u0259rara cavab olaraq Xarici \u0130\u015fl\u0259r Nazirliyi bu m\u00f6vqeyi \u201cbirt\u0259r\u0259fli, q\u0259r\u0259zli, \u0259sass\u0131z v\u0259 q\u0259buledilm\u0259z\u201d kimi qiym\u0259tl\u0259ndirib,\u00a0 y\u00fcks\u0259k s\u0259viyy\u0259li Amerika n\u00fcmay\u0259nd\u0259l\u0259rinin Bak\u0131ya s\u0259f\u0259rl\u0259rin\u0259 moratorium elan edib. X\u0130N-d\u0259n h\u0259m\u00e7inin qeyd olunub ki, Bak\u0131 Va\u015finqtonda g\u00f6zl\u0259nil\u0259n g\u00f6r\u00fc\u015f\u0259 qat\u0131lmayacaq.<\/p>\n<p>O c\u00fcml\u0259d\u0259n region \u00f6lk\u0259si olmayan AB\u015e-\u0131n add\u0131mlar\u0131n\u0131n b\u00f6lg\u0259 \u00f6lk\u0259l\u0259rinin t\u0259hl\u00fck\u0259sizliyi s\u0259yl\u0259rin\u0259 z\u0259rb\u0259 vurdu\u011fu qeyd edilib.<\/p>\n<p>Va\u015finqton-Bak\u0131 m\u00fcnasib\u0259tl\u0259ri bunad\u0259k d\u0259 hamar olmay\u0131b, amma 44 g\u00fcnl\u00fck m\u00fcharib\u0259d\u0259n sonra ilk d\u0259f\u0259dir ki, bu s\u0259viyy\u0259d\u0259 g\u0259rginl\u0259\u015fib.<\/p>\n<p>B\u0259zi ekspertl\u0259r g\u00fcman edir ki, Va\u015finqton tezlikl\u0259 m\u00fcnasib\u0259tl\u0259rin normalla\u015fmas\u0131 \u00fc\u00e7\u00fcn add\u0131mlar atacaq. \u201cCozef Bayden administrasiyas\u0131 Az\u0259rbaycan olmadan C\u0259nubi Qafqaz regionunda \u00f6z m\u0259qs\u0259dl\u0259rin\u0259 nail ola bilm\u0259y\u0259c\u0259k v\u0259 bu s\u0259b\u0259bd\u0259n d\u0259 m\u00fcnasib\u0259tl\u0259rin b\u0259rpas\u0131 \u00fc\u00e7\u00fcn add\u0131mlar atmal\u0131d\u0131r\u201d.<\/p>\n<p>\u201cReport\u201d x\u0259b\u0259r verir ki, bu bar\u0259d\u0259 \u201cS&amp;P Global\u201d\u0131n Avropa v\u0259 MDB \u00fczr\u0259 proqnozla\u015fd\u0131rma departamentinin ba\u015f analitiki Aleks Meliki\u015fvili \u201cX\u201d sosial \u015f\u0259b\u0259k\u0259sind\u0259 yaz\u0131b.<\/p>\n<p>Ekspert hesab edir ki, Va\u015finqton m\u00fcnasib\u0259tl\u0259ri b\u0259rpa etm\u0259k \u00fc\u00e7\u00fcn he\u00e7 bir t\u0259dbir g\u00f6rm\u0259s\u0259, bu, Amerikan\u0131n Qafqazdak\u0131 m\u00f6vqel\u0259rinin \u0259h\u0259miyy\u0259tli d\u0259r\u0259c\u0259d\u0259 z\u0259ifl\u0259m\u0259si anlam\u0131na g\u0259l\u0259 bil\u0259r.<\/p>\n<p>Onun s\u00f6zl\u0259rin\u0259 g\u00f6r\u0259, AB\u015e d\u00f6vl\u0259t katibi Antoni Blinkenin vasit\u0259\u00e7iliyi il\u0259 Az\u0259rbaycan v\u0259 Erm\u0259nistan xarici i\u015fl\u0259r nazirl\u0259ri aras\u0131nda noyabr\u0131n 20-d\u0259 Va\u015finqtonda ke\u00e7irilm\u0259si planla\u015fd\u0131r\u0131lan dan\u0131\u015f\u0131qlar\u0131n pozulmas\u0131na g\u00f6r\u0259 m\u0259suliyy\u0259t d\u00f6vl\u0259t katibinin k\u00f6m\u0259k\u00e7isi Ceyms O\u2019Brayn\u0131n \u00fcz\u0259rin\u0259 d\u00fc\u015f\u00fcr.<\/p>\n<p><strong>B\u0259zi m\u00fcxalif\u0259t t\u0259msil\u00e7il\u0259ri is\u0259 bel\u0259 iddia edir ki, AB\u015e Az\u0259rbaycanla\u00a0 b\u00fct\u00fcn sah\u0259l\u0259rd\u0259 m\u00fcnasib\u0259tl\u0259ri donduracaq. Guya iki \u00f6lk\u0259 aras\u0131nda m\u00fcnasib\u0259tl\u0259rin pisl\u0259\u015fm\u0259si fonunda \u201cAz\u0259rbaycan hakimiyy\u0259ti\u00a0 daxild\u0259 repressiyalara \u0259l atacaq. \u00c7\u00fcnki Az\u0259rbaycan hakimiyy\u0259ti Q\u0259rbl\u0259, \u0130ranla m\u00fcnasib\u0259ti pisl\u0259\u015f\u0259nd\u0259 ad\u0259t\u0259n bel\u0259 add\u0131mlar at\u0131r\u201d.<\/strong><\/p>\n<p><strong><img src=\"https:\/\/qafqazinfo.az\/uploads\/1593861784\/aydin.jpg\" alt=\"Ad g\u00fcn\u00fc ild\u0259 bir d\u0259f\u0259 olur, onlara quru \u201csa\u011f ol\u201d deyim?\u201d \u2014 Ayd\u0131n Mirz\u0259zad\u0259\" \/><\/strong><\/p>\n<p><strong>Ayd\u0131n Mirz\u0259zad\u0259\u00a0<\/strong><\/p>\n<p>YAP-\u00e7\u0131 deputat Ayd\u0131n Mirz\u0259zad\u0259 dedi ki, h\u0259tta yax\u0131n m\u00fcnasib\u0259tl\u0259ri olan \u00f6lk\u0259l\u0259r aras\u0131nda hans\u0131sa m\u0259qamlarda anla\u015f\u0131lmazl\u0131\u011f\u0131n olmas\u0131, h\u0259tta m\u00fcnasib\u0259tl\u0259rin d\u0259r\u0259c\u0259sinin a\u015fa\u011f\u0131 enm\u0259si adi hald\u0131r: \u201cBir qayda olaraq, ittiham olunan d\u00f6vl\u0259t bu m\u0259s\u0259l\u0259d\u0259 \u00f6z\u00fcn\u00fcn d\u00f6vl\u0259t q\u00fcrurunu qorumal\u0131d\u0131r. \u018fg\u0259r bu olmasa, onda d\u00f6vl\u0259t\u0259 siyasi t\u0259zyiql\u0259r art\u0131r, get-ged\u0259 d\u00f6vl\u0259t \u00f6z\u00fcn\u00fcn art\u0131q beyn\u0259lxalq m\u00fcst\u0259vid\u0259 siyasi m\u00fcst\u0259qilliyini itirmi\u015f olar. Az\u0259rbaycan ona g\u00f6r\u0259 d\u00f6vl\u0259t m\u00fcst\u0259qilliyini b\u0259rpa etm\u0259yib ki, siyasi t\u0259zyiql\u0259r alt\u0131nda olsun, yaxud da beyn\u0259lxalq m\u00fcnasib\u0259tl\u0259rd\u0259 hans\u0131 siyas\u0259ti yerid\u0259c\u0259yini dig\u0259r d\u00f6vl\u0259tl\u0259rin m\u0259sl\u0259h\u0259ti il\u0259 m\u00fc\u0259yy\u0259n etsin. AB\u015e d\u00f6vl\u0259t katibinin k\u00f6m\u0259k\u00e7isinin \u00f6lk\u0259mizl\u0259 ba\u011fl\u0131 he\u00e7 bir h\u0259qiq\u0259ti \u0259ks etdirm\u0259y\u0259n ittiham xarakterli fikirl\u0259rin\u0259 Az\u0259rbaycan \u00e7ox d\u00fczg\u00fcn olaraq, s\u0259rt reaksiya verdi. Az\u0259rbaycan s\u0131radan \u00f6lk\u0259 deyil. Eyni zamanda Amerikan\u0131n \u00f6z\u00fc d\u0259 Az\u0259rbaycan kimi AB\u015e-Az\u0259rbaycan m\u00fcnasib\u0259tl\u0259rind\u0259 maraql\u0131d\u0131r. \u00d6lk\u0259miz Qo\u015fulmama H\u0259r\u0259kat\u0131n\u0131n art\u0131q 5-ci ildir ki, s\u0259dridir, Avropan\u0131n enerji t\u0259hl\u00fck\u0259sizliyinin t\u0259min edilm\u0259sind\u0259 b\u00f6y\u00fck rol oynay\u0131r. Az\u0259rbaycan regionun lideri, \u015e\u0259rqin \u00e7ox n\u00fcfuzlu d\u00f6vl\u0259tl\u0259rind\u0259n biridir. R\u0259smi Bak\u0131 il\u0259 m\u00fcnasib\u0259tl\u0259ri korlamaq he\u00e7 d\u0259 Va\u015finqtonun mara\u011f\u0131nda deyil. Bu bax\u0131mdan, AB\u015e administrasiyas\u0131 \u00f6z m\u0259murunun Az\u0259rbaycanla ba\u011fl\u0131 fikirl\u0259rin\u0259 ayd\u0131nl\u0131q g\u0259tirm\u0259lidir. D\u00f6vl\u0259t katibinin k\u00f6m\u0259k\u00e7isinin fikirl\u0259rin\u0259 Az\u0259rbaycan t\u0259r\u0259fi s\u0259rt reaksiya bildirm\u0259li idi v\u0259 bel\u0259 d\u0259 oldu. AB\u015e Az\u0259rbaycanla m\u00fcnasib\u0259tl\u0259rin \u0259vv\u0259lki s\u0259viyy\u0259d\u0259 olmas\u0131, m\u00fcnasib\u0259tl\u0259rin daha da y\u00fcks\u0259lm\u0259si \u00fc\u00e7\u00fcn \u00f6z t\u0259r\u0259find\u0259n t\u0259\u015f\u0259bb\u00fcsl\u0259r g\u00f6st\u0259rm\u0259lidir. M\u00fcmk\u00fcnd\u00fcr ki, bu g\u00fcn Amerikan\u0131n xarici siyas\u0259tinin b\u00fct\u00fcn diqq\u0259ti \u0130srail-H\u018fMAS konfliktin\u0259 y\u00f6n\u0259lib v\u0259 bu bax\u0131mdan, Az\u0259rbaycanla m\u00fcnasib\u0259tl\u0259r onun g\u00fcnd\u0259liyind\u0259 deyil. Amma ist\u0259nil\u0259n halda, bu m\u0259s\u0259l\u0259y\u0259 m\u00fcnasib\u0259t bildirilm\u0259lidir. Az\u0259rbaycan\u0131n beyn\u0259lxalq birlikd\u0259 oynad\u0131\u011f\u0131 rol, qazand\u0131\u011f\u0131 b\u00f6y\u00fck siyasi n\u00fcfuz ona eyni m\u00fcnasib\u0259tin g\u00f6st\u0259rilm\u0259sini t\u0259l\u0259b edir. O ki qald\u0131 bu g\u00fcn Az\u0259rbaycanla AB\u015e aras\u0131ndak\u0131 m\u00fcnasib\u0259tl\u0259r\u0259 m\u00fcxalif\u0259t\u00e7il\u0259rin fikirl\u0259rin\u0259, hesab edir\u0259m ki, m\u00fcxalif\u0259t\u00e7il\u0259r bu m\u00fcnasib\u0259tl\u0259rin \u00e7ox pis olmas\u0131nda maraql\u0131d\u0131rlar, buna s\u0259y g\u00f6st\u0259rirl\u0259r. Onlar Az\u0259rbaycan\u0131n daxili v\u0259 xarici siyas\u0259td\u0259 s\u0259hv add\u0131mlar atmas\u0131n\u0131 g\u00f6zl\u0259yir,\u00a0 \u00f6lk\u0259miz\u0259 t\u0259zyiq olmas\u0131n\u0131 arzu edirl\u0259r. Amma bunlar olmayacaq. \u00c7\u00fcnki Az\u0259rbaycan h\u00fcquqi, demokratik bir \u00f6lk\u0259dir. \u0130nsan h\u00fcquq v\u0259 azadl\u0131qlar\u0131n\u0131n qorunmas\u0131n\u0131 h\u0259m konstitusiya il\u0259, h\u0259m d\u0259 reall\u0131qla t\u0259min edib. Hans\u0131sa d\u00f6vl\u0259tl\u0259 olan m\u00fcnasib\u0259tl\u0259r he\u00e7 d\u0259 bizim daxili siyas\u0259timizin d\u0259yi\u015fm\u0259sin\u0259 s\u0259b\u0259b ola bilm\u0259z. D\u00fc\u015f\u00fcn\u00fcr\u0259m ki, Az\u0259rbaycan-AB\u015e m\u00fcnasib\u0259tl\u0259ri yenid\u0259n \u00f6z axar\u0131na qay\u0131dacaq. AB\u015e administrasiyas\u0131 Az\u0259rbaycanla m\u00fcnasib\u0259tl\u0259rin n\u0259 q\u0259d\u0259r \u0259h\u0259miyy\u0259tli oldu\u011funu bir daha \u00f6z\u00fc \u00fc\u00e7\u00fcn m\u00fc\u0259yy\u0259n ed\u0259c\u0259k\u201d.<\/p>\n<p><img src=\"https:\/\/upload.wikimedia.org\/wikipedia\/commons\/5\/53\/Elchinmirzabayli.jpg\" alt=\"El\u00e7in Mirz\u0259b\u0259yli \u2014 Vikipediya\" \/><\/p>\n<p><strong>El\u00e7in Mirz\u0259b\u0259yli<\/strong><\/p>\n<p><strong>BAXCP s\u0259drinin m\u00fcavini, politoloq El\u00e7in Mirz\u0259b\u0259yli Az\u0259rbaycan daxilind\u0259 sabitliyin pozulmas\u0131 \u00fc\u00e7\u00fcn he\u00e7 bir \u0259sas\u0131n olmad\u0131\u011f\u0131n\u0131 qeyd etdi:<\/strong>\u00a0\u201cAz\u0259rbaycanda, \u00f6lk\u0259nin d\u00f6vl\u0259t v\u0259 milli maraqlar\u0131na d\u00fc\u015fm\u0259n k\u0259sil\u0259n proksim\u00fcxalif\u0259t qruplar\u0131 istisna olmaqla, b\u00fct\u00fcn siyasi t\u0259\u015fkilatlar \u00f6lk\u0259miz\u0259 qar\u015f\u0131 h\u0259yata ke\u00e7iril\u0259n h\u00fccumlar\u0131n \u0259razi b\u00fct\u00f6vl\u00fcy\u00fcm\u00fcz\u00fcn v\u0259 suverenliyimizin b\u0259rpas\u0131 il\u0259 ba\u011fl\u0131 oldu\u011funu \u00e7ox yax\u015f\u0131 ba\u015fa d\u00fc\u015f\u00fcr v\u0259 v\u0259ziyy\u0259ti do\u011fru qiym\u0259tl\u0259ndirm\u0259yi bacar\u0131rlar. Proksim\u00fcxalif\u0259t\u0259 g\u0259ldikd\u0259 is\u0259 30 il \u0259rzind\u0259 b\u00fct\u00fcn proqnozlar\u0131 bo\u015fa \u00e7\u0131xan, vahid ideoloji platformas\u0131 olmayan, da\u011f\u0131n\u0131q siyasi bax\u0131\u015flara malik, \u0259n m\u00fcxt\u0259lif q\u00fctbl\u0259rin maraqlar\u0131 aras\u0131nda var-g\u0259l etm\u0259kl\u0259 m\u00f6vcudluqlar\u0131n\u0131 qoruyub saxlama\u011fa \u00e7al\u0131\u015fan, prinsipsiz, xaraktersiz qruplar\u0131n n\u0259 dem\u0259yind\u0259n as\u0131l\u0131 olmayaraq, \u00f6lk\u0259 daxilind\u0259 sabitliyin pozulmas\u0131 \u00fc\u00e7\u00fcn he\u00e7 bir \u0259sas yoxdur, \u0259ksin\u0259, Az\u0259rbaycana qar\u015f\u0131 \u0259razi b\u00fct\u00f6vl\u00fcy\u00fcm\u00fcz\u00fcn v\u0259 suverenliyimizin t\u0259min edilm\u0259si kontekstind\u0259 haqs\u0131z h\u00fccumlar xalq\u0131m\u0131zda uzun ill\u0259r boyu d\u0259yi\u015f\u0259c\u0259yi az ehtimal olunan nifr\u0259t hissi oyad\u0131r. AB\u015e \u00fc\u00e7\u00fcn Az\u0259rbaycanla m\u00fcnasib\u0259tl\u0259rin qorunub-saxlan\u0131lmas\u0131, t\u0259kc\u0259 bu \u00f6lk\u0259nin C\u0259nubi Qafqazdak\u0131 maraqlar\u0131 bax\u0131m\u0131ndan \u0259h\u0259miyy\u0259tli deyil. \u00d6lk\u0259miz t\u0259kc\u0259 co\u011frafi bax\u0131mdan deyil, h\u0259m d\u0259 etnososial v\u0259 etnom\u0259d\u0259ni aspektd\u0259n d\u0259 M\u0259rk\u0259zi Asiyaya, T\u00fcrk d\u00fcnyas\u0131na a\u00e7\u0131lan qap\u0131d\u0131r. Az\u0259rbaycanl\u0131lar\u0131n ortaq d\u0259y\u0259rl\u0259r\u0259 sahib 50 milyonluq n\u0259h\u0259ng bir xalq oldu\u011fu n\u0259z\u0259r\u0259 al\u0131narsa, \u00d6n v\u0259 M\u0259rk\u0259zi Asiya regionuna xalq\u0131m\u0131z\u0131n r\u0259yi n\u0259z\u0259r\u0259 al\u0131nmadan he\u00e7 bir \u00f6lk\u0259nin n\u00fcfuz etm\u0259si m\u00fcmk\u00fcn deyil. Bu aspektd\u0259n, indiki halda Az\u0259rbaycana qar\u015f\u0131 tamamil\u0259 \u0259dal\u0259tsiz bir m\u00f6vqed\u0259n \u00e7\u0131x\u0131\u015f ed\u0259r\u0259k birba\u015fa v\u0259 proksid\u00f6vl\u0259tl\u0259r vasit\u0259sil\u0259 h\u00fccum kampaniyalar\u0131 ba\u015fladan t\u0259r\u0259f gec ya tez geri \u00e7\u0259kilm\u0259k v\u0259 m\u00fcnasib\u0259tl\u0259rin normalla\u015fmas\u0131 \u00fc\u00e7\u00fcn konkret add\u0131mlar atmaq m\u0259cburiyy\u0259tind\u0259 qalacaq\u201d.<\/p>\n","protected":false},"excerpt":{"rendered":"<p>B\u0259zi m\u00fcxalif\u0259t t\u0259msil\u00e7il\u0259ri bel\u0259 iddia edir ki, iki \u00f6lk\u0259 aras\u0131nda m\u00fcnasib\u0259tl\u0259rin pisl\u0259\u015fm\u0259si fonunda hakimiyy\u0259t daxild\u0259 repressiyalara \u0259l atacaq ki&#8230; AB\u015e-Az\u0259rbaycan m\u00fcnasib\u0259tl\u0259rind\u0259 yaranm\u0131\u015f g\u0259rginlik v\u0259 hadis\u0259l\u0259rin bundan sonrak\u0131 inki\u015faf\u0131 diqq\u0259tl\u0259 izl\u0259nilir. Yada salaq ki, D\u00f6vl\u0259t Departamentinin Avropa v\u0259 Avrasiya B\u00fcrosundak\u0131 m\u00fcavini, O\u2019Brayenin \u201cAB\u015e-\u0131n Az\u0259rbaycana m\u00fcnasib\u0259ti \u0259vv\u0259lki kimi olmayacaq\u201d b\u0259yanat\u0131na, 907-ci d\u00fcz\u0259li\u015fin yenid\u0259n q\u00fcvv\u0259d\u0259 qalmas\u0131 haqda q\u0259rara cavab olaraq Xarici \u0130\u015fl\u0259r Nazirliyi bu m\u00f6vqeyi \u201cbirt\u0259r\u0259fli, q\u0259r\u0259zli, \u0259sass\u0131z v\u0259 q\u0259buledilm\u0259z\u201d kimi qiym\u0259tl\u0259ndirib,\u00a0 y\u00fcks\u0259k s\u0259viyy\u0259li Amerika n\u00fcmay\u0259nd\u0259l\u0259rinin Bak\u0131ya s\u0259f\u0259rl\u0259rin\u0259 moratorium elan edib. X\u0130N-d\u0259n h\u0259m\u00e7inin qeyd olunub ki, Bak\u0131 Va\u015finqtonda g\u00f6zl\u0259nil\u0259n g\u00f6r\u00fc\u015f\u0259 qat\u0131lmayacaq. O c\u00fcml\u0259d\u0259n&hellip;<\/p>\n","protected":false},"author":2,"featured_media":659830,"comment_status":"closed","ping_status":"closed","sticky":false,"template":"","format":"standard","meta":{"om_disable_all_campaigns":false,"_monsterinsights_skip_tracking":false,"_monsterinsights_sitenote_active":false,"_monsterinsights_sitenote_note":"","_monsterinsights_sitenote_category":0},"categories":[4],"tags":[],"aioseo_notices":[],"gutentor_comment":0,"rttpg_featured_image_url":{"full":["https:\/\/arantv.az\/wp-content\/uploads\/2023\/11\/7b5c16c3c49596376b8edb6761af5384.jpg",450,300,false],"landscape":["https:\/\/arantv.az\/wp-content\/uploads\/2023\/11\/7b5c16c3c49596376b8edb6761af5384.jpg",450,300,false],"portraits":["https:\/\/arantv.az\/wp-content\/uploads\/2023\/11\/7b5c16c3c49596376b8edb6761af5384.jpg",450,300,false],"thumbnail":["https:\/\/arantv.az\/wp-content\/uploads\/2023\/11\/7b5c16c3c49596376b8edb6761af5384-450x280.jpg",450,280,true],"medium":["https:\/\/arantv.az\/wp-content\/uploads\/2023\/11\/7b5c16c3c49596376b8edb6761af5384.jpg",450,300,false],"large":["https:\/\/arantv.az\/wp-content\/uploads\/2023\/11\/7b5c16c3c49596376b8edb6761af5384.jpg",450,300,false],"1536x1536":["https:\/\/arantv.az\/wp-content\/uploads\/2023\/11\/7b5c16c3c49596376b8edb6761af5384.jpg",450,300,false],"2048x2048":["https:\/\/arantv.az\/wp-content\/uploads\/2023\/11\/7b5c16c3c49596376b8edb6761af5384.jpg",450,300,false],"post-thumbnail":["https:\/\/arantv.az\/wp-content\/uploads\/2023\/11\/7b5c16c3c49596376b8edb6761af5384-240x172.jpg",240,172,true],"advps-thumb-one":["https:\/\/arantv.az\/wp-content\/uploads\/2023\/11\/7b5c16c3c49596376b8edb6761af5384.jpg",450,300,false]},"rttpg_author":{"display_name":"V\u00fcsal Rafiqo\u011flu","author_link":"https:\/\/arantv.az\/?author=2"},"rttpg_comment":0,"rttpg_category":"<a href=\"https:\/\/arantv.az\/?cat=4\" rel=\"category\">Siyas\u0259t<\/a>","rttpg_excerpt":"B\u0259zi m\u00fcxalif\u0259t t\u0259msil\u00e7il\u0259ri bel\u0259 iddia edir ki, iki \u00f6lk\u0259 aras\u0131nda m\u00fcnasib\u0259tl\u0259rin pisl\u0259\u015fm\u0259si fonunda hakimiyy\u0259t daxild\u0259 repressiyalara \u0259l atacaq ki&#8230; AB\u015e-Az\u0259rbaycan m\u00fcnasib\u0259tl\u0259rind\u0259 yaranm\u0131\u015f g\u0259rginlik v\u0259 hadis\u0259l\u0259rin bundan sonrak\u0131 inki\u015faf\u0131 diqq\u0259tl\u0259 izl\u0259nilir. Yada salaq ki, D\u00f6vl\u0259t Departamentinin Avropa v\u0259 Avrasiya B\u00fcrosundak\u0131 m\u00fcavini, O\u2019Brayenin \u201cAB\u015e-\u0131n Az\u0259rbaycana m\u00fcnasib\u0259ti \u0259vv\u0259lki kimi olmayacaq\u201d b\u0259yanat\u0131na, 907-ci d\u00fcz\u0259li\u015fin yenid\u0259n q\u00fcvv\u0259d\u0259 qalmas\u0131 haqda q\u0259rara&hellip;","_links":{"self":[{"href":"https:\/\/arantv.az\/index.php?rest_route=\/wp\/v2\/posts\/659825"}],"collection":[{"href":"https:\/\/arantv.az\/index.php?rest_route=\/wp\/v2\/posts"}],"about":[{"href":"https:\/\/arantv.az\/index.php?rest_route=\/wp\/v2\/types\/post"}],"author":[{"embeddable":true,"href":"https:\/\/arantv.az\/index.php?rest_route=\/wp\/v2\/users\/2"}],"replies":[{"embeddable":true,"href":"https:\/\/arantv.az\/index.php?rest_route=%2Fwp%2Fv2%2Fcomments&post=659825"}],"version-history":[{"count":0,"href":"https:\/\/arantv.az\/index.php?rest_route=\/wp\/v2\/posts\/659825\/revisions"}],"wp:featuredmedia":[{"embeddable":true,"href":"https:\/\/arantv.az\/index.php?rest_route=\/wp\/v2\/media\/659830"}],"wp:attachment":[{"href":"https:\/\/arantv.az\/index.php?rest_route=%2Fwp%2Fv2%2Fmedia&parent=659825"}],"wp:term":[{"taxonomy":"category","embeddable":true,"href":"https:\/\/arantv.az\/index.php?rest_route=%2Fwp%2Fv2%2Fcategories&post=659825"},{"taxonomy":"post_tag","embeddable":true,"href":"https:\/\/arantv.az\/index.php?rest_route=%2Fwp%2Fv2%2Ftags&post=659825"}],"curies":[{"name":"wp","href":"https:\/\/api.w.org\/{rel}","templated":true}]}}