{"id":659880,"date":"2023-11-22T11:52:45","date_gmt":"2023-11-22T07:52:45","guid":{"rendered":"https:\/\/arantv.az\/?p=659880"},"modified":"2023-11-22T11:52:45","modified_gmt":"2023-11-22T07:52:45","slug":"prezidentd%c9%99n-q%c9%99rb-paytaxtlarina-sifir-n%c9%99tic%c9%99-cavabi","status":"publish","type":"post","link":"https:\/\/arantv.az\/?p=659880","title":{"rendered":"Prezidentd\u0259n Q\u0259rb paytaxtlar\u0131na \u201cs\u0131f\u0131r n\u0259tic\u0259\u201d cavab\u0131"},"content":{"rendered":"<h3><strong>Siyasi \u015f\u0259rh\u00e7i: \u201c\u0130lham \u018fliyev bununla b\u0259yan etmi\u015f oldu ki, Az\u0259rbaycan m\u00f6vqeyind\u0259n \u00e7\u0259kilm\u0259y\u0259c\u0259k\u201d<\/strong><\/h3>\n<p>Q\u0259rb \u00f6lk\u0259l\u0259rinin, x\u00fcsusil\u0259 AB\u015e v\u0259 Fransan\u0131n son zamanlar artan anti-Az\u0259rbaycan ritorikas\u0131na Prezident \u0130lham \u018fliyev reaksiya verib.<\/p>\n<p>D\u00f6vl\u0259t ba\u015f\u00e7\u0131s\u0131 x\u00fcsusil\u0259 Fransan\u0131n C\u0259nubi Qafqazda \u00e7ox destruktiv rol oynand\u0131\u011f\u0131n\u0131 bir daha b\u0259yan edib: \u201c\u018fslind\u0259 indi Erm\u0259nistan Fransa h\u00f6kum\u0259tinin marionetin\u0259 \u00e7evrilib v\u0259 bu, regional sabitliy\u0259 ciddi t\u0259hl\u00fck\u0259 ola bil\u0259r. Biz\u0259 he\u00e7 bir m\u00fcharib\u0259 laz\u0131m deyil. Biz \u00f6z \u0259razimizd\u0259 vuru\u015furduq v\u0259 \u0259dal\u0259ti, beyn\u0259lxalq h\u00fcququ b\u0259rq\u0259rar etdik. Lakin Erm\u0259nistan h\u00f6kum\u0259ti v\u0259 siyasi istebli\u015fmenti qisas haqq\u0131nda d\u00fc\u015f\u00fcn\u00fcr. Fransa h\u00f6kum\u0259tind\u0259n g\u0259l\u0259n yanl\u0131\u015f mesajlar \u0259slind\u0259 Erm\u0259nistan h\u00f6kum\u0259tind\u0259 v\u0259 ola bilsin, ictimai r\u0259yind\u0259 onlar\u0131n Az\u0259rbaycana qar\u015f\u0131 n\u00f6vb\u0259ti h\u0259rbi t\u0259cav\u00fcz\u0259 ba\u015flaya bil\u0259c\u0259kl\u0259rin\u0259 dair ill\u00fcziya yarad\u0131r. Erm\u0259nistan\u0131 silahland\u0131rmaqla hans\u0131 ki, Fransa q\u00fcrur duyur v\u0259 bunu ictimai \u015f\u0259kild\u0259 bildirir. Erm\u0259nistan yeni bir m\u00fcharib\u0259y\u0259 ba\u015flamaq q\u0259rar\u0131 vers\u0259, bu, ona k\u00f6m\u0259k etm\u0259y\u0259c\u0259k. N\u0259tic\u0259 eyni olacaq. He\u00e7 k\u0259s onlara k\u00f6m\u0259k etm\u0259y\u0259c\u0259k. \u00dc\u00e7 il bundan \u0259vv\u0259l Fransa onlara k\u00f6m\u0259k etdi? Xeyr. \u0130ki ay bundan \u0259vv\u0259l onlara k\u00f6m\u0259k etdi? Xeyr. Onlar burada n\u0259 ed\u0259 bil\u0259rl\u0259r. He\u00e7 n\u0259\u201d.<\/p>\n<p><strong>D\u00f6vl\u0259t ba\u015f\u00e7\u0131s\u0131 deyib ki, Erm\u0259nistan \u00f6z g\u0259l\u0259c\u0259yini regionumuzdan uzaqda yerl\u0259\u015f\u0259n \u00f6lk\u0259l\u0259rin ambisiyalar\u0131 \u00fcz\u0259rind\u0259 deyil, \u00f6z milli maraqlar\u0131na \u0259sas\u0259n planla\u015fd\u0131rmal\u0131d\u0131r:<\/strong>\u00a0\u201cX\u00fcsusil\u0259 qanl\u0131 m\u00fcst\u0259ml\u0259k\u0259 ke\u00e7mi\u015fin\u0259 malik olan \u00f6lk\u0259l\u0259rin ambisiyalar\u0131 \u00fcz\u0259rind\u0259 qurmamal\u0131d\u0131rlar.\u00a0 He\u00e7 bir beyn\u0259lxalq t\u0259zyiq Az\u0259rbaycan xalq\u0131n\u0131n v\u0259 Az\u0259rbaycan h\u00f6kum\u0259tinin irad\u0259sin\u0259 t\u0259sir g\u00f6st\u0259r\u0259 bilm\u0259z. Erm\u0259nistan indi d\u00fcnyan\u0131n m\u00fcxt\u0259lif yerl\u0259rind\u0259 olan diaspor t\u0259\u015fkilatlar\u0131ndan Az\u0259rbaycana h\u0259r yerd\u0259 h\u00fccum etm\u0259k \u00fc\u00e7\u00fcn istifad\u0259 edir. Lakin onlar \u00fc\u00e7\u00fcn bu, s\u0131f\u0131r n\u0259tic\u0259 ver\u0259c\u0259k. Biz s\u00fclh\u0259 haz\u0131r\u0131q, lakin \u0259dal\u0259tli s\u00fclh\u0259, h\u0259r iki \u00f6lk\u0259nin \u0259razi b\u00fct\u00f6vl\u00fcy\u00fcn\u00fcn v\u0259 suverenliyinin tan\u0131nmas\u0131 \u0259sas\u0131nda olan s\u00fclh\u0259. Biz sa\u011flam d\u00fc\u015f\u00fcnc\u0259y\u0259 v\u0259 tarixi \u0259dal\u0259t\u0259 \u0259saslanan s\u00fclh\u0259 haz\u0131r\u0131q. Bel\u0259likl\u0259, m\u0259n h\u0259mkar\u0131m\u0131 bu bar\u0259d\u0259 m\u0259lumatland\u0131rd\u0131m ki, C\u0259nubi Qafqazda real v\u0259ziyy\u0259ti daha yax\u015f\u0131 anlamaq m\u00fcmk\u00fcn olsun\u201d.<\/p>\n<p>G\u00fcman etm\u0259k olar ki, bu fikirl\u0259r h\u0259m d\u0259 \u00f6t\u0259n h\u0259ft\u0259 AB\u015e-da anti-Az\u0259rbaycan q\u0259rarlar\u0131na cavabd\u0131r. D\u00f6vl\u0259t ba\u015f\u00e7\u0131s\u0131 \u0259minlikl\u0259 deyib ki, bu c\u0259hdl\u0259r \u201cs\u0131f\u0131r n\u0259tic\u0259\u201d ver\u0259c\u0259k.<\/p>\n<p><img src=\"https:\/\/www.yeniazerbaycan.com\/yukle\/shekil\/2020_10_30_65198_30.10.2020.7.jpg\" alt=\"Abutal\u0131b S\u0259m\u0259dov: Az\u0259rbaycan h\u0259m h\u0259rbi m\u00fcst\u0259vid\u0259, h\u0259m diplomatiya  c\u0259bh\u0259sind\u0259, h\u0259m d\u0259 informasiya m\u00fcharib\u0259sind\u0259 b\u00f6y\u00fck \u00fcst\u00fcnl\u00fck \u0259ld\u0259 edib\" \/><\/p>\n<p><strong>Abutal\u0131b S\u0259m\u0259dov\u00a0<\/strong><\/p>\n<p><strong>Siyasi \u015f\u0259rh\u00e7i Abutal\u0131b S\u0259m\u0259dov \u201cYeni M\u00fcsavat\u201da bildirdi ki, Erm\u0259nistan h\u00f6kum\u0259ti Fransan\u0131n, h\u0259m\u00e7inin AB\u015e-\u0131n marionetin\u0259 \u00e7evrilib:<\/strong>\u00a0\u201cFransa hesab edir ki, C\u0259nubi Qafqazda Rusiyan\u0131n yeri tamamil\u0259 bo\u015falacaq v\u0259 bo\u015falan yeri onlar tutacaq. Erm\u0259nistana n\u00fcfuz etm\u0259sind\u0259 m\u0259qs\u0259dl\u0259rind\u0259n biri budur. Az\u0259rbaycan Prezidentinin \u0130raq r\u0259hb\u0259ri il\u0259 g\u00f6r\u00fc\u015fd\u0259 Fransa bar\u0259d\u0259 dedikl\u0259ri \u0259slind\u0259 daha \u00e7ox AB\u015e-a aiddir. Fransan\u0131n AB\u015e-la m\u00fcqayis\u0259d\u0259 Erm\u0259nistan-Az\u0259rbaycan dan\u0131\u015f\u0131qlar\u0131na t\u0259sir imkanlar\u0131 o q\u0259d\u0259r d\u0259 \u00e7ox deyil. Uzun m\u00fcdd\u0259tdir ki, Makron son d\u0259r\u0259c\u0259 destruktiv b\u0259yanatlar verir v\u0259 s\u00fclh dan\u0131\u015f\u0131qlar\u0131n\u0131 pozmaq \u00fc\u00e7\u00fcn \u0259lind\u0259n g\u0259l\u0259ni edir. Ancaq bu b\u0259yanatlara baxmayaraq, Br\u00fcssel prosesi dayanmad\u0131, davam el\u0259di. Eyni zamanda Va\u015finqtonda da dan\u0131\u015f\u0131qlar s\u0259ngim\u0259di. Orada da \u00e7ox d\u0259y\u0259rli g\u00f6r\u00fc\u015fl\u0259r ke\u00e7irildi. Ancaq AB\u015e-\u0131n tutdu\u011fu \u0259dal\u0259tsiz m\u00f6vqe s\u00fclh prosesin\u0259 b\u00f6y\u00fck z\u0259rb\u0259 vurdu. Art\u0131q proses dalana dir\u0259nib v\u0259 \u00e7ox t\u0259\u0259ss\u00fcf ki, bu reall\u0131qlar\u0131 q\u0259bul edib Erm\u0259nistan\u0131 d\u00fczg\u00fcn istiqam\u0259t\u0259 y\u00f6nl\u0259ndirm\u0259k \u0259v\u0259zin\u0259 AB\u015e yanl\u0131\u015f b\u0259yanatlar verir, prosesi bir az da \u00e7\u0131x\u0131lmaza salma\u011fa \u00e7al\u0131\u015f\u0131r. Baxmayaraq ki, Az\u0259rbaycan iki ayd\u0131r Erm\u0259nistandan s\u00fclh t\u0259klifl\u0259rin\u0259 cavab g\u00f6zl\u0259yir, AB\u015e is\u0259 Az\u0259rbaycan\u0131 g\u00fcnahkar elan el\u0259yir.\u00a0 Baxmayaraq ki, s\u00fclh dan\u0131\u015f\u0131qlar\u0131n\u0131n ba\u015flanmas\u0131 t\u0259\u015f\u0259bb\u00fcs\u00fc il\u0259 2021-ci ilin mart\u0131nda Az\u0259rbaycan s\u00fclh sazi\u015fi \u00fc\u00e7\u00fcn baza prinsipl\u0259rini t\u0259qdim edib. Erm\u0259nistan qeyri-konstruktiv t\u0259klifl\u0259r verm\u0259kl\u0259 dan\u0131\u015f\u0131qlar\u0131 uzatma\u011fa, l\u0259ngitm\u0259y\u0259 \u00e7al\u0131\u015f\u0131b v\u0259 sonuncu d\u0259f\u0259 Qranada g\u00f6r\u00fc\u015f\u00fc \u0259r\u0259f\u0259sind\u0259 yenid\u0259n \u00fc\u00e7 \u0259lav\u0259 prinsipl\u0259 ortaya \u00e7\u0131x\u0131b, lakin yen\u0259 d\u0259 Amerikan\u0131n d\u00fc\u015f\u00fcnc\u0259sin\u0259 g\u00f6r\u0259 g\u00fcnahkar Erm\u0259nistan deyil, Az\u0259rbaycand\u0131r. T\u0259biidir ki, bu \u015f\u0259raitd\u0259 Avropa \u0130ttifaq\u0131n\u0131n, AB\u015e-\u0131n vasit\u0259\u00e7iliyi il\u0259 ke\u00e7iril\u0259n g\u00f6r\u00fc\u015fl\u0259rd\u0259 i\u015ftirak etm\u0259k m\u0259nas\u0131zd\u0131r. Az\u0259rbaycan Prezidenti \u0130lham \u018fliyevin \u0130raq prezidenti il\u0259 g\u00f6r\u00fc\u015fd\u0259 s\u00f6yl\u0259diyi fikirl\u0259r AB\u015e-da ba\u015flanan anti-Az\u0259rbaycan kampaniyas\u0131na v\u0259 veril\u0259n q\u0259rarlara cavabd\u0131r. Az\u0259rbaycan lideri b\u0259yan edir ki, Amerikan\u0131n v\u0259 Fransan\u0131n add\u0131mlar\u0131 s\u00fclh prosesin\u0259 z\u0259rb\u0259 vurmaqd\u0131r. Az\u0259rbaycan m\u00f6vqeyind\u0259 m\u00f6hk\u0259mdir, m\u00f6vqeyind\u0259n \u00e7\u0259kilm\u0259y\u0259c\u0259k. \u00c7\u00fcnki \u0259dal\u0259tli, haql\u0131 t\u0259r\u0259f Az\u0259rbaycand\u0131r, s\u00fclh\u00fc ham\u0131dan \u00e7ox ist\u0259y\u0259n Az\u0259rbaycand\u0131r&#8221;.<\/p>\n<p><strong>Siyasi \u015f\u0259rh\u00e7i qeyd etdi ki, Az\u0259rbaycana qar\u015f\u0131 o c\u00fcr \u0259dal\u0259tsiz b\u0259yanatlar daha \u00e7ox s\u00fclh prosesini l\u0259ngitm\u0259y\u0259 y\u00f6n\u0259lib. V\u0259 \u00e7ox t\u0259\u0259ss\u00fcf ki, l\u0259ngitm\u0259kd\u0259 davam edir:<\/strong>\u00a0\u201c\u00dcmid ed\u0259k ki, bu yanl\u0131\u015f x\u0259td\u0259n AB\u015e imtina ed\u0259c\u0259k v\u0259 dan\u0131\u015f\u0131qlar\u0131n G\u00fcrc\u00fcstanda davam etdirilm\u0259sinin daha d\u00fczg\u00fcn olaca\u011f\u0131n\u0131 Erm\u0259nistana ba\u015fa salacaq. Burada t\u0259rslik etm\u0259k, m\u00fctl\u0259q Q\u0259rb \u00f6lk\u0259l\u0259rinin birind\u0259 s\u00fclh sazi\u015finin imzalanmas\u0131nda t\u0259kid etm\u0259k yaln\u0131z prosesi pozmaqd\u0131r. Bu g\u00fcn h\u0259m Rusiyan\u0131n, h\u0259m Amerikan\u0131n v\u0259 onun m\u00fctt\u0259fiql\u0259rinin q\u0259bul ed\u0259 bil\u0259c\u0259yi bir yer var, o da G\u00fcrc\u00fcstand\u0131r. N\u0259 q\u0259d\u0259r tez h\u0259r iki t\u0259r\u0259f bu istiqam\u0259td\u0259 add\u0131m atma\u011fa ba\u015flasa, s\u00fclh sazi\u015fini o q\u0259d\u0259r d\u0259 tez imzalamaq m\u00fcmk\u00fcnd\u00fcr. Az\u0259rbaycan Prezidenti d\u0259f\u0259l\u0259rl\u0259 deyib ki, \u0259slin\u0259 qalsa, raz\u0131la\u015fd\u0131r\u0131lmam\u0131\u015f el\u0259 d\u0259 ciddi m\u0259s\u0259l\u0259l\u0259r qalmay\u0131b, s\u00fclh sazi\u015fini q\u0131sa m\u00fcdd\u0259td\u0259 imzalamaq m\u00fcmk\u00fcnd\u00fcr. Eyni b\u0259yanatlar\u0131 Nikol Pa\u015finyan da verib. Problem s\u00fclh sazi\u015fini harada imzalamaqdan ibar\u0259tdir. G\u00fcrc\u00fcstan variant\u0131 se\u00e7ilm\u0259lidir v\u0259 ilin sonuna q\u0259d\u0259r s\u00fclh sazi\u015finin imzalanmas\u0131na nail olunmal\u0131d\u0131r\u201d.<\/p>\n","protected":false},"excerpt":{"rendered":"<p>Siyasi \u015f\u0259rh\u00e7i: \u201c\u0130lham \u018fliyev bununla b\u0259yan etmi\u015f oldu ki, Az\u0259rbaycan m\u00f6vqeyind\u0259n \u00e7\u0259kilm\u0259y\u0259c\u0259k\u201d Q\u0259rb \u00f6lk\u0259l\u0259rinin, x\u00fcsusil\u0259 AB\u015e v\u0259 Fransan\u0131n son zamanlar artan anti-Az\u0259rbaycan ritorikas\u0131na Prezident \u0130lham \u018fliyev reaksiya verib. D\u00f6vl\u0259t ba\u015f\u00e7\u0131s\u0131 x\u00fcsusil\u0259 Fransan\u0131n C\u0259nubi Qafqazda \u00e7ox destruktiv rol oynand\u0131\u011f\u0131n\u0131 bir daha b\u0259yan edib: \u201c\u018fslind\u0259 indi Erm\u0259nistan Fransa h\u00f6kum\u0259tinin marionetin\u0259 \u00e7evrilib v\u0259 bu, regional sabitliy\u0259 ciddi t\u0259hl\u00fck\u0259 ola bil\u0259r. Biz\u0259 he\u00e7 bir m\u00fcharib\u0259 laz\u0131m deyil. Biz \u00f6z \u0259razimizd\u0259 vuru\u015furduq v\u0259 \u0259dal\u0259ti, beyn\u0259lxalq h\u00fcququ b\u0259rq\u0259rar etdik. Lakin Erm\u0259nistan h\u00f6kum\u0259ti v\u0259 siyasi istebli\u015fmenti qisas haqq\u0131nda d\u00fc\u015f\u00fcn\u00fcr. Fransa h\u00f6kum\u0259tind\u0259n g\u0259l\u0259n yanl\u0131\u015f mesajlar \u0259slind\u0259 Erm\u0259nistan h\u00f6kum\u0259tind\u0259&hellip;<\/p>\n","protected":false},"author":2,"featured_media":659881,"comment_status":"closed","ping_status":"closed","sticky":false,"template":"","format":"standard","meta":{"om_disable_all_campaigns":false,"_monsterinsights_skip_tracking":false,"_monsterinsights_sitenote_active":false,"_monsterinsights_sitenote_note":"","_monsterinsights_sitenote_category":0},"categories":[4],"tags":[],"aioseo_notices":[],"gutentor_comment":0,"rttpg_featured_image_url":{"full":["https:\/\/arantv.az\/wp-content\/uploads\/2023\/11\/ecc39d3aed890e25bd0436bd61e8dd52.jpg",850,500,false],"landscape":["https:\/\/arantv.az\/wp-content\/uploads\/2023\/11\/ecc39d3aed890e25bd0436bd61e8dd52.jpg",850,500,false],"portraits":["https:\/\/arantv.az\/wp-content\/uploads\/2023\/11\/ecc39d3aed890e25bd0436bd61e8dd52.jpg",850,500,false],"thumbnail":["https:\/\/arantv.az\/wp-content\/uploads\/2023\/11\/ecc39d3aed890e25bd0436bd61e8dd52-500x280.jpg",500,280,true],"medium":["https:\/\/arantv.az\/wp-content\/uploads\/2023\/11\/ecc39d3aed890e25bd0436bd61e8dd52-621x365.jpg",621,365,true],"large":["https:\/\/arantv.az\/wp-content\/uploads\/2023\/11\/ecc39d3aed890e25bd0436bd61e8dd52-840x494.jpg",640,376,true],"1536x1536":["https:\/\/arantv.az\/wp-content\/uploads\/2023\/11\/ecc39d3aed890e25bd0436bd61e8dd52.jpg",850,500,false],"2048x2048":["https:\/\/arantv.az\/wp-content\/uploads\/2023\/11\/ecc39d3aed890e25bd0436bd61e8dd52.jpg",850,500,false],"post-thumbnail":["https:\/\/arantv.az\/wp-content\/uploads\/2023\/11\/ecc39d3aed890e25bd0436bd61e8dd52-240x172.jpg",240,172,true],"advps-thumb-one":["https:\/\/arantv.az\/wp-content\/uploads\/2023\/11\/ecc39d3aed890e25bd0436bd61e8dd52.jpg",850,500,false]},"rttpg_author":{"display_name":"V\u00fcsal Rafiqo\u011flu","author_link":"https:\/\/arantv.az\/?author=2"},"rttpg_comment":0,"rttpg_category":"<a href=\"https:\/\/arantv.az\/?cat=4\" rel=\"category\">Siyas\u0259t<\/a>","rttpg_excerpt":"Siyasi \u015f\u0259rh\u00e7i: \u201c\u0130lham \u018fliyev bununla b\u0259yan etmi\u015f oldu ki, Az\u0259rbaycan m\u00f6vqeyind\u0259n \u00e7\u0259kilm\u0259y\u0259c\u0259k\u201d Q\u0259rb \u00f6lk\u0259l\u0259rinin, x\u00fcsusil\u0259 AB\u015e v\u0259 Fransan\u0131n son zamanlar artan anti-Az\u0259rbaycan ritorikas\u0131na Prezident \u0130lham \u018fliyev reaksiya verib. D\u00f6vl\u0259t ba\u015f\u00e7\u0131s\u0131 x\u00fcsusil\u0259 Fransan\u0131n C\u0259nubi Qafqazda \u00e7ox destruktiv rol oynand\u0131\u011f\u0131n\u0131 bir daha b\u0259yan edib: \u201c\u018fslind\u0259 indi Erm\u0259nistan Fransa h\u00f6kum\u0259tinin marionetin\u0259 \u00e7evrilib v\u0259 bu, regional sabitliy\u0259 ciddi t\u0259hl\u00fck\u0259&hellip;","_links":{"self":[{"href":"https:\/\/arantv.az\/index.php?rest_route=\/wp\/v2\/posts\/659880"}],"collection":[{"href":"https:\/\/arantv.az\/index.php?rest_route=\/wp\/v2\/posts"}],"about":[{"href":"https:\/\/arantv.az\/index.php?rest_route=\/wp\/v2\/types\/post"}],"author":[{"embeddable":true,"href":"https:\/\/arantv.az\/index.php?rest_route=\/wp\/v2\/users\/2"}],"replies":[{"embeddable":true,"href":"https:\/\/arantv.az\/index.php?rest_route=%2Fwp%2Fv2%2Fcomments&post=659880"}],"version-history":[{"count":0,"href":"https:\/\/arantv.az\/index.php?rest_route=\/wp\/v2\/posts\/659880\/revisions"}],"wp:featuredmedia":[{"embeddable":true,"href":"https:\/\/arantv.az\/index.php?rest_route=\/wp\/v2\/media\/659881"}],"wp:attachment":[{"href":"https:\/\/arantv.az\/index.php?rest_route=%2Fwp%2Fv2%2Fmedia&parent=659880"}],"wp:term":[{"taxonomy":"category","embeddable":true,"href":"https:\/\/arantv.az\/index.php?rest_route=%2Fwp%2Fv2%2Fcategories&post=659880"},{"taxonomy":"post_tag","embeddable":true,"href":"https:\/\/arantv.az\/index.php?rest_route=%2Fwp%2Fv2%2Ftags&post=659880"}],"curies":[{"name":"wp","href":"https:\/\/api.w.org\/{rel}","templated":true}]}}