{"id":659890,"date":"2023-11-22T12:05:00","date_gmt":"2023-11-22T08:05:00","guid":{"rendered":"https:\/\/arantv.az\/?p=659890"},"modified":"2023-11-22T12:05:00","modified_gmt":"2023-11-22T08:05:00","slug":"komit%c9%99-s%c9%99dri-qirgizistana-s%c9%99f%c9%99r-edib-foto","status":"publish","type":"post","link":"https:\/\/arantv.az\/?p=659890","title":{"rendered":"Komit\u0259 s\u0259dri Q\u0131r\u011f\u0131z\u0131stana s\u0259f\u0259r edib &#8211; FOTO"},"content":{"rendered":"<p>Diasporla \u0130\u015f \u00fczr\u0259 D\u00f6vl\u0259t Komit\u0259sinin s\u0259dri Fuad Muradov Q\u0131r\u011f\u0131z Respublikas\u0131na s\u0259f\u0259ri \u00e7\u0259r\u00e7iv\u0259sind\u0259 paytaxt Bi\u015fkekd\u0259 f\u0259aliyy\u0259t g\u00f6st\u0259r\u0259n Heyd\u0259r \u018fliyev ad\u0131na 20 n\u00f6mr\u0259li M\u0259kt\u0259b-Gimnaziya t\u0259hsil-t\u0259rbiy\u0259 kompleksini, Nizami G\u0259nc\u0259vi ad\u0131na 103 n\u00f6mr\u0259li Q\u0131r\u011f\u0131z\u0131stan-Az\u0259rbaycan orta m\u0259kt\u0259bini v\u0259 \u201c\u0130rs\u201d \u0130ctimai Birliyinin n\u0259zdind\u0259ki h\u0259ft\u0259sonu Az\u0259rbaycan m\u0259kt\u0259bini ziyar\u0259t edib.<\/p>\n<p>Komit\u0259d\u0259n veril\u0259n m\u0259lumata g\u00f6r\u0259, kompleksl\u0259 tan\u0131\u015fl\u0131q m\u00fcasir Az\u0259rbaycan d\u00f6vl\u0259tinin qurucusu, \u00fcmummilli lider Heyd\u0259r \u018fliyevin m\u0259kt\u0259bin foyesind\u0259ki b\u00fcst\u00fcn\u00fcn b\u00f6y\u00fck ehtiramla ziyar\u0259t edilm\u0259sind\u0259n v\u0259 abid\u0259sinin \u00f6n\u00fcn\u0259 g\u00fcll\u0259rin d\u00fcz\u00fclm\u0259sind\u0259n ba\u015flay\u0131b.<\/p>\n<p>Qona\u011f\u0131 s\u0259mimiyy\u0259tl\u0259 salamlayan m\u0259kt\u0259b-gimnaziyan\u0131n r\u0259hb\u0259rliyi t\u00fcrk d\u00fcnyas\u0131n\u0131n g\u00f6rk\u0259mli xadimi Heyd\u0259r \u018fliyevin b\u00fcst\u00fc, onun ad\u0131n\u0131 da\u015f\u0131yan otaq, h\u0259yat\u0131n\u0131 v\u0259 f\u0259aliyy\u0259tini \u0259ks etdir\u0259n stend, m\u0259kt\u0259bin 12 oktyabr 2022-ci il tarixli a\u00e7\u0131l\u0131\u015f m\u0259rasimind\u0259 Az\u0259rbaycan v\u0259 Q\u0131r\u011f\u0131z\u0131stan prezidentl\u0259rinin i\u015ftirak\u0131, d\u00f6vl\u0259t ba\u015f\u00e7\u0131m\u0131z\u0131n Bi\u015fkek\u0259 s\u0259f\u0259rini \u0259ks etdir\u0259n \u201cQ\u0131r\u011f\u0131z\u0131stan-Az\u0259rbaycan Dostlu\u011fu\u201d stendi v\u0259 t\u0259hsil-t\u0259rbiy\u0259 kompleksinin f\u0259aliyy\u0259ti bar\u0259d\u0259 \u0259trafl\u0131 m\u0259lumat verib.<\/p>\n<p>Kompleksd\u0259ki d\u0259rs prosesi v\u0259 burada yarad\u0131lm\u0131\u015f \u015f\u0259raitl\u0259 tan\u0131\u015fl\u0131q zaman\u0131 \u015fagirdl\u0259rin ifas\u0131nda Az\u0259rbaycan v\u0259 q\u0131r\u011f\u0131z musiqisi, r\u0259qsl\u0259ri t\u0259qdim olunub. Komit\u0259nin ad\u0131ndan m\u0259kt\u0259b\u0259 Az\u0259rbaycan bayra\u011f\u0131, milli geyim d\u0259sti, milli musiqi \u0259s\u0259rl\u0259rimizin notlar\u0131ndan ibar\u0259t kitab h\u0259diyy\u0259 edilib.<\/p>\n<p>Az\u0259rbaycan\u0131n dahi \u015fairi v\u0259 m\u00fct\u0259f\u0259kkiri Nizami G\u0259nc\u0259vinin ad\u0131n\u0131 da\u015f\u0131yan 103 n\u00f6mr\u0259li Q\u0131r\u011f\u0131z\u0131stan-Az\u0259rbaycan orta m\u0259kt\u0259bi il\u0259 tan\u0131\u015fl\u0131q q\u00fcdr\u0259tli s\u00f6z ustad\u0131n\u0131n m\u0259kt\u0259bin foyesind\u0259ki b\u00fcst\u00fcn\u00fcn ziyar\u0259ti il\u0259 ba\u015flay\u0131b. Sonra q\u0131r\u011f\u0131z \u015fagirdl\u0259rinin ifas\u0131nda Q\u0131r\u011f\u0131z\u0131stan v\u0259 Az\u0259rbaycan\u0131n D\u00f6vl\u0259t himnl\u0259ri s\u0259sl\u0259ndirilib, m\u0259d\u0259ni proqram v\u0259 m\u0259kt\u0259bin f\u0259aliyy\u0259tind\u0259n b\u0259hs ed\u0259n virdeo\u00e7arx n\u00fcmayi\u015f etdirilib. M\u0259kt\u0259bd\u0259 yarad\u0131lm\u0131\u015f \u015f\u0259raitl\u0259 tan\u0131\u015fl\u0131qdan sonra t\u0259dris oca\u011f\u0131na Nizami G\u0259nc\u0259vinin alman dilin\u0259 t\u0259rc\u00fcm\u0259 edilmi\u015f kitab\u0131 v\u0259 Az\u0259rbaycan milli geyimi d\u0259sti h\u0259diyy\u0259 edilib.<\/p>\n<p>\u201c\u0130rs\u201d \u0130ctimai Birliyinin n\u0259zdind\u0259ki h\u0259ft\u0259sonu Az\u0259rbaycan m\u0259kt\u0259binin f\u0259aliyy\u0259ti il\u0259 tan\u0131\u015fl\u0131q zaman\u0131 a\u00e7\u0131q d\u0259rs prosesi izl\u0259nib. \u015eagirdl\u0259r Az\u0259rbaycan dilind\u0259 m\u00fcxt\u0259lif \u015feirl\u0259r s\u0259sl\u0259ndiribl\u0259r. Qona\u011fa m\u0259kt\u0259bin f\u0259aliyy\u0259t istiqam\u0259tl\u0259ri, Az\u0259rbaycan dili d\u0259rslikl\u0259rinin t\u0259minat\u0131 v\u0259 dig\u0259r z\u0259ruri m\u0259s\u0259l\u0259l\u0259r bar\u0259d\u0259 \u0259trafl\u0131 m\u0259lumat verilib.<\/p>\n<p>Komit\u0259 s\u0259dri d\u0259rsl\u0259rd\u0259 k\u00fctl\u0259viliyin t\u0259min olunmas\u0131n\u0131n, Q\u0131r\u011f\u0131z\u0131standa ya\u015fayan yeni n\u0259sil az\u0259rbaycanl\u0131lar\u0131n do\u011fma dilimizi \u00f6yr\u0259nm\u0259sinin, valideynl\u0259rin d\u0259 Az\u0259rbaycan dili d\u0259rsl\u0259rind\u0259 i\u015ftirak\u0131n\u0131n \u00f6n\u0259mini diqq\u0259t\u0259 \u00e7atd\u0131r\u0131b v\u0259 m\u0259kt\u0259blil\u0259rin d\u0259rsl\u0259r bar\u0259d\u0259 fikri il\u0259 maraqlan\u0131b.<\/p>\n<p>Komit\u0259nin ad\u0131ndan m\u0259rk\u0259z\u0259 d\u0259rslikl\u0259r, d\u0259rs l\u0259vazimatlar\u0131 v\u0259 h\u0259diyy\u0259l\u0259r t\u0259qdim olunub. G\u00f6r\u00fc\u015f\u00fcn sonunda xatir\u0259 \u015f\u0259kli \u00e7\u0259kdirilib.<\/p>\n<p>G\u00f6r\u00fc\u015fl\u0259rd\u0259 Az\u0259rbaycan\u0131n Q\u0131r\u011f\u0131z Respublikas\u0131ndak\u0131 s\u0259firliyinin konsulu M\u00fcbariz C\u0259f\u0259rov, \u201cAz\u0259ri\u201d \u0130ctimai Birliyinin f\u0259xri prezidenti Akif Alaferdov v\u0259 \u201c\u0130rs\u201d \u0130ctimai Birliyinin s\u0259dri Xans\u0131var Bax\u015f\u0259liyev i\u015ftirak edibl\u0259r.<\/p>\n<p>&nbsp;<\/p>\n<div class=\"gallery\">\n<div class=\"gallery-i\"><img src=\"https:\/\/cdn.oxu.az\/uploads\/W1siZiIsIjIwMjMvMTEvMjIvMTEvMzAvMTEvNjE0MmFmODMtMzY0ZC00Y2M5LThlNzgtYWZlZWI5NjA5OWQxL2Jpc2tlayAoNikgKDEpLmpwZyJdLFsicCIsImVuY29kZSIsImpwZyIsIi1xdWFsaXR5IDgwIl0sWyJwIiwidGh1bWIiLCI1OTB4NTkwXHUwMDNlIl1d?sha=22616b8623784d19\" alt=\"\" \/><\/p>\n<div class=\"gallery-i-caption\"><\/div>\n<\/div>\n<div class=\"gallery-i\"><img src=\"https:\/\/cdn.oxu.az\/uploads\/W1siZiIsIjIwMjMvMTEvMjIvMTEvMzAvMTEvMWEyNmRiZjMtNTA3Ny00ZjViLTg1NWYtYWI0YTRkOWJmYWYzL2Jpc2tlayAoNykuanBnIl0sWyJwIiwiZW5jb2RlIiwianBnIiwiLXF1YWxpdHkgODAiXSxbInAiLCJ0aHVtYiIsIjU5MHg1OTBcdTAwM2UiXV0?sha=3c4de437be1ca29d\" alt=\"\" \/><\/p>\n<div class=\"gallery-i-caption\"><\/div>\n<\/div>\n<div class=\"gallery-i\"><img src=\"https:\/\/cdn.oxu.az\/uploads\/W1siZiIsIjIwMjMvMTEvMjIvMTEvMzAvMTEvMGJlOTljYWMtZDFlMC00ZDkzLTliNWUtMGZlNDc4MDA0NDlhL2Jpc2tlayAoOCkuanBnIl0sWyJwIiwiZW5jb2RlIiwianBnIiwiLXF1YWxpdHkgODAiXSxbInAiLCJ0aHVtYiIsIjU5MHg1OTBcdTAwM2UiXV0?sha=46732e3152a049fc\" alt=\"\" \/><\/p>\n<div class=\"gallery-i-caption\"><\/div>\n<\/div>\n<div class=\"gallery-i\"><img src=\"https:\/\/cdn.oxu.az\/uploads\/W1siZiIsIjIwMjMvMTEvMjIvMTEvMzAvMTEvYTY3YWVjOTAtMjY3NC00NTA2LTkzZmYtOGU0OTUwY2FkNmIxL2Jpc2tlayAoNCkuanBnIl0sWyJwIiwiZW5jb2RlIiwianBnIiwiLXF1YWxpdHkgODAiXSxbInAiLCJ0aHVtYiIsIjU5MHg1OTBcdTAwM2UiXV0?sha=ee143a7bbe78bd4f\" alt=\"\" \/><\/p>\n<div class=\"gallery-i-caption\"><\/div>\n<\/div>\n<div class=\"gallery-i\"><img src=\"https:\/\/cdn.oxu.az\/uploads\/W1siZiIsIjIwMjMvMTEvMjIvMTEvMzAvMTEvOThmNGQzOGQtZGE0Zi00MGVkLTgzZjAtNWMzMWMyNzgzZjhlL2Jpc2tlayAoNSkuanBnIl0sWyJwIiwiZW5jb2RlIiwianBnIiwiLXF1YWxpdHkgODAiXSxbInAiLCJ0aHVtYiIsIjU5MHg1OTBcdTAwM2UiXV0?sha=6e7333f507871c97\" alt=\"\" \/><\/p>\n<div class=\"gallery-i-caption\"><\/div>\n<\/div>\n<div class=\"gallery-i\"><img src=\"https:\/\/cdn.oxu.az\/uploads\/W1siZiIsIjIwMjMvMTEvMjIvMTEvMzAvMTEvNjE4Mjg5OGYtMmQ2Ni00YjFmLWIyNDMtOGJlNDZlODM0YTlkL2Jpc2tlayAoMykuanBnIl0sWyJwIiwiZW5jb2RlIiwianBnIiwiLXF1YWxpdHkgODAiXSxbInAiLCJ0aHVtYiIsIjU5MHg1OTBcdTAwM2UiXV0?sha=58a7d38db77cf0f0\" alt=\"\" \/><\/p>\n<div class=\"gallery-i-caption\"><\/div>\n<\/div>\n<div class=\"gallery-i\"><img src=\"https:\/\/cdn.oxu.az\/uploads\/W1siZiIsIjIwMjMvMTEvMjIvMTEvMzAvMTEvN2Q1MjcwNDQtYmI4NS00NGEzLTk3MDktY2FkOTU2NjNiNTUwL2Jpc2tlayAoMikuanBnIl0sWyJwIiwiZW5jb2RlIiwianBnIiwiLXF1YWxpdHkgODAiXSxbInAiLCJ0aHVtYiIsIjU5MHg1OTBcdTAwM2UiXV0?sha=6ce609f26cae047d\" alt=\"\" \/><\/p>\n<div class=\"gallery-i-caption\"><\/div>\n<\/div>\n<div class=\"gallery-i\"><img src=\"https:\/\/cdn.oxu.az\/uploads\/W1siZiIsIjIwMjMvMTEvMjIvMTEvMzAvMTEvYmFlMTgyYWQtODAxNC00MmU3LThmNDYtOGUwYTU4YThmMmU4L2Jpc2tlayAoOSkuanBnIl0sWyJwIiwiZW5jb2RlIiwianBnIiwiLXF1YWxpdHkgODAiXSxbInAiLCJ0aHVtYiIsIjU5MHg1OTBcdTAwM2UiXV0?sha=f14190fea3a528d1\" alt=\"\" \/><\/div>\n<\/div>\n","protected":false},"excerpt":{"rendered":"<p>Diasporla \u0130\u015f \u00fczr\u0259 D\u00f6vl\u0259t Komit\u0259sinin s\u0259dri Fuad Muradov Q\u0131r\u011f\u0131z Respublikas\u0131na s\u0259f\u0259ri \u00e7\u0259r\u00e7iv\u0259sind\u0259 paytaxt Bi\u015fkekd\u0259 f\u0259aliyy\u0259t g\u00f6st\u0259r\u0259n Heyd\u0259r \u018fliyev ad\u0131na 20 n\u00f6mr\u0259li M\u0259kt\u0259b-Gimnaziya t\u0259hsil-t\u0259rbiy\u0259 kompleksini, Nizami G\u0259nc\u0259vi ad\u0131na 103 n\u00f6mr\u0259li Q\u0131r\u011f\u0131z\u0131stan-Az\u0259rbaycan orta m\u0259kt\u0259bini v\u0259 \u201c\u0130rs\u201d \u0130ctimai Birliyinin n\u0259zdind\u0259ki h\u0259ft\u0259sonu Az\u0259rbaycan m\u0259kt\u0259bini ziyar\u0259t edib. Komit\u0259d\u0259n veril\u0259n m\u0259lumata g\u00f6r\u0259, kompleksl\u0259 tan\u0131\u015fl\u0131q m\u00fcasir Az\u0259rbaycan d\u00f6vl\u0259tinin qurucusu, \u00fcmummilli lider Heyd\u0259r \u018fliyevin m\u0259kt\u0259bin foyesind\u0259ki b\u00fcst\u00fcn\u00fcn b\u00f6y\u00fck ehtiramla ziyar\u0259t edilm\u0259sind\u0259n v\u0259 abid\u0259sinin \u00f6n\u00fcn\u0259 g\u00fcll\u0259rin d\u00fcz\u00fclm\u0259sind\u0259n ba\u015flay\u0131b. Qona\u011f\u0131 s\u0259mimiyy\u0259tl\u0259 salamlayan m\u0259kt\u0259b-gimnaziyan\u0131n r\u0259hb\u0259rliyi t\u00fcrk d\u00fcnyas\u0131n\u0131n g\u00f6rk\u0259mli xadimi Heyd\u0259r \u018fliyevin b\u00fcst\u00fc, onun ad\u0131n\u0131 da\u015f\u0131yan otaq, h\u0259yat\u0131n\u0131 v\u0259 f\u0259aliyy\u0259tini \u0259ks etdir\u0259n&hellip;<\/p>\n","protected":false},"author":2,"featured_media":659891,"comment_status":"closed","ping_status":"closed","sticky":false,"template":"","format":"standard","meta":{"om_disable_all_campaigns":false,"_monsterinsights_skip_tracking":false,"_monsterinsights_sitenote_active":false,"_monsterinsights_sitenote_note":"","_monsterinsights_sitenote_category":0},"categories":[4],"tags":[],"aioseo_notices":[],"gutentor_comment":0,"rttpg_featured_image_url":{"full":["https:\/\/arantv.az\/wp-content\/uploads\/2023\/11\/biskek-1.jpg",620,413,false],"landscape":["https:\/\/arantv.az\/wp-content\/uploads\/2023\/11\/biskek-1.jpg",620,413,false],"portraits":["https:\/\/arantv.az\/wp-content\/uploads\/2023\/11\/biskek-1.jpg",620,413,false],"thumbnail":["https:\/\/arantv.az\/wp-content\/uploads\/2023\/11\/biskek-1-500x280.jpg",500,280,true],"medium":["https:\/\/arantv.az\/wp-content\/uploads\/2023\/11\/biskek-1-548x365.jpg",548,365,true],"large":["https:\/\/arantv.az\/wp-content\/uploads\/2023\/11\/biskek-1.jpg",620,413,false],"1536x1536":["https:\/\/arantv.az\/wp-content\/uploads\/2023\/11\/biskek-1.jpg",620,413,false],"2048x2048":["https:\/\/arantv.az\/wp-content\/uploads\/2023\/11\/biskek-1.jpg",620,413,false],"post-thumbnail":["https:\/\/arantv.az\/wp-content\/uploads\/2023\/11\/biskek-1-240x172.jpg",240,172,true],"advps-thumb-one":["https:\/\/arantv.az\/wp-content\/uploads\/2023\/11\/biskek-1.jpg",620,413,false]},"rttpg_author":{"display_name":"V\u00fcsal Rafiqo\u011flu","author_link":"https:\/\/arantv.az\/?author=2"},"rttpg_comment":0,"rttpg_category":"<a href=\"https:\/\/arantv.az\/?cat=4\" rel=\"category\">Siyas\u0259t<\/a>","rttpg_excerpt":"Diasporla \u0130\u015f \u00fczr\u0259 D\u00f6vl\u0259t Komit\u0259sinin s\u0259dri Fuad Muradov Q\u0131r\u011f\u0131z Respublikas\u0131na s\u0259f\u0259ri \u00e7\u0259r\u00e7iv\u0259sind\u0259 paytaxt Bi\u015fkekd\u0259 f\u0259aliyy\u0259t g\u00f6st\u0259r\u0259n Heyd\u0259r \u018fliyev ad\u0131na 20 n\u00f6mr\u0259li M\u0259kt\u0259b-Gimnaziya t\u0259hsil-t\u0259rbiy\u0259 kompleksini, Nizami G\u0259nc\u0259vi ad\u0131na 103 n\u00f6mr\u0259li Q\u0131r\u011f\u0131z\u0131stan-Az\u0259rbaycan orta m\u0259kt\u0259bini v\u0259 \u201c\u0130rs\u201d \u0130ctimai Birliyinin n\u0259zdind\u0259ki h\u0259ft\u0259sonu Az\u0259rbaycan m\u0259kt\u0259bini ziyar\u0259t edib. Komit\u0259d\u0259n veril\u0259n m\u0259lumata g\u00f6r\u0259, kompleksl\u0259 tan\u0131\u015fl\u0131q m\u00fcasir Az\u0259rbaycan d\u00f6vl\u0259tinin qurucusu, \u00fcmummilli lider Heyd\u0259r&hellip;","_links":{"self":[{"href":"https:\/\/arantv.az\/index.php?rest_route=\/wp\/v2\/posts\/659890"}],"collection":[{"href":"https:\/\/arantv.az\/index.php?rest_route=\/wp\/v2\/posts"}],"about":[{"href":"https:\/\/arantv.az\/index.php?rest_route=\/wp\/v2\/types\/post"}],"author":[{"embeddable":true,"href":"https:\/\/arantv.az\/index.php?rest_route=\/wp\/v2\/users\/2"}],"replies":[{"embeddable":true,"href":"https:\/\/arantv.az\/index.php?rest_route=%2Fwp%2Fv2%2Fcomments&post=659890"}],"version-history":[{"count":0,"href":"https:\/\/arantv.az\/index.php?rest_route=\/wp\/v2\/posts\/659890\/revisions"}],"wp:featuredmedia":[{"embeddable":true,"href":"https:\/\/arantv.az\/index.php?rest_route=\/wp\/v2\/media\/659891"}],"wp:attachment":[{"href":"https:\/\/arantv.az\/index.php?rest_route=%2Fwp%2Fv2%2Fmedia&parent=659890"}],"wp:term":[{"taxonomy":"category","embeddable":true,"href":"https:\/\/arantv.az\/index.php?rest_route=%2Fwp%2Fv2%2Fcategories&post=659890"},{"taxonomy":"post_tag","embeddable":true,"href":"https:\/\/arantv.az\/index.php?rest_route=%2Fwp%2Fv2%2Ftags&post=659890"}],"curies":[{"name":"wp","href":"https:\/\/api.w.org\/{rel}","templated":true}]}}