{"id":659893,"date":"2023-11-22T12:18:32","date_gmt":"2023-11-22T08:18:32","guid":{"rendered":"https:\/\/arantv.az\/?p=659893"},"modified":"2023-11-22T12:18:32","modified_gmt":"2023-11-22T08:18:32","slug":"az%c9%99rbaycanda-yasil-gucl%c9%99rin-umumi-enerji-sistemind%c9%99-payi-2030-cu-il%c9%99d%c9%99k-h%c9%99d%c9%99fi-ust%c9%99l%c9%99y%c9%99c%c9%99k","status":"publish","type":"post","link":"https:\/\/arantv.az\/?p=659893","title":{"rendered":"Az\u0259rbaycanda \u201cya\u015f\u0131l g\u00fcc\u201dl\u0259rin \u00fcmumi enerji sistemind\u0259 pay\u0131 2030-cu il\u0259d\u0259k h\u0259d\u0259fi \u00fcst\u0259l\u0259y\u0259c\u0259k"},"content":{"rendered":"<p>Az\u0259rbaycan\u0131n \u00fcmumi elektrik enerjisi istehsal\u0131nda b\u0259rpa olunan enerji m\u0259nb\u0259l\u0259rind\u0259n istehsal olunan g\u00fcc 1 688 MVt t\u0259\u015fkil edir ki, bu da \u00fcmumi g\u00fcc\u00fcn t\u0259qrib\u0259n 20%-n\u0259 b\u0259rab\u0259rdir.<\/p>\n<p>\u201cReport\u201d x\u0259b\u0259r verir ki, bunu energetika nazirinin m\u00fcavini Samir V\u0259liyev bu g\u00fcn Bak\u0131da \u201cSPECA regionun qlobal ba\u011flant\u0131 qov\u015fa\u011f\u0131na \u00e7evrilm\u0259si\u201d m\u00f6vzusunda ke\u00e7iril\u0259n SPECA 2023 \u0130qtisadi Forumunda deyib.<\/p>\n<p>O bildirib ki, bu g\u00f6st\u0259ricinin 2030-cu il\u0259 q\u0259d\u0259r 30%-d\u0259k art\u0131r\u0131lmas\u0131 planla\u015fd\u0131r\u0131l\u0131r:<\/p>\n<p>\u201c2027-ci ilin sonunad\u0259k 1 870 MVt h\u0259cmind\u0259 \u201cya\u015f\u0131l g\u00fcc\u201dl\u0259rin \u00f6lk\u0259nin enerji sistemin\u0259 inteqrasiyas\u0131 n\u0259tic\u0259sind\u0259 b\u0259rpa olunan enerjinin pay\u0131n\u0131n g\u00f6t\u00fcrd\u00fcy\u00fcm\u00fcz h\u0259d\u0259fd\u0259n, y\u0259ni 30%-d\u0259n 33%-\u0259 \u00e7atmas\u0131 g\u00f6zl\u0259nilir. Bu m\u0259qs\u0259dl\u0259r\u0259 nail olmaq \u00fc\u00e7\u00fcn \u00f6lk\u0259nin energetika sektorunda islahatlar apar\u0131l\u0131r\u201d.<\/p>\n","protected":false},"excerpt":{"rendered":"<p>Az\u0259rbaycan\u0131n \u00fcmumi elektrik enerjisi istehsal\u0131nda b\u0259rpa olunan enerji m\u0259nb\u0259l\u0259rind\u0259n istehsal olunan g\u00fcc 1 688 MVt t\u0259\u015fkil edir ki, bu da \u00fcmumi g\u00fcc\u00fcn t\u0259qrib\u0259n 20%-n\u0259 b\u0259rab\u0259rdir. \u201cReport\u201d x\u0259b\u0259r verir ki, bunu energetika nazirinin m\u00fcavini Samir V\u0259liyev bu g\u00fcn Bak\u0131da \u201cSPECA regionun qlobal ba\u011flant\u0131 qov\u015fa\u011f\u0131na \u00e7evrilm\u0259si\u201d m\u00f6vzusunda ke\u00e7iril\u0259n SPECA 2023 \u0130qtisadi Forumunda deyib. O bildirib ki, bu g\u00f6st\u0259ricinin 2030-cu il\u0259 q\u0259d\u0259r 30%-d\u0259k art\u0131r\u0131lmas\u0131 planla\u015fd\u0131r\u0131l\u0131r: \u201c2027-ci ilin sonunad\u0259k 1 870 MVt h\u0259cmind\u0259 \u201cya\u015f\u0131l g\u00fcc\u201dl\u0259rin \u00f6lk\u0259nin enerji sistemin\u0259 inteqrasiyas\u0131 n\u0259tic\u0259sind\u0259 b\u0259rpa olunan enerjinin pay\u0131n\u0131n g\u00f6t\u00fcrd\u00fcy\u00fcm\u00fcz h\u0259d\u0259fd\u0259n, y\u0259ni 30%-d\u0259n 33%-\u0259 \u00e7atmas\u0131 g\u00f6zl\u0259nilir. Bu m\u0259qs\u0259dl\u0259r\u0259 nail&hellip;<\/p>\n","protected":false},"author":2,"featured_media":659894,"comment_status":"closed","ping_status":"closed","sticky":false,"template":"","format":"standard","meta":{"om_disable_all_campaigns":false,"_monsterinsights_skip_tracking":false,"_monsterinsights_sitenote_active":false,"_monsterinsights_sitenote_note":"","_monsterinsights_sitenote_category":0},"categories":[19],"tags":[],"aioseo_notices":[],"gutentor_comment":0,"rttpg_featured_image_url":{"full":["https:\/\/arantv.az\/wp-content\/uploads\/2023\/11\/55186d84-ed4a-34f7-932a-6e23126cb371_850.jpg",620,413,false],"landscape":["https:\/\/arantv.az\/wp-content\/uploads\/2023\/11\/55186d84-ed4a-34f7-932a-6e23126cb371_850.jpg",620,413,false],"portraits":["https:\/\/arantv.az\/wp-content\/uploads\/2023\/11\/55186d84-ed4a-34f7-932a-6e23126cb371_850.jpg",620,413,false],"thumbnail":["https:\/\/arantv.az\/wp-content\/uploads\/2023\/11\/55186d84-ed4a-34f7-932a-6e23126cb371_850-500x280.jpg",500,280,true],"medium":["https:\/\/arantv.az\/wp-content\/uploads\/2023\/11\/55186d84-ed4a-34f7-932a-6e23126cb371_850-548x365.jpg",548,365,true],"large":["https:\/\/arantv.az\/wp-content\/uploads\/2023\/11\/55186d84-ed4a-34f7-932a-6e23126cb371_850.jpg",620,413,false],"1536x1536":["https:\/\/arantv.az\/wp-content\/uploads\/2023\/11\/55186d84-ed4a-34f7-932a-6e23126cb371_850.jpg",620,413,false],"2048x2048":["https:\/\/arantv.az\/wp-content\/uploads\/2023\/11\/55186d84-ed4a-34f7-932a-6e23126cb371_850.jpg",620,413,false],"post-thumbnail":["https:\/\/arantv.az\/wp-content\/uploads\/2023\/11\/55186d84-ed4a-34f7-932a-6e23126cb371_850-240x172.jpg",240,172,true],"advps-thumb-one":["https:\/\/arantv.az\/wp-content\/uploads\/2023\/11\/55186d84-ed4a-34f7-932a-6e23126cb371_850.jpg",620,413,false]},"rttpg_author":{"display_name":"V\u00fcsal Rafiqo\u011flu","author_link":"https:\/\/arantv.az\/?author=2"},"rttpg_comment":0,"rttpg_category":"<a href=\"https:\/\/arantv.az\/?cat=19\" rel=\"category\">G\u00fcnd\u0259m<\/a>","rttpg_excerpt":"Az\u0259rbaycan\u0131n \u00fcmumi elektrik enerjisi istehsal\u0131nda b\u0259rpa olunan enerji m\u0259nb\u0259l\u0259rind\u0259n istehsal olunan g\u00fcc 1 688 MVt t\u0259\u015fkil edir ki, bu da \u00fcmumi g\u00fcc\u00fcn t\u0259qrib\u0259n 20%-n\u0259 b\u0259rab\u0259rdir. \u201cReport\u201d x\u0259b\u0259r verir ki, bunu energetika nazirinin m\u00fcavini Samir V\u0259liyev bu g\u00fcn Bak\u0131da \u201cSPECA regionun qlobal ba\u011flant\u0131 qov\u015fa\u011f\u0131na \u00e7evrilm\u0259si\u201d m\u00f6vzusunda ke\u00e7iril\u0259n SPECA 2023 \u0130qtisadi Forumunda deyib. O bildirib ki, bu&hellip;","_links":{"self":[{"href":"https:\/\/arantv.az\/index.php?rest_route=\/wp\/v2\/posts\/659893"}],"collection":[{"href":"https:\/\/arantv.az\/index.php?rest_route=\/wp\/v2\/posts"}],"about":[{"href":"https:\/\/arantv.az\/index.php?rest_route=\/wp\/v2\/types\/post"}],"author":[{"embeddable":true,"href":"https:\/\/arantv.az\/index.php?rest_route=\/wp\/v2\/users\/2"}],"replies":[{"embeddable":true,"href":"https:\/\/arantv.az\/index.php?rest_route=%2Fwp%2Fv2%2Fcomments&post=659893"}],"version-history":[{"count":0,"href":"https:\/\/arantv.az\/index.php?rest_route=\/wp\/v2\/posts\/659893\/revisions"}],"wp:featuredmedia":[{"embeddable":true,"href":"https:\/\/arantv.az\/index.php?rest_route=\/wp\/v2\/media\/659894"}],"wp:attachment":[{"href":"https:\/\/arantv.az\/index.php?rest_route=%2Fwp%2Fv2%2Fmedia&parent=659893"}],"wp:term":[{"taxonomy":"category","embeddable":true,"href":"https:\/\/arantv.az\/index.php?rest_route=%2Fwp%2Fv2%2Fcategories&post=659893"},{"taxonomy":"post_tag","embeddable":true,"href":"https:\/\/arantv.az\/index.php?rest_route=%2Fwp%2Fv2%2Ftags&post=659893"}],"curies":[{"name":"wp","href":"https:\/\/api.w.org\/{rel}","templated":true}]}}