{"id":659896,"date":"2023-11-22T12:23:18","date_gmt":"2023-11-22T08:23:18","guid":{"rendered":"https:\/\/arantv.az\/?p=659896"},"modified":"2023-11-22T12:23:18","modified_gmt":"2023-11-22T08:23:18","slug":"olk%c9%99nin-informasiya-m%c9%99kaninin-t%c9%99hdidl%c9%99rd%c9%99n-qorunmasi-movzusu-muzakir%c9%99-edilib","status":"publish","type":"post","link":"https:\/\/arantv.az\/?p=659896","title":{"rendered":"\u00d6lk\u0259nin informasiya m\u0259kan\u0131n\u0131n t\u0259hdidl\u0259rd\u0259n qorunmas\u0131 m\u00f6vzusu m\u00fczakir\u0259 edilib"},"content":{"rendered":"<p>Az\u0259rbaycan Respublikas\u0131 X\u00fcsusi Rabit\u0259 v\u0259 \u0130nformasiya T\u0259hl\u00fck\u0259sizliyi D\u00f6vl\u0259t Xidm\u0259tind\u0259 (XR\u0130TDX) \u0130nformasiya T\u0259hl\u00fck\u0259sizliyi \u00fczr\u0259 Koordinasiya Komissiyas\u0131n\u0131n n\u00f6vb\u0259ti iclas\u0131 ke\u00e7irilib.<\/p>\n<p>Bu bar\u0259d\u0259 X\u00fcsusi Rabit\u0259 v\u0259 \u0130nformasiya T\u0259hl\u00fck\u0259sizliyi D\u00f6vl\u0259t Xidm\u0259ti m\u0259lumat yay\u0131b.<\/p>\n<p>Bildirilib ki, iclasda \u0130nformasiya T\u0259hl\u00fck\u0259sizliyi \u00fczr\u0259 Koordinasiya Komissiyas\u0131n\u0131n s\u0259dri, X\u00fcsusi Rabit\u0259 v\u0259 \u0130nformasiya T\u0259hl\u00fck\u0259sizliyi D\u00f6vl\u0259t Xidm\u0259tinin r\u0259isi general-leytenant \u0130lqar Musayev Az\u0259rbaycan Respublikas\u0131 Prezidentinin 2023-c\u00fc il 28 avqust tarixli S\u0259r\u0259ncam\u0131 il\u0259 t\u0259sdiq edilmi\u015f \u201cAz\u0259rbaycan Respublikas\u0131n\u0131n informasiya t\u0259hl\u00fck\u0259sizliyi v\u0259 kibert\u0259hl\u00fck\u0259sizliy\u0259 dair 2023 &#8211; 2027-ci ill\u0259r \u00fc\u00e7\u00fcn Strategiyas\u0131\u201d haqq\u0131nda iclas i\u015ftirak\u00e7\u0131lar\u0131na \u0259trafl\u0131 m\u0259lumat verib.<\/p>\n<p>O qeyd edib ki, Strategiya \u00f6lk\u0259nin informasiya m\u0259kan\u0131n\u0131n t\u0259hdidl\u0259rd\u0259n qorunmas\u0131, informasiya t\u0259hl\u00fck\u0259sizliyi sah\u0259sind\u0259 normativ h\u00fcquqi bazan\u0131n t\u0259kmill\u0259\u015fdirilm\u0259si, habel\u0259 bu sah\u0259d\u0259 qar\u015f\u0131da duran v\u0259zif\u0259l\u0259rin m\u00fc\u0259yy\u0259n edilm\u0259si m\u0259qs\u0259dil\u0259 t\u0259sdiq edilib.<\/p>\n<p>Daha sonra \u0130nformasiya T\u0259hl\u00fck\u0259sizliyi \u00fczr\u0259 Koordinasiya Komissiyas\u0131n\u0131n g\u00fcnd\u0259liyin\u0259 daxil olan m\u0259s\u0259l\u0259l\u0259rinin m\u00fczakir\u0259l\u0259rin\u0259 ba\u015flan\u0131l\u0131b.<\/p>\n<p>G\u00fcnd\u0259liy\u0259 uy\u011fun olaraq Strategiyan\u0131n icras\u0131n\u0131n s\u0259m\u0259r\u0259li t\u0259\u015fkili m\u0259qs\u0259dil\u0259 T\u0259dbirl\u0259r Plan\u0131n\u0131n yerin\u0259 yetirilm\u0259sin\u0259 m\u0259sul olan qurumlar\u0131n n\u00fcmay\u0259nd\u0259l\u0259rind\u0259n ibar\u0259t i\u015f\u00e7i qrupunun yarad\u0131lmas\u0131 \u0259traf\u0131nda m\u00fczakir\u0259l\u0259r apar\u0131ld\u0131. Strategiyada n\u0259z\u0259rd\u0259 tutulmu\u015f t\u0259dbirl\u0259rin icras\u0131n\u0131n m\u00fct\u0259madi monitorinqi v\u0259 qiym\u0259tl\u0259ndirilm\u0259sinin t\u0259min edilm\u0259si il\u0259 ba\u011fl\u0131 t\u0259klifl\u0259r v\u0259 mexanizml\u0259r m\u00fczakir\u0259 edil\u0259r\u0259k m\u00fcvafiq q\u0259rarlar q\u0259bul olundu. M\u00fczakir\u0259l\u0259r zaman\u0131 Strategiyan\u0131n \u0259hat\u0259 dair\u0259sinin geni\u015fliyi n\u0259z\u0259r\u0259 al\u0131naraq, g\u00f6r\u00fcl\u0259n i\u015fl\u0259rin vahid bazada toplan\u0131lmas\u0131, eyni zamanda i\u015f\u00e7i qruplar\u0131n f\u0259aliyy\u0259tinin \u0259laq\u0259l\u0259ndirilm\u0259si v\u0259 n\u0259tic\u0259l\u0259rin qiym\u0259tl\u0259ndirm\u0259si \u00fczr\u0259 informasiya ehtiyat\u0131n\u0131n &#8211; portal\u0131n yarad\u0131lmas\u0131 q\u0259rara al\u0131n\u0131b.<\/p>\n<p>G\u00fcnd\u0259liyin\u0259 daxil olan m\u0259s\u0259l\u0259l\u0259rl\u0259 \u0259laq\u0259dar komissiya \u00fczvl\u0259ri &#8211; Az\u0259rbaycan Respublikas\u0131 daxili i\u015fl\u0259r nazirinin m\u00fcavini general-leytenant \u0130sm\u0259t \u018fliyev, Az\u0259rbaycan Respublikas\u0131 r\u0259q\u0259msal inki\u015faf v\u0259 n\u0259qliyyat nazirinin m\u00fcavini F\u0259rid \u018fhm\u0259dov, Az\u0259rbaycan Respublikas\u0131n\u0131n Xarici K\u0259\u015ffiyyat Xidm\u0259tinin r\u0259is m\u00fcavini general-leytenant Zaur \u0130smay\u0131lov, M\u00fcdafi\u0259 Nazirliyinin Rabit\u0259, \u0130nformasiya Texnologiyalar\u0131 v\u0259 Kibert\u0259hl\u00fck\u0259sizlik Ba\u015f \u0130dar\u0259sinin r\u0259isi general-mayor M\u0259mm\u0259d Eminov, Az\u0259rbaycan Respublikas\u0131n\u0131n Prezidenti yan\u0131nda V\u0259t\u0259nda\u015flara Xidm\u0259t v\u0259 Sosial \u0130nnovasiyalar \u00fczr\u0259 D\u00f6vl\u0259t Agentliyinin s\u0259dr m\u00fcavini Ceyhun Salmanov r\u0259y v\u0259 t\u0259klifl\u0259rl\u0259 \u00e7\u0131x\u0131\u015f etdil\u0259r. M\u00fczakir\u0259l\u0259rd\u0259n sonra Komissiya \u00fczvl\u0259ri t\u0259r\u0259find\u0259n g\u00fcnd\u0259likd\u0259 olan m\u0259s\u0259l\u0259l\u0259r il\u0259 ba\u011fl\u0131 m\u00fcvafiq q\u0259rarlar q\u0259bul olundu.<\/p>\n<p>Sonda Komissiyan\u0131n s\u0259dri m\u00fczakir\u0259 olunan m\u0259s\u0259l\u0259l\u0259rin protokolla\u015fd\u0131r\u0131lmas\u0131, z\u0259ruri t\u0259dbirl\u0259rin g\u00f6r\u00fclm\u0259si, birg\u0259 layih\u0259l\u0259rin haz\u0131rlanmas\u0131n\u0131n vacibliyini bildirildi.<\/p>\n","protected":false},"excerpt":{"rendered":"<p>Az\u0259rbaycan Respublikas\u0131 X\u00fcsusi Rabit\u0259 v\u0259 \u0130nformasiya T\u0259hl\u00fck\u0259sizliyi D\u00f6vl\u0259t Xidm\u0259tind\u0259 (XR\u0130TDX) \u0130nformasiya T\u0259hl\u00fck\u0259sizliyi \u00fczr\u0259 Koordinasiya Komissiyas\u0131n\u0131n n\u00f6vb\u0259ti iclas\u0131 ke\u00e7irilib. Bu bar\u0259d\u0259 X\u00fcsusi Rabit\u0259 v\u0259 \u0130nformasiya T\u0259hl\u00fck\u0259sizliyi D\u00f6vl\u0259t Xidm\u0259ti m\u0259lumat yay\u0131b. Bildirilib ki, iclasda \u0130nformasiya T\u0259hl\u00fck\u0259sizliyi \u00fczr\u0259 Koordinasiya Komissiyas\u0131n\u0131n s\u0259dri, X\u00fcsusi Rabit\u0259 v\u0259 \u0130nformasiya T\u0259hl\u00fck\u0259sizliyi D\u00f6vl\u0259t Xidm\u0259tinin r\u0259isi general-leytenant \u0130lqar Musayev Az\u0259rbaycan Respublikas\u0131 Prezidentinin 2023-c\u00fc il 28 avqust tarixli S\u0259r\u0259ncam\u0131 il\u0259 t\u0259sdiq edilmi\u015f \u201cAz\u0259rbaycan Respublikas\u0131n\u0131n informasiya t\u0259hl\u00fck\u0259sizliyi v\u0259 kibert\u0259hl\u00fck\u0259sizliy\u0259 dair 2023 &#8211; 2027-ci ill\u0259r \u00fc\u00e7\u00fcn Strategiyas\u0131\u201d haqq\u0131nda iclas i\u015ftirak\u00e7\u0131lar\u0131na \u0259trafl\u0131 m\u0259lumat verib. O qeyd edib ki, Strategiya \u00f6lk\u0259nin informasiya m\u0259kan\u0131n\u0131n t\u0259hdidl\u0259rd\u0259n qorunmas\u0131,&hellip;<\/p>\n","protected":false},"author":2,"featured_media":659900,"comment_status":"closed","ping_status":"closed","sticky":false,"template":"","format":"standard","meta":{"om_disable_all_campaigns":false,"_monsterinsights_skip_tracking":false,"_monsterinsights_sitenote_active":false,"_monsterinsights_sitenote_note":"","_monsterinsights_sitenote_category":0},"categories":[4],"tags":[],"aioseo_notices":[],"gutentor_comment":0,"rttpg_featured_image_url":{"full":["https:\/\/arantv.az\/wp-content\/uploads\/2023\/11\/75555ef3c92d92344d83c149d0ad50a31700637894-photo.jpg",620,413,false],"landscape":["https:\/\/arantv.az\/wp-content\/uploads\/2023\/11\/75555ef3c92d92344d83c149d0ad50a31700637894-photo.jpg",620,413,false],"portraits":["https:\/\/arantv.az\/wp-content\/uploads\/2023\/11\/75555ef3c92d92344d83c149d0ad50a31700637894-photo.jpg",620,413,false],"thumbnail":["https:\/\/arantv.az\/wp-content\/uploads\/2023\/11\/75555ef3c92d92344d83c149d0ad50a31700637894-photo-500x280.jpg",500,280,true],"medium":["https:\/\/arantv.az\/wp-content\/uploads\/2023\/11\/75555ef3c92d92344d83c149d0ad50a31700637894-photo-548x365.jpg",548,365,true],"large":["https:\/\/arantv.az\/wp-content\/uploads\/2023\/11\/75555ef3c92d92344d83c149d0ad50a31700637894-photo.jpg",620,413,false],"1536x1536":["https:\/\/arantv.az\/wp-content\/uploads\/2023\/11\/75555ef3c92d92344d83c149d0ad50a31700637894-photo.jpg",620,413,false],"2048x2048":["https:\/\/arantv.az\/wp-content\/uploads\/2023\/11\/75555ef3c92d92344d83c149d0ad50a31700637894-photo.jpg",620,413,false],"post-thumbnail":["https:\/\/arantv.az\/wp-content\/uploads\/2023\/11\/75555ef3c92d92344d83c149d0ad50a31700637894-photo-240x172.jpg",240,172,true],"advps-thumb-one":["https:\/\/arantv.az\/wp-content\/uploads\/2023\/11\/75555ef3c92d92344d83c149d0ad50a31700637894-photo.jpg",620,413,false]},"rttpg_author":{"display_name":"V\u00fcsal Rafiqo\u011flu","author_link":"https:\/\/arantv.az\/?author=2"},"rttpg_comment":0,"rttpg_category":"<a href=\"https:\/\/arantv.az\/?cat=4\" rel=\"category\">Siyas\u0259t<\/a>","rttpg_excerpt":"Az\u0259rbaycan Respublikas\u0131 X\u00fcsusi Rabit\u0259 v\u0259 \u0130nformasiya T\u0259hl\u00fck\u0259sizliyi D\u00f6vl\u0259t Xidm\u0259tind\u0259 (XR\u0130TDX) \u0130nformasiya T\u0259hl\u00fck\u0259sizliyi \u00fczr\u0259 Koordinasiya Komissiyas\u0131n\u0131n n\u00f6vb\u0259ti iclas\u0131 ke\u00e7irilib. Bu bar\u0259d\u0259 X\u00fcsusi Rabit\u0259 v\u0259 \u0130nformasiya T\u0259hl\u00fck\u0259sizliyi D\u00f6vl\u0259t Xidm\u0259ti m\u0259lumat yay\u0131b. Bildirilib ki, iclasda \u0130nformasiya T\u0259hl\u00fck\u0259sizliyi \u00fczr\u0259 Koordinasiya Komissiyas\u0131n\u0131n s\u0259dri, X\u00fcsusi Rabit\u0259 v\u0259 \u0130nformasiya T\u0259hl\u00fck\u0259sizliyi D\u00f6vl\u0259t Xidm\u0259tinin r\u0259isi general-leytenant \u0130lqar Musayev Az\u0259rbaycan Respublikas\u0131 Prezidentinin 2023-c\u00fc il 28&hellip;","_links":{"self":[{"href":"https:\/\/arantv.az\/index.php?rest_route=\/wp\/v2\/posts\/659896"}],"collection":[{"href":"https:\/\/arantv.az\/index.php?rest_route=\/wp\/v2\/posts"}],"about":[{"href":"https:\/\/arantv.az\/index.php?rest_route=\/wp\/v2\/types\/post"}],"author":[{"embeddable":true,"href":"https:\/\/arantv.az\/index.php?rest_route=\/wp\/v2\/users\/2"}],"replies":[{"embeddable":true,"href":"https:\/\/arantv.az\/index.php?rest_route=%2Fwp%2Fv2%2Fcomments&post=659896"}],"version-history":[{"count":0,"href":"https:\/\/arantv.az\/index.php?rest_route=\/wp\/v2\/posts\/659896\/revisions"}],"wp:featuredmedia":[{"embeddable":true,"href":"https:\/\/arantv.az\/index.php?rest_route=\/wp\/v2\/media\/659900"}],"wp:attachment":[{"href":"https:\/\/arantv.az\/index.php?rest_route=%2Fwp%2Fv2%2Fmedia&parent=659896"}],"wp:term":[{"taxonomy":"category","embeddable":true,"href":"https:\/\/arantv.az\/index.php?rest_route=%2Fwp%2Fv2%2Fcategories&post=659896"},{"taxonomy":"post_tag","embeddable":true,"href":"https:\/\/arantv.az\/index.php?rest_route=%2Fwp%2Fv2%2Ftags&post=659896"}],"curies":[{"name":"wp","href":"https:\/\/api.w.org\/{rel}","templated":true}]}}