{"id":659899,"date":"2023-11-22T12:30:43","date_gmt":"2023-11-22T08:30:43","guid":{"rendered":"https:\/\/arantv.az\/?p=659899"},"modified":"2023-11-22T12:30:43","modified_gmt":"2023-11-22T08:30:43","slug":"baki-agir-cinay%c9%99tl%c9%99r-m%c9%99hk%c9%99m%c9%99si-kocurulur","status":"publish","type":"post","link":"https:\/\/arantv.az\/?p=659899","title":{"rendered":"Bak\u0131 A\u011f\u0131r Cinay\u0259tl\u0259r M\u0259hk\u0259m\u0259si k\u00f6\u00e7\u00fcr\u00fcl\u00fcr"},"content":{"rendered":"<p>Bak\u0131 A\u011f\u0131r Cinay\u0259tl\u0259r M\u0259hk\u0259m\u0259si \u00fc\u00e7\u00fcn yeni inzibati binan\u0131n in\u015fas\u0131 \u00fc\u00e7\u00fcn tikinti i\u015fl\u0259rin\u0259 ba\u015flan\u0131lacaq.<\/p>\n<p>\u0130qtisadiyyat.az x\u0259b\u0259r verir ki, bununla ba\u011fl\u0131 m\u00fcvafiq q\u0259rar q\u0259bul edilib.<\/p>\n<p>Art\u0131q \u018fdliyy\u0259 Nazirliyi bununla ba\u011fl\u0131 tender d\u0259 elan edib v\u0259 tikinti i\u015fl\u0259rini h\u0259yata ke\u00e7ir\u0259c\u0259k \u015firk\u0259t axtar\u0131\u015f\u0131ndad\u0131r.<\/p>\n<p>Yeni inzibati binan\u0131n harada yerl\u0259\u015f\u0259c\u0259yi a\u00e7\u0131qlanmay\u0131b.<\/p>\n<p>Tikinti i\u015fl\u0259ri ba\u015fa \u00e7atd\u0131qdan sonra m\u0259hk\u0259m\u0259 yeni inzibati binaya k\u00f6\u00e7\u00fcr\u00fcl\u0259c\u0259k.<\/p>\n<p>Qeyd ed\u0259k ki, Bak\u0131 A\u011f\u0131r Cinay\u0259tl\u0259r M\u0259hk\u0259m\u0259sinin haz\u0131rk\u0131 inzibati binas\u0131 paytaxt\u0131n S\u0259m\u0259d Vur\u011fun k\u00fc\u00e7\u0259si, 30 \u00fcnvan\u0131nda yerl\u0259\u015fir.<\/p>\n","protected":false},"excerpt":{"rendered":"<p>Bak\u0131 A\u011f\u0131r Cinay\u0259tl\u0259r M\u0259hk\u0259m\u0259si \u00fc\u00e7\u00fcn yeni inzibati binan\u0131n in\u015fas\u0131 \u00fc\u00e7\u00fcn tikinti i\u015fl\u0259rin\u0259 ba\u015flan\u0131lacaq. \u0130qtisadiyyat.az x\u0259b\u0259r verir ki, bununla ba\u011fl\u0131 m\u00fcvafiq q\u0259rar q\u0259bul edilib. Art\u0131q \u018fdliyy\u0259 Nazirliyi bununla ba\u011fl\u0131 tender d\u0259 elan edib v\u0259 tikinti i\u015fl\u0259rini h\u0259yata ke\u00e7ir\u0259c\u0259k \u015firk\u0259t axtar\u0131\u015f\u0131ndad\u0131r. Yeni inzibati binan\u0131n harada yerl\u0259\u015f\u0259c\u0259yi a\u00e7\u0131qlanmay\u0131b. Tikinti i\u015fl\u0259ri ba\u015fa \u00e7atd\u0131qdan sonra m\u0259hk\u0259m\u0259 yeni inzibati binaya k\u00f6\u00e7\u00fcr\u00fcl\u0259c\u0259k. Qeyd ed\u0259k ki, Bak\u0131 A\u011f\u0131r Cinay\u0259tl\u0259r M\u0259hk\u0259m\u0259sinin haz\u0131rk\u0131 inzibati binas\u0131 paytaxt\u0131n S\u0259m\u0259d Vur\u011fun k\u00fc\u00e7\u0259si, 30 \u00fcnvan\u0131nda yerl\u0259\u015fir.<\/p>\n","protected":false},"author":2,"featured_media":659904,"comment_status":"closed","ping_status":"closed","sticky":false,"template":"","format":"standard","meta":{"om_disable_all_campaigns":false,"_monsterinsights_skip_tracking":false,"_monsterinsights_sitenote_active":false,"_monsterinsights_sitenote_note":"","_monsterinsights_sitenote_category":0},"categories":[1],"tags":[],"aioseo_notices":[],"gutentor_comment":0,"rttpg_featured_image_url":{"full":["https:\/\/arantv.az\/wp-content\/uploads\/2023\/11\/fffu-1.jpg",620,413,false],"landscape":["https:\/\/arantv.az\/wp-content\/uploads\/2023\/11\/fffu-1.jpg",620,413,false],"portraits":["https:\/\/arantv.az\/wp-content\/uploads\/2023\/11\/fffu-1.jpg",620,413,false],"thumbnail":["https:\/\/arantv.az\/wp-content\/uploads\/2023\/11\/fffu-1-500x280.jpg",500,280,true],"medium":["https:\/\/arantv.az\/wp-content\/uploads\/2023\/11\/fffu-1-548x365.jpg",548,365,true],"large":["https:\/\/arantv.az\/wp-content\/uploads\/2023\/11\/fffu-1.jpg",620,413,false],"1536x1536":["https:\/\/arantv.az\/wp-content\/uploads\/2023\/11\/fffu-1.jpg",620,413,false],"2048x2048":["https:\/\/arantv.az\/wp-content\/uploads\/2023\/11\/fffu-1.jpg",620,413,false],"post-thumbnail":["https:\/\/arantv.az\/wp-content\/uploads\/2023\/11\/fffu-1-240x172.jpg",240,172,true],"advps-thumb-one":["https:\/\/arantv.az\/wp-content\/uploads\/2023\/11\/fffu-1.jpg",620,413,false]},"rttpg_author":{"display_name":"V\u00fcsal Rafiqo\u011flu","author_link":"https:\/\/arantv.az\/?author=2"},"rttpg_comment":0,"rttpg_category":"<a href=\"https:\/\/arantv.az\/?cat=1\" rel=\"category\">C\u0259miyy\u0259t<\/a>","rttpg_excerpt":"Bak\u0131 A\u011f\u0131r Cinay\u0259tl\u0259r M\u0259hk\u0259m\u0259si \u00fc\u00e7\u00fcn yeni inzibati binan\u0131n in\u015fas\u0131 \u00fc\u00e7\u00fcn tikinti i\u015fl\u0259rin\u0259 ba\u015flan\u0131lacaq. \u0130qtisadiyyat.az x\u0259b\u0259r verir ki, bununla ba\u011fl\u0131 m\u00fcvafiq q\u0259rar q\u0259bul edilib. Art\u0131q \u018fdliyy\u0259 Nazirliyi bununla ba\u011fl\u0131 tender d\u0259 elan edib v\u0259 tikinti i\u015fl\u0259rini h\u0259yata ke\u00e7ir\u0259c\u0259k \u015firk\u0259t axtar\u0131\u015f\u0131ndad\u0131r. Yeni inzibati binan\u0131n harada yerl\u0259\u015f\u0259c\u0259yi a\u00e7\u0131qlanmay\u0131b. Tikinti i\u015fl\u0259ri ba\u015fa \u00e7atd\u0131qdan sonra m\u0259hk\u0259m\u0259 yeni inzibati binaya k\u00f6\u00e7\u00fcr\u00fcl\u0259c\u0259k.&hellip;","_links":{"self":[{"href":"https:\/\/arantv.az\/index.php?rest_route=\/wp\/v2\/posts\/659899"}],"collection":[{"href":"https:\/\/arantv.az\/index.php?rest_route=\/wp\/v2\/posts"}],"about":[{"href":"https:\/\/arantv.az\/index.php?rest_route=\/wp\/v2\/types\/post"}],"author":[{"embeddable":true,"href":"https:\/\/arantv.az\/index.php?rest_route=\/wp\/v2\/users\/2"}],"replies":[{"embeddable":true,"href":"https:\/\/arantv.az\/index.php?rest_route=%2Fwp%2Fv2%2Fcomments&post=659899"}],"version-history":[{"count":0,"href":"https:\/\/arantv.az\/index.php?rest_route=\/wp\/v2\/posts\/659899\/revisions"}],"wp:featuredmedia":[{"embeddable":true,"href":"https:\/\/arantv.az\/index.php?rest_route=\/wp\/v2\/media\/659904"}],"wp:attachment":[{"href":"https:\/\/arantv.az\/index.php?rest_route=%2Fwp%2Fv2%2Fmedia&parent=659899"}],"wp:term":[{"taxonomy":"category","embeddable":true,"href":"https:\/\/arantv.az\/index.php?rest_route=%2Fwp%2Fv2%2Fcategories&post=659899"},{"taxonomy":"post_tag","embeddable":true,"href":"https:\/\/arantv.az\/index.php?rest_route=%2Fwp%2Fv2%2Ftags&post=659899"}],"curies":[{"name":"wp","href":"https:\/\/api.w.org\/{rel}","templated":true}]}}