{"id":659906,"date":"2023-11-22T12:43:11","date_gmt":"2023-11-22T08:43:11","guid":{"rendered":"https:\/\/arantv.az\/?p=659906"},"modified":"2023-11-22T12:43:11","modified_gmt":"2023-11-22T08:43:11","slug":"goycayda-bir-gund%c9%99-v%c9%99t%c9%99ndaslardan-qanunsuz-saxlanilan-s%c9%99kkiz-odlu-silah-goturulub-foto-video","status":"publish","type":"post","link":"https:\/\/arantv.az\/?p=659906","title":{"rendered":"G\u00f6y\u00e7ayda bir g\u00fcnd\u0259 v\u0259t\u0259nda\u015flardan qanunsuz saxlan\u0131lan s\u0259kkiz odlu silah g\u00f6t\u00fcr\u00fcl\u00fcb &#8211; FOTO\/V\u0130DEO"},"content":{"rendered":"<p>G\u00f6y\u00e7ay\u00a0 Rayon Polis \u015e\u00f6b\u0259sinin \u0259m\u0259kda\u015flar\u0131 t\u0259r\u0259find\u0259n qanunsuz saxlan\u0131lan odlu silah-sursat\u0131n a\u015fkar edil\u0259r\u0259k g\u00f6t\u00fcr\u00fclm\u0259si, el\u0259c\u0259 d\u0259 v\u0259t\u0259nda\u015flar t\u0259r\u0259find\u0259n k\u00f6n\u00fcll\u00fc t\u0259hvil verilm\u0259si m\u0259qs\u0259dil\u0259 \u0259m\u0259liyyat v\u0259 profilaktiki t\u0259dbirl\u0259r ke\u00e7irilib.<\/p>\n<p>Daxili \u0130\u015fl\u0259r Nazirliyinin M\u0259tbuat Xidm\u0259tinin \u015e\u0259ki regional qrupundan veril\u0259n m\u0259lumata g\u00f6r\u0259, son bir\u00a0g\u00fcn \u0259rzind\u0259 ke\u00e7iril\u0259n \u0259m\u0259liyyat t\u0259dbirl\u0259ri il\u0259 v\u0259t\u0259nda\u015flardan \u00fcmumilikd\u0259 8 \u0259d\u0259d m\u00fcxt\u0259lif markal\u0131 ov t\u00fcf\u0259ngl\u0259ri g\u00f6t\u00fcr\u00fcl\u00fcb.<\/p>\n<p>Cari il \u0259rzind\u0259 is\u0259 polis \u015f\u00f6b\u0259sinin \u0259m\u0259kda\u015flar\u0131 t\u0259r\u0259find\u0259n bu istiqam\u0259td\u0259 ke\u00e7iril\u0259n t\u0259dbirl\u0259r n\u0259tic\u0259sind\u0259 rayon sakinl\u0259rind\u0259n ikisi tapan\u00e7a, biri yivli \u201cTOZ-8\u201d, 24-\u00fc is\u0259 ov t\u00fcf\u0259ngi olmaqla \u00fcmumilikd\u0259 27 odlu silah g\u00f6t\u00fcr\u00fcl\u00fcb. Apar\u0131lan profilaktiki t\u0259dbirl\u0259r n\u0259tic\u0259sind\u0259 h\u0259min 27 silahdan be\u015fini v\u0259t\u0259nda\u015flar k\u00f6n\u00fcll\u00fc \u015f\u0259kild\u0259 polis\u0259 t\u0259hvil veribl\u0259r.<\/p>\n<p>Ba\u015f ver\u0259 bil\u0259c\u0259k a\u011f\u0131r cinay\u0259tl\u0259rin qar\u015f\u0131s\u0131n\u0131n al\u0131nmas\u0131 m\u0259qs\u0259dil\u0259 polis \u0259m\u0259kda\u015flar\u0131 t\u0259r\u0259find\u0259n bu istiqam\u0259td\u0259 z\u0259ruri \u0259m\u0259liyyat v\u0259 profilaktiki t\u0259dbirl\u0259r davam etdirilir.<\/p>\n","protected":false},"excerpt":{"rendered":"<p>G\u00f6y\u00e7ay\u00a0 Rayon Polis \u015e\u00f6b\u0259sinin \u0259m\u0259kda\u015flar\u0131 t\u0259r\u0259find\u0259n qanunsuz saxlan\u0131lan odlu silah-sursat\u0131n a\u015fkar edil\u0259r\u0259k g\u00f6t\u00fcr\u00fclm\u0259si, el\u0259c\u0259 d\u0259 v\u0259t\u0259nda\u015flar t\u0259r\u0259find\u0259n k\u00f6n\u00fcll\u00fc t\u0259hvil verilm\u0259si m\u0259qs\u0259dil\u0259 \u0259m\u0259liyyat v\u0259 profilaktiki t\u0259dbirl\u0259r ke\u00e7irilib. Daxili \u0130\u015fl\u0259r Nazirliyinin M\u0259tbuat Xidm\u0259tinin \u015e\u0259ki regional qrupundan veril\u0259n m\u0259lumata g\u00f6r\u0259, son bir\u00a0g\u00fcn \u0259rzind\u0259 ke\u00e7iril\u0259n \u0259m\u0259liyyat t\u0259dbirl\u0259ri il\u0259 v\u0259t\u0259nda\u015flardan \u00fcmumilikd\u0259 8 \u0259d\u0259d m\u00fcxt\u0259lif markal\u0131 ov t\u00fcf\u0259ngl\u0259ri g\u00f6t\u00fcr\u00fcl\u00fcb. Cari il \u0259rzind\u0259 is\u0259 polis \u015f\u00f6b\u0259sinin \u0259m\u0259kda\u015flar\u0131 t\u0259r\u0259find\u0259n bu istiqam\u0259td\u0259 ke\u00e7iril\u0259n t\u0259dbirl\u0259r n\u0259tic\u0259sind\u0259 rayon sakinl\u0259rind\u0259n ikisi tapan\u00e7a, biri yivli \u201cTOZ-8\u201d, 24-\u00fc is\u0259 ov t\u00fcf\u0259ngi olmaqla \u00fcmumilikd\u0259 27 odlu silah g\u00f6t\u00fcr\u00fcl\u00fcb. Apar\u0131lan profilaktiki t\u0259dbirl\u0259r n\u0259tic\u0259sind\u0259 h\u0259min 27 silahdan&hellip;<\/p>\n","protected":false},"author":2,"featured_media":659912,"comment_status":"closed","ping_status":"closed","sticky":false,"template":"","format":"standard","meta":{"om_disable_all_campaigns":false,"_monsterinsights_skip_tracking":false,"_monsterinsights_sitenote_active":false,"_monsterinsights_sitenote_note":"","_monsterinsights_sitenote_category":0},"categories":[5],"tags":[],"aioseo_notices":[],"gutentor_comment":0,"rttpg_featured_image_url":{"full":["https:\/\/arantv.az\/wp-content\/uploads\/2023\/11\/FotoJet-4-15.jpg",620,413,false],"landscape":["https:\/\/arantv.az\/wp-content\/uploads\/2023\/11\/FotoJet-4-15.jpg",620,413,false],"portraits":["https:\/\/arantv.az\/wp-content\/uploads\/2023\/11\/FotoJet-4-15.jpg",620,413,false],"thumbnail":["https:\/\/arantv.az\/wp-content\/uploads\/2023\/11\/FotoJet-4-15-500x280.jpg",500,280,true],"medium":["https:\/\/arantv.az\/wp-content\/uploads\/2023\/11\/FotoJet-4-15-548x365.jpg",548,365,true],"large":["https:\/\/arantv.az\/wp-content\/uploads\/2023\/11\/FotoJet-4-15.jpg",620,413,false],"1536x1536":["https:\/\/arantv.az\/wp-content\/uploads\/2023\/11\/FotoJet-4-15.jpg",620,413,false],"2048x2048":["https:\/\/arantv.az\/wp-content\/uploads\/2023\/11\/FotoJet-4-15.jpg",620,413,false],"post-thumbnail":["https:\/\/arantv.az\/wp-content\/uploads\/2023\/11\/FotoJet-4-15-240x172.jpg",240,172,true],"advps-thumb-one":["https:\/\/arantv.az\/wp-content\/uploads\/2023\/11\/FotoJet-4-15.jpg",620,413,false]},"rttpg_author":{"display_name":"V\u00fcsal Rafiqo\u011flu","author_link":"https:\/\/arantv.az\/?author=2"},"rttpg_comment":0,"rttpg_category":"<a href=\"https:\/\/arantv.az\/?cat=5\" rel=\"category\">Hadis\u0259<\/a>","rttpg_excerpt":"G\u00f6y\u00e7ay\u00a0 Rayon Polis \u015e\u00f6b\u0259sinin \u0259m\u0259kda\u015flar\u0131 t\u0259r\u0259find\u0259n qanunsuz saxlan\u0131lan odlu silah-sursat\u0131n a\u015fkar edil\u0259r\u0259k g\u00f6t\u00fcr\u00fclm\u0259si, el\u0259c\u0259 d\u0259 v\u0259t\u0259nda\u015flar t\u0259r\u0259find\u0259n k\u00f6n\u00fcll\u00fc t\u0259hvil verilm\u0259si m\u0259qs\u0259dil\u0259 \u0259m\u0259liyyat v\u0259 profilaktiki t\u0259dbirl\u0259r ke\u00e7irilib. Daxili \u0130\u015fl\u0259r Nazirliyinin M\u0259tbuat Xidm\u0259tinin \u015e\u0259ki regional qrupundan veril\u0259n m\u0259lumata g\u00f6r\u0259, son bir\u00a0g\u00fcn \u0259rzind\u0259 ke\u00e7iril\u0259n \u0259m\u0259liyyat t\u0259dbirl\u0259ri il\u0259 v\u0259t\u0259nda\u015flardan \u00fcmumilikd\u0259 8 \u0259d\u0259d m\u00fcxt\u0259lif markal\u0131 ov t\u00fcf\u0259ngl\u0259ri g\u00f6t\u00fcr\u00fcl\u00fcb. Cari il&hellip;","_links":{"self":[{"href":"https:\/\/arantv.az\/index.php?rest_route=\/wp\/v2\/posts\/659906"}],"collection":[{"href":"https:\/\/arantv.az\/index.php?rest_route=\/wp\/v2\/posts"}],"about":[{"href":"https:\/\/arantv.az\/index.php?rest_route=\/wp\/v2\/types\/post"}],"author":[{"embeddable":true,"href":"https:\/\/arantv.az\/index.php?rest_route=\/wp\/v2\/users\/2"}],"replies":[{"embeddable":true,"href":"https:\/\/arantv.az\/index.php?rest_route=%2Fwp%2Fv2%2Fcomments&post=659906"}],"version-history":[{"count":0,"href":"https:\/\/arantv.az\/index.php?rest_route=\/wp\/v2\/posts\/659906\/revisions"}],"wp:featuredmedia":[{"embeddable":true,"href":"https:\/\/arantv.az\/index.php?rest_route=\/wp\/v2\/media\/659912"}],"wp:attachment":[{"href":"https:\/\/arantv.az\/index.php?rest_route=%2Fwp%2Fv2%2Fmedia&parent=659906"}],"wp:term":[{"taxonomy":"category","embeddable":true,"href":"https:\/\/arantv.az\/index.php?rest_route=%2Fwp%2Fv2%2Fcategories&post=659906"},{"taxonomy":"post_tag","embeddable":true,"href":"https:\/\/arantv.az\/index.php?rest_route=%2Fwp%2Fv2%2Ftags&post=659906"}],"curies":[{"name":"wp","href":"https:\/\/api.w.org\/{rel}","templated":true}]}}