{"id":659909,"date":"2023-11-22T12:42:39","date_gmt":"2023-11-22T08:42:39","guid":{"rendered":"https:\/\/arantv.az\/?p=659909"},"modified":"2023-11-22T12:42:39","modified_gmt":"2023-11-22T08:42:39","slug":"ilham-%c9%99liyev-boyuk-britaniyanin-dovl%c9%99t-katibinin-muavinini-q%c9%99bul-edib-yenil%c9%99nib-foto","status":"publish","type":"post","link":"https:\/\/arantv.az\/?p=659909","title":{"rendered":"\u0130lham \u018fliyev B\u00f6y\u00fck Britaniyan\u0131n d\u00f6vl\u0259t katibinin m\u00fcavinini q\u0259bul edib &#8211; YEN\u0130L\u018fN\u0130B + FOTO"},"content":{"rendered":"<p>Az\u0259rbaycan Respublikas\u0131n\u0131n Prezidenti\u00a0<strong>\u0130lham \u018fliyev\u00a0<\/strong>noyabr\u0131n 22-d\u0259 B\u00f6y\u00fck Britaniya v\u0259 \u015eimali \u0130rlandiya Birl\u0259\u015fmi\u015f Krall\u0131\u011f\u0131n\u0131n Xarici \u0130\u015fl\u0259r, Birlik \u00d6lk\u0259l\u0259ri v\u0259 \u0130nki\u015faf Ofisind\u0259 Parlamentl\u0259 \u0259laq\u0259l\u0259r \u00fczr\u0259 d\u00f6vl\u0259t katibinin m\u00fcavini, Avropa v\u0259 \u015eimali Amerika \u00fczr\u0259 d\u00f6vl\u0259t naziri Leo Dokertini q\u0259bul edib.<\/p>\n<p><a href=\"https:\/\/azertag.az\/xeber\/azerbaycan_prezidenti_ilham_eliyev_boyuk_britaniyanin_dovlet_katibinin_muavini_avropa_ve_simali_amerika_uzre_dovlet_nazirini_qebul_edib__yenilenib-2830253\" target=\"_blank\" rel=\"noopener\">AZ\u018fRTAC<\/a>\u00a0x\u0259b\u0259r verir ki, d\u00f6vl\u0259timizin ba\u015f\u00e7\u0131s\u0131 Leo Dokertinin Az\u0259rbaycana s\u0259f\u0259rinin ikit\u0259r\u0259fli, el\u0259c\u0259 d\u0259 regional g\u00fcnd\u0259liyin m\u00fczakir\u0259si \u00fc\u00e7\u00fcn yax\u015f\u0131 imkan yaratd\u0131\u011f\u0131n\u0131 bildirib.<\/p>\n<p>Az\u0259rbaycan\u0131n g\u00f6z\u0259l bir \u00f6lk\u0259 oldu\u011funu qeyd ed\u0259n Leo Dokerti s\u0259f\u0259rind\u0259n m\u0259mnunlu\u011funu ifad\u0259 edib, \u00f6lk\u0259l\u0259rimiz aras\u0131nda \u0259laq\u0259l\u0259rin z\u0259ngin tarix\u0259 malik olmas\u0131ndan q\u00fcrur hissi duydu\u011funu vur\u011fulay\u0131b.<\/p>\n<p>Qonaq B\u00f6y\u00fck Britaniya v\u0259 \u015eimali \u0130rlandiya Birl\u0259\u015fmi\u015f Krall\u0131\u011f\u0131n\u0131n regional s\u00fclh v\u0259 sabitliyin t\u0259min olunmas\u0131na h\u0259r hans\u0131 bir t\u00f6hf\u0259 verm\u0259k i\u015fin\u0259 m\u00fcsb\u0259t yana\u015fd\u0131\u011f\u0131n\u0131 deyib, uzun ill\u0259rdir Az\u0259rbaycan il\u0259 \u00e7ox m\u00fch\u00fcm siyasi, iqtisadi, ticar\u0259t v\u0259 enerji \u0259laq\u0259l\u0259rinin m\u00f6vcudlu\u011fu il\u0259 f\u0259xr etdikl\u0259rini bildirdi.<\/p>\n<p>Leo Dokerti vur\u011fulay\u0131b ki, Az\u0259rbaycan yaln\u0131z Avropan\u0131n m\u00fch\u00fcm enerji t\u0259chizat\u00e7\u0131s\u0131 deyil, h\u0259m d\u0259 C\u0259nubi Qafqaz\u0131n vacib, m\u0259suliyy\u0259tli \u00f6lk\u0259sidir v\u0259 Az\u0259rbaycans\u0131z Avropada s\u00fclh v\u0259 t\u0259hl\u00fck\u0259sizlik olmazd\u0131.<\/p>\n<p>Prezident \u0130lham \u018fliyev iqtisadi \u0259laq\u0259l\u0259rimizin enerji sah\u0259sind\u0259 \u0259m\u0259kda\u015fl\u0131qdan ba\u015flad\u0131\u011f\u0131n\u0131, bp \u015firk\u0259ti il\u0259 uzun ill\u0259r s\u0259m\u0259r\u0259li v\u0259 qar\u015f\u0131l\u0131ql\u0131 etimada \u0259saslanan i\u015fbirliyinin h\u0259yata ke\u00e7irildiyini qeyd edib.<\/p>\n<p>D\u00f6vl\u0259timizin ba\u015f\u00e7\u0131s\u0131 \u00f6lk\u0259miz\u0259 qoyulan investisiyalar\u0131n biz\u0259 g\u00f6st\u0259ril\u0259n inam\u0131 n\u00fcmayi\u015f etdirdiyini m\u0259mnunluqla vur\u011fulay\u0131b.<\/p>\n<p>Prezident \u0130lham \u018fliyev qeyd edib ki, bp \u015firk\u0259tinin uzun ill\u0259r bundan \u0259vv\u0259l Az\u0259rbaycanda f\u0259aliyy\u0259t\u0259 ba\u015flamas\u0131 \u00f6lk\u0259mizin iqtisadi inki\u015faf\u0131nda v\u0259 respublikam\u0131zda investisiya layih\u0259l\u0259rinin h\u0259yata ke\u00e7irilm\u0259sind\u0259 m\u00fch\u00fcm rol oynay\u0131b. D\u00f6vl\u0259timizin ba\u015f\u00e7\u0131s\u0131 haz\u0131rda Az\u0259rbaycan-bp \u0259m\u0259kda\u015fl\u0131\u011f\u0131n\u0131n b\u0259rpa olunan enerji sah\u0259si il\u0259 ba\u011fl\u0131 yeni m\u0259rh\u0259l\u0259y\u0259 q\u0259d\u0259m qoydu\u011funu deyib v\u0259 bunun region \u00fc\u00e7\u00fcn \u00e7ox g\u00f6z\u0259l n\u00fcmun\u0259 oldu\u011funu bildirib.<\/p>\n<p>\u00d6lk\u0259l\u0259rimiz aras\u0131nda siyasi \u0259laq\u0259l\u0259rin y\u00fcks\u0259k s\u0259viyy\u0259d\u0259 oldu\u011funu qeyd ed\u0259n Az\u0259rbaycan Prezidenti bir daha Leo Dokertinin s\u0259f\u0259rinin \u0259laq\u0259l\u0259rimizin inki\u015faf\u0131 il\u0259 ba\u011fl\u0131 m\u0259s\u0259l\u0259l\u0259r bar\u0259d\u0259 fikir m\u00fcbadil\u0259sinin apar\u0131lmas\u0131 bax\u0131m\u0131ndan \u0259h\u0259miyy\u0259tin\u0259 toxunub.<\/p>\n<p>D\u00f6vl\u0259timizin ba\u015f\u00e7\u0131s\u0131 vur\u011fulay\u0131b ki, antiterror t\u0259dbirl\u0259ri n\u0259tic\u0259sind\u0259 Az\u0259rbaycan suverenliyini tam \u015f\u0259kild\u0259 b\u0259rpa edib.<\/p>\n<p>Prezident \u0130lham \u018fliyev Az\u0259rbaycan il\u0259 Erm\u0259nistan aras\u0131nda s\u00fclh m\u00fcqavil\u0259sinin imzalanmas\u0131 \u00fc\u00e7\u00fcn art\u0131q h\u0259r hans\u0131 \u0259ng\u0259lin olmad\u0131\u011f\u0131n\u0131 dey\u0259r\u0259k \u00f6lk\u0259mizin regional s\u00fclh g\u00fcnd\u0259liyini d\u0259st\u0259kl\u0259diyini, s\u00fclh m\u00fcqavil\u0259si v\u0259 iki \u00f6lk\u0259 aras\u0131nda m\u00fcnasib\u0259tl\u0259rin normalla\u015fd\u0131r\u0131lmas\u0131 \u00fc\u00e7\u00fcn Az\u0259rbaycan\u0131n Erm\u0259nistan il\u0259 dialoqa haz\u0131r oldu\u011funu vur\u011fulay\u0131b.<\/p>\n<p>Qonaq da \u00f6z n\u00f6vb\u0259sind\u0259 \u00f6lk\u0259sinin bu proses\u0259 d\u0259st\u0259k verm\u0259y\u0259 haz\u0131r oldu\u011funu ifad\u0259 edib.<\/p>\n<p><strong>11:47<\/strong><\/p>\n<p>Az\u0259rbaycan Respublikas\u0131n\u0131n Prezidenti\u00a0<strong>\u0130lham \u018fliyev<\/strong>\u00a0noyabr\u0131n 22-d\u0259 B\u00f6y\u00fck Britaniya v\u0259 \u015eimali \u0130rlandiya Birl\u0259\u015fmi\u015f Krall\u0131\u011f\u0131n\u0131n Xarici \u0130\u015fl\u0259r, Birlik \u00d6lk\u0259l\u0259ri v\u0259 \u0130nki\u015faf Ofisind\u0259 Parlamentl\u0259 \u0259laq\u0259l\u0259r \u00fczr\u0259 d\u00f6vl\u0259t katibinin m\u00fcavini, Avropa v\u0259 \u015eimali Amerika \u00fczr\u0259 d\u00f6vl\u0259t naziri Leo Dokertini q\u0259bul edib.<\/p>\n<p>Bu bar\u0259d\u0259\u00a0<a href=\"https:\/\/azertag.az\/xeber\/azerbaycan_prezidenti_ilham_eliyev_boyuk_britaniyanin_dovlet_katibinin_muavini_avropa_ve_simali_amerika_uzre_dovlet_nazirini_qebul_edib_yenilenecek-2830253\" target=\"_blank\" rel=\"noopener\">AZ\u018fRTAC<\/a>\u00a0x\u0259b\u0259r verir.<\/p>\n<p><img src=\"https:\/\/cdn.oxu.az\/uploads\/W1siZiIsIjIwMjMvMTEvMjIvMTEvNDYvMTYvZmE3ZmM3MDItOWI4Yi00MWMzLWJlNTktMTZmNjExYTAxNDI2LzE3MDA2Mzg4NTc1ODgyNjI5NDQ0XzEyMDB4NjMwLmpwZyJdLFsicCIsImVuY29kZSIsImpwZyIsIi1xdWFsaXR5IDgwIl0sWyJwIiwidGh1bWIiLCI1OTB4NTkwXHUwMDNlIl1d?sha=d393bc11b1375176\" alt=\"\" \/><\/p>\n","protected":false},"excerpt":{"rendered":"<p>Az\u0259rbaycan Respublikas\u0131n\u0131n Prezidenti\u00a0\u0130lham \u018fliyev\u00a0noyabr\u0131n 22-d\u0259 B\u00f6y\u00fck Britaniya v\u0259 \u015eimali \u0130rlandiya Birl\u0259\u015fmi\u015f Krall\u0131\u011f\u0131n\u0131n Xarici \u0130\u015fl\u0259r, Birlik \u00d6lk\u0259l\u0259ri v\u0259 \u0130nki\u015faf Ofisind\u0259 Parlamentl\u0259 \u0259laq\u0259l\u0259r \u00fczr\u0259 d\u00f6vl\u0259t katibinin m\u00fcavini, Avropa v\u0259 \u015eimali Amerika \u00fczr\u0259 d\u00f6vl\u0259t naziri Leo Dokertini q\u0259bul edib. AZ\u018fRTAC\u00a0x\u0259b\u0259r verir ki, d\u00f6vl\u0259timizin ba\u015f\u00e7\u0131s\u0131 Leo Dokertinin Az\u0259rbaycana s\u0259f\u0259rinin ikit\u0259r\u0259fli, el\u0259c\u0259 d\u0259 regional g\u00fcnd\u0259liyin m\u00fczakir\u0259si \u00fc\u00e7\u00fcn yax\u015f\u0131 imkan yaratd\u0131\u011f\u0131n\u0131 bildirib. Az\u0259rbaycan\u0131n g\u00f6z\u0259l bir \u00f6lk\u0259 oldu\u011funu qeyd ed\u0259n Leo Dokerti s\u0259f\u0259rind\u0259n m\u0259mnunlu\u011funu ifad\u0259 edib, \u00f6lk\u0259l\u0259rimiz aras\u0131nda \u0259laq\u0259l\u0259rin z\u0259ngin tarix\u0259 malik olmas\u0131ndan q\u00fcrur hissi duydu\u011funu vur\u011fulay\u0131b. Qonaq B\u00f6y\u00fck Britaniya v\u0259 \u015eimali \u0130rlandiya Birl\u0259\u015fmi\u015f Krall\u0131\u011f\u0131n\u0131n regional s\u00fclh&hellip;<\/p>\n","protected":false},"author":2,"featured_media":659870,"comment_status":"closed","ping_status":"closed","sticky":false,"template":"","format":"standard","meta":{"om_disable_all_campaigns":false,"_monsterinsights_skip_tracking":false,"_monsterinsights_sitenote_active":false,"_monsterinsights_sitenote_note":"","_monsterinsights_sitenote_category":0},"categories":[4],"tags":[],"aioseo_notices":[],"gutentor_comment":0,"rttpg_featured_image_url":{"full":["https:\/\/arantv.az\/wp-content\/uploads\/2023\/11\/FotoJet-2-28.jpg",620,413,false],"landscape":["https:\/\/arantv.az\/wp-content\/uploads\/2023\/11\/FotoJet-2-28.jpg",620,413,false],"portraits":["https:\/\/arantv.az\/wp-content\/uploads\/2023\/11\/FotoJet-2-28.jpg",620,413,false],"thumbnail":["https:\/\/arantv.az\/wp-content\/uploads\/2023\/11\/FotoJet-2-28-500x280.jpg",500,280,true],"medium":["https:\/\/arantv.az\/wp-content\/uploads\/2023\/11\/FotoJet-2-28-548x365.jpg",548,365,true],"large":["https:\/\/arantv.az\/wp-content\/uploads\/2023\/11\/FotoJet-2-28.jpg",620,413,false],"1536x1536":["https:\/\/arantv.az\/wp-content\/uploads\/2023\/11\/FotoJet-2-28.jpg",620,413,false],"2048x2048":["https:\/\/arantv.az\/wp-content\/uploads\/2023\/11\/FotoJet-2-28.jpg",620,413,false],"post-thumbnail":["https:\/\/arantv.az\/wp-content\/uploads\/2023\/11\/FotoJet-2-28-240x172.jpg",240,172,true],"advps-thumb-one":["https:\/\/arantv.az\/wp-content\/uploads\/2023\/11\/FotoJet-2-28.jpg",620,413,false]},"rttpg_author":{"display_name":"V\u00fcsal Rafiqo\u011flu","author_link":"https:\/\/arantv.az\/?author=2"},"rttpg_comment":0,"rttpg_category":"<a href=\"https:\/\/arantv.az\/?cat=4\" rel=\"category\">Siyas\u0259t<\/a>","rttpg_excerpt":"Az\u0259rbaycan Respublikas\u0131n\u0131n Prezidenti\u00a0\u0130lham \u018fliyev\u00a0noyabr\u0131n 22-d\u0259 B\u00f6y\u00fck Britaniya v\u0259 \u015eimali \u0130rlandiya Birl\u0259\u015fmi\u015f Krall\u0131\u011f\u0131n\u0131n Xarici \u0130\u015fl\u0259r, Birlik \u00d6lk\u0259l\u0259ri v\u0259 \u0130nki\u015faf Ofisind\u0259 Parlamentl\u0259 \u0259laq\u0259l\u0259r \u00fczr\u0259 d\u00f6vl\u0259t katibinin m\u00fcavini, Avropa v\u0259 \u015eimali Amerika \u00fczr\u0259 d\u00f6vl\u0259t naziri Leo Dokertini q\u0259bul edib. AZ\u018fRTAC\u00a0x\u0259b\u0259r verir ki, d\u00f6vl\u0259timizin ba\u015f\u00e7\u0131s\u0131 Leo Dokertinin Az\u0259rbaycana s\u0259f\u0259rinin ikit\u0259r\u0259fli, el\u0259c\u0259 d\u0259 regional g\u00fcnd\u0259liyin m\u00fczakir\u0259si \u00fc\u00e7\u00fcn yax\u015f\u0131 imkan yaratd\u0131\u011f\u0131n\u0131&hellip;","_links":{"self":[{"href":"https:\/\/arantv.az\/index.php?rest_route=\/wp\/v2\/posts\/659909"}],"collection":[{"href":"https:\/\/arantv.az\/index.php?rest_route=\/wp\/v2\/posts"}],"about":[{"href":"https:\/\/arantv.az\/index.php?rest_route=\/wp\/v2\/types\/post"}],"author":[{"embeddable":true,"href":"https:\/\/arantv.az\/index.php?rest_route=\/wp\/v2\/users\/2"}],"replies":[{"embeddable":true,"href":"https:\/\/arantv.az\/index.php?rest_route=%2Fwp%2Fv2%2Fcomments&post=659909"}],"version-history":[{"count":0,"href":"https:\/\/arantv.az\/index.php?rest_route=\/wp\/v2\/posts\/659909\/revisions"}],"wp:featuredmedia":[{"embeddable":true,"href":"https:\/\/arantv.az\/index.php?rest_route=\/wp\/v2\/media\/659870"}],"wp:attachment":[{"href":"https:\/\/arantv.az\/index.php?rest_route=%2Fwp%2Fv2%2Fmedia&parent=659909"}],"wp:term":[{"taxonomy":"category","embeddable":true,"href":"https:\/\/arantv.az\/index.php?rest_route=%2Fwp%2Fv2%2Fcategories&post=659909"},{"taxonomy":"post_tag","embeddable":true,"href":"https:\/\/arantv.az\/index.php?rest_route=%2Fwp%2Fv2%2Ftags&post=659909"}],"curies":[{"name":"wp","href":"https:\/\/api.w.org\/{rel}","templated":true}]}}