{"id":659915,"date":"2023-11-22T12:55:17","date_gmt":"2023-11-22T08:55:17","guid":{"rendered":"https:\/\/arantv.az\/?p=659915"},"modified":"2023-11-22T12:55:17","modified_gmt":"2023-11-22T08:55:17","slug":"aspa-numay%c9%99nd%c9%99l%c9%99rinin-davranisi-iyr%c9%99nc-h%c9%99r%c9%99k%c9%99tdir-mina-qurbanlari-v%c9%99-ail%c9%99-uzvl%c9%99rind%c9%99n-birg%c9%99-muraci%c9%99t","status":"publish","type":"post","link":"https:\/\/arantv.az\/?p=659915","title":{"rendered":"\u201cA\u015ePA n\u00fcmay\u0259nd\u0259l\u0259rinin davran\u0131\u015f\u0131 iyr\u0259nc h\u0259r\u0259k\u0259tdir\u201d &#8211; Mina qurbanlar\u0131 v\u0259 ail\u0259 \u00fczvl\u0259rind\u0259n birg\u0259 M\u00dcRAC\u0130\u018fT"},"content":{"rendered":"<p>Mina qurbanlar\u0131, onlar\u0131n ail\u0259 \u00fczvl\u0259ri v\u0259 Az\u0259rbaycan v\u0259t\u0259nda\u015f c\u0259miyy\u0259ti t\u0259msil\u00e7il\u0259ri Avropa \u015euras\u0131 Parlament Assambleyas\u0131n\u0131n (A\u015ePA) Prezidenti Tini Koksa birg\u0259 m\u00fcraci\u0259t \u00fcnvanlay\u0131blar.<\/p>\n<p>AZ\u018fRTAC m\u00fcraci\u0259ti t\u0259qdim edir:<\/p>\n<p>\u201cBiz &#8211; Erm\u0259nistan\u0131n v\u0259 onun h\u0259rbi birl\u0259\u015fm\u0259l\u0259rinin mina terrorundan \u0259ziyy\u0259t \u00e7\u0259k\u0259n qurbanlar, onlar\u0131n ail\u0259 \u00fczvl\u0259ri, yax\u0131nlar\u0131, bu sah\u0259d\u0259 f\u0259aliyy\u0259t g\u00f6st\u0259r\u0259n v\u0259t\u0259nda\u015f c\u0259miyy\u0259ti t\u0259\u015fkilatlar\u0131 olaraq, Avropa \u015euras\u0131 Parlament Assambleyas\u0131n\u0131n Prezidenti Tini Koksa, A\u015ePA deputatlar\u0131na a\u00e7\u0131q m\u0259ktubla m\u00fcraci\u0259t edirik. Biz bu g\u00fcnl\u0259rd\u0259 Bak\u0131da s\u0259f\u0259rd\u0259 olmu\u015f A\u015ePA-n\u0131n Az\u0259rbaycan \u00fczr\u0259 m\u0259ruz\u0259\u00e7isinin Erm\u0259nistan\u0131n Az\u0259rbaycana qar\u015f\u0131 mina m\u00fcharib\u0259sind\u0259 z\u0259r\u0259r \u00e7\u0259kmi\u015f \u015f\u0259xsl\u0259rl\u0259, onlar\u0131n ail\u0259 \u00fczvl\u0259ri, mina problemi \u00fczr\u0259 ixtisasla\u015fm\u0131\u015f QHT-l\u0259rl\u0259 g\u00f6r\u00fc\u015fl\u0259rd\u0259n imtina etm\u0259sini Avropa \u015euras\u0131 d\u0259y\u0259rl\u0259rinin \u0259l\u0259 sal\u0131nmas\u0131, insan h\u00fcquq v\u0259 azadl\u0131qlar\u0131na qar\u015f\u0131 h\u00f6rm\u0259tsizlik kimi q\u0259bul edirik.<\/p>\n<p>A\u015ePA kimi \u00f6z\u00fcn\u00fc insan h\u00fcquqlar\u0131 t\u0259sisat\u0131 adland\u0131ran bir t\u0259\u015fkilat\u0131n b\u0259zi d\u00f6vl\u0259tl\u0259rin, dair\u0259l\u0259rin \u0259lind\u0259 oyunca\u011fa \u00e7evrilm\u0259sini q\u0259ti \u015f\u0259kild\u0259 pisl\u0259yirik. Az\u0259rbaycan\u0131n haz\u0131rda \u0259n b\u00f6y\u00fck problemi olan mina m\u0259s\u0259l\u0259sin\u0259 bu c\u00fcr m\u00fcnasib\u0259t b\u0259sl\u0259y\u0259n, bu bar\u0259d\u0259 susan, mina qurbanlar\u0131 il\u0259 g\u00f6r\u00fc\u015fm\u0259y\u0259 \u00fcz\u00fc olmayan t\u0259\u015fkilat x\u0259cal\u0259t \u00e7\u0259km\u0259lidir.<\/p>\n<p>A\u015ePA n\u00fcmay\u0259nd\u0259l\u0259rinin bu davran\u0131\u015f\u0131 Erm\u0259nistan\u0131n mina terroruna birba\u015fa d\u0259st\u0259k olmaqla, iyr\u0259nc h\u0259r\u0259k\u0259tdir.<\/p>\n<p>Yax\u0131n m\u00fcdd\u0259t\u0259 q\u0259d\u0259r i\u015f\u011faldan azad edil\u0259n \u0259razil\u0259rd\u0259 1 milyondan art\u0131q mina v\u0259 partlamam\u0131\u015f h\u0259rbi sursat olmas\u0131 ehtimal olunurdu. 2020-ci ild\u0259 44 g\u00fcnl\u00fck m\u00fcharib\u0259d\u0259n sonra da Erm\u0259nistan La\u00e7\u0131n yolu il\u0259 minalar da\u015f\u0131yaraq Az\u0259rbaycan \u0259razil\u0259rind\u0259 basd\u0131rmaqda davam etdi. Biz unutmam\u0131\u015f\u0131q ki, Avropa \u015euras\u0131 Parlament Assambleyas\u0131 buna etiraz etm\u0259k \u0259v\u0259zin\u0259, La\u00e7\u0131n yolunda Erm\u0259nistan\u0131n qanunsuz h\u0259rbi birl\u0259\u015fm\u0259l\u0259rinin v\u0259 y\u00fckl\u0259rinin Az\u0259rbaycan \u0259razil\u0259rin\u0259 mane\u0259siz ke\u00e7idini, ba\u015fqa d\u00f6vl\u0259tin torpaqlar\u0131nda terror\u00e7uluq f\u0259aliyy\u0259tini davam etdirm\u0259sini m\u00fcdafi\u0259 etdi. 2023-c\u00fc il sentyabr\u0131n 19-20-d\u0259 u\u011furlu antiterror t\u0259dbirl\u0259ri n\u0259tic\u0259sind\u0259 n\u0259zar\u0259t\u0259 g\u00f6t\u00fcr\u00fclm\u00fc\u015f \u0259razil\u0259rd\u0259 daha 500 mind\u0259n art\u0131q mina v\u0259 partlamam\u0131\u015f sursat oldu\u011fu \u00fcz\u0259 \u00e7\u0131xd\u0131. Bu o dem\u0259kdir ki, son 3 ild\u0259 Az\u0259rbaycan \u0259razil\u0259rinin minalanmas\u0131 bir g\u00fcn d\u0259 olsun dayanmay\u0131b, \u0259ksin\u0259, daha da art\u0131b. Mina il\u0259 \u0259laq\u0259dar beyn\u0259lxalq hesabat s\u0259n\u0259dl\u0259rind\u0259 Erm\u0259nistan\u0131n mina istehsal ed\u0259n \u00f6lk\u0259l\u0259r siyah\u0131s\u0131na daxil etm\u0259si bunun n\u00f6vb\u0259ti s\u00fcbutudur. D\u00fcnyada Az\u0259rbaycan q\u0259d\u0259r mina il\u0259 \u00e7irkl\u0259nmi\u015f ikinci \u00f6lk\u0259 tapmaq \u00e7\u0259tindir. La\u00e7\u0131n yolu vasit\u0259sil\u0259 Erm\u0259nistan\u0131n Az\u0259rbaycana mina da\u015f\u0131mas\u0131n\u0131 q\u0131z\u011f\u0131n m\u00fcdafi\u0259 ed\u0259nl\u0259rd\u0259n biri el\u0259 indi Az\u0259rbaycana g\u00f6nd\u0259rdiyiniz Liz Kristoffersen idi.<\/p>\n<p>Buna g\u00f6r\u0259 d\u0259 mina qurbanlar\u0131 Avropa \u015euras\u0131n\u0131n bu utancverici m\u00fcnasib\u0259tind\u0259n, Az\u0259rbaycana qar\u015f\u0131 ikili standartlar\u0131ndan t\u0259\u0259cc\u00fcbl\u0259nmir. \u00d6t\u0259n d\u00f6vrd\u0259 Avropa \u015euras\u0131 Parlament Assambleyas\u0131 bir d\u0259f\u0259 d\u0259 olsun \u00fczv d\u00f6vl\u0259t kimi Erm\u0259nistana Az\u0259rbaycan torpaqlar\u0131ndan h\u0259rbi birl\u0259\u015fm\u0259l\u0259rini geri \u00e7\u0259km\u0259y\u0259, mina x\u0259rit\u0259l\u0259rini t\u0259hvil verm\u0259y\u0259 \u00e7a\u011f\u0131r\u0131\u015f etm\u0259di. Bir milyondan art\u0131q az\u0259rbaycanl\u0131 qa\u00e7q\u0131n v\u0259 m\u0259cburi k\u00f6\u00e7k\u00fcn \u00f6t\u0259n ill\u0259r \u0259rzind\u0259 Avropa \u015euras\u0131 Parlament Assambleyas\u0131nda k\u00f6k salan islamofobiyan\u0131n, ksenofobiyan\u0131n, Az\u0259rbaycanafobiyan\u0131n, lobbi v\u0259 korrupsiya \u015f\u0259b\u0259k\u0259sinin qurban\u0131 oldu, onlar\u0131n insan h\u00fcquq v\u0259 azadl\u0131qlar\u0131 Fransada m\u0259nzill\u0259nmi\u015f beyn\u0259lxalq t\u0259\u015fkilatda he\u00e7\u0259 say\u0131ld\u0131.<\/p>\n<p>Bizim m\u00fcraci\u0259timizd\u0259n sonra da Avropa \u015euras\u0131 Parlament Assambleyas\u0131n\u0131n Prezidenti kimi siz buna susacaqs\u0131n\u0131zsa, daha insan h\u00fcquq v\u0259 azadl\u0131qlar\u0131ndan dan\u0131\u015fma\u011fa m\u0259n\u0259vi haqq\u0131n\u0131z olmamal\u0131d\u0131r.<\/p>\n<p>Bizi q\u0259bul edin v\u0259 dinl\u0259yin. Erm\u0259nistan\u0131n mina terrorundan nec\u0259 \u0259ziyy\u0259t \u00e7\u0259kdiyimizi, n\u0259l\u0259r itirdiyimizi, ail\u0259l\u0259rimizin, yax\u0131nlar\u0131m\u0131z\u0131n \u0259lilliyimiz\u0259 g\u00f6r\u0259 hans\u0131 iztirablar i\u00e7\u0259risind\u0259 oldu\u011funu g\u00f6r\u00fcn. Biz d\u0259 insan\u0131q, bizim d\u0259 h\u00fcquqlar\u0131m\u0131z v\u0259 arzular\u0131m\u0131z var. \u018fg\u0259r Avropa \u015euras\u0131, Avropa \u015euras\u0131n\u0131n Parlament Assambleyas\u0131 h\u0259qiq\u0259t\u0259n insan h\u00fcquqlar\u0131 t\u0259sisat\u0131d\u0131rsa, bizi e\u015fitm\u0259k, biz\u0259 k\u00f6m\u0259k etm\u0259k onun \u0259sas \u00f6hd\u0259liyi olmal\u0131d\u0131r.<\/p>\n<p>\u0130mzalar:<\/p>\n<p>1. Rey Qas\u0131mov\u00a0&#8211; \u201cAz\u0259rbaycanda Minadan Z\u0259r\u0259r\u00e7\u0259k\u0259nl\u0259rin Assosiasiyas\u0131\u201d \u0130ctimai Birliyinin s\u0259dri;<\/p>\n<p>2. Hafiz S\u0259fixanov\u00a0&#8211; \u201cMinalar \u018fleyhin\u0259 Az\u0259rbaycan Kampaniyas\u0131\u201d \u0130ctimai Birliyinin s\u0259dri;<\/p>\n<p>3. Umud Mirz\u0259yev\u00a0\u2013 Beyn\u0259lxalq Avrasiya M\u0259tbuat Fondunun prezidenti;<\/p>\n<p>4. Minadan z\u0259r\u0259r\u00e7\u0259k\u0259n Zabil \u018flastan o\u011flu M\u0259mm\u0259dov;<\/p>\n<p>5. Minadan z\u0259r\u0259r\u00e7\u0259k\u0259n Vidadi V\u0259li o\u011flu M\u0259mm\u0259dzad\u0259;<\/p>\n<p>6. Minadan z\u0259r\u0259r\u00e7\u0259k\u0259n Telman B\u0259bir o\u011flu Zeynalov;<\/p>\n<p>7. Mina partlay\u0131\u015f\u0131 n\u0259tic\u0259sind\u0259 h\u0259lak olan Yasin \u018fl\u0259sg\u0259r o\u011flu \u018fhm\u0259dovun ail\u0259 \u00fczv\u00fc<\/p>\n<p>\u018fl\u0259sg\u0259r \u018fziz o\u011flu \u018fhm\u0259dov;<\/p>\n<p>8. Minadan z\u0259r\u0259r\u00e7\u0259k\u0259n Asif \u018fl\u0259sg\u0259r o\u011flu \u018fhm\u0259dov;<\/p>\n<p>9. Minadan z\u0259r\u0259r\u00e7\u0259k\u0259n As\u0259f M\u00fcrs\u0259l o\u011flu Xudiyev;<\/p>\n<p>10. Minadan z\u0259r\u0259r\u00e7\u0259k\u0259n Ramil Nazim o\u011flu Babayev;<\/p>\n<p>11. Mina hadis\u0259si n\u0259tic\u0259sind\u0259 h\u0259lak olmu\u015f F\u0259xr\u0259ddin Yaqub o\u011flu Yaqubovun ail\u0259 \u00fczv\u00fc El\u015f\u0259n Yaqub o\u011flu Yaqubov;<\/p>\n<p>12. Mina hadis\u0259si n\u0259tic\u0259sind\u0259 h\u0259lak olmu\u015f \u00dczeyir X\u0259lil o\u011flu Q\u0259hr\u0259manovun ail\u0259 \u00fczv\u00fc M\u0259h\u0259mm\u0259d X\u0259lil o\u011flu Q\u0259hr\u0259manov;<\/p>\n<p>13. Mina hadis\u0259si n\u0259tic\u0259sind\u0259 h\u0259lak olmu\u015f \u015eakir M\u0259h\u0259rr\u0259m o\u011flu Hac\u0131yevun ail\u0259 \u00fczv\u00fc \u015e\u0259bn\u0259m \u015eakir q\u0131z\u0131 Hac\u0131yeva;<\/p>\n<p>14. Mina hadis\u0259si n\u0259tic\u0259sind\u0259 h\u0259lak olmu\u015f\u00a0Firuddin M\u0259h\u0259rr\u0259m o\u011flu Hac\u0131yevun ail\u0259 \u00fczv\u00fc Tural Firuddin o\u011flu Q\u0259dimzad\u0259;<\/p>\n<p>15. Mina hadis\u0259si n\u0259tic\u0259sind\u0259 h\u0259lak olmu\u015f Z\u00fclf\u00fcqar Ad\u0131\u015firin o\u011flu H\u00fcseynovun ail\u0259 \u00fczv\u00fc Ad\u0131\u015firin Z\u00fclf\u00fcqar o\u011flu H\u00fcseynov;<\/p>\n<p>16. Mina hadis\u0259si n\u0259tic\u0259sind\u0259 h\u0259lak olmu\u015f Zibeyd\u0259 \u015eakir q\u0131z\u0131 Adilzad\u0259\u0131n ail\u0259 \u00fczv\u00fc Samir M\u0259h\u0259rr\u0259m o\u011flu S\u0259f\u0259rov;<\/p>\n<p>17. Minadan z\u0259r\u0259r\u00e7\u0259k\u0259n To\u011frul Vilay\u0259t o\u011flu \u018fhm\u0259dov;<\/p>\n<p>18. Minadan z\u0259r\u0259r\u00e7\u0259k\u0259n Orxan Kamil o\u011flu \u018fhm\u0259dov;<\/p>\n<p>19. Mina hadis\u0259si n\u0259tic\u0259sind\u0259 h\u0259lak olmu\u015f Zabil Qabil o\u011flu Babayevun ail\u0259 \u00fczv\u00fc F\u0259dakar Qabil o\u011flu Babayev;<\/p>\n<p>20. Minadan z\u0259r\u0259r\u00e7\u0259k\u0259n Elg\u00fcn Mahmud o\u011flu \u018fl\u0259kb\u0259rov;<\/p>\n<p>21. Minadan z\u0259r\u0259r\u00e7\u0259k\u0259n Elm\u0259ddin Tofiq o\u011flu Mirz\u0259yev;<\/p>\n<p>22. Mina hadis\u0259si n\u0259tic\u0259sind\u0259 h\u0259lak olmu\u015f\u00a0B\u0259hruz Telman o\u011flu \u0130manovun ail\u0259 \u00fczv\u00fc\u00a0Azad Telman o\u011flu \u0130manov;<\/p>\n<p>23. Minadan z\u0259r\u0259r\u00e7\u0259k\u0259n Azad Ayd\u0131n o\u011flu\u00a0Muxtarov;<\/p>\n<p>24. Mina hadis\u0259si n\u0259tic\u0259sind\u0259 h\u0259lak olmu\u015f Mehman Allahverdi o\u011flu\u00a0Quliyevin ail\u0259 \u00fczv\u00fc \u015eahin Allahverdi o\u011flu\u00a0Quliyev;<\/p>\n<p>25. Mina partlay\u0131\u015f\u0131 n\u0259tic\u0259sind\u0259 h\u0259lak olmu\u015f M\u00fcst\u0259qim Allahver\u0259n o\u011flu\u00a0\u018fl\u0259sg\u0259rovun ail\u0259 \u00fczv\u00fc \u015eaiq M\u00fcst\u0259qim o\u011flu\u00a0\u018fl\u0259sg\u0259rov;<\/p>\n<p>26. Minadan z\u0259r\u0259r\u00e7\u0259k\u0259n Niyam\u0259ddin Hikm\u0259t o\u011flu\u00a0Verdiyev;<\/p>\n<p>27. Minadan z\u0259r\u0259r\u00e7\u0259k\u0259n Hafiz S\u0259lim o\u011flu\u00a0\u018fzimzad\u0259;<\/p>\n<p>28. Mina hadis\u0259si n\u0259tic\u0259sind\u0259 h\u0259lak olmu\u015f Bayram\u00a0H\u00fcseynov v\u0259 Razi \u00a0H\u00fcseynovun, o c\u00fcml\u0259d\u0259n x\u0259sar\u0259t alm\u0131\u015f Anar \u00a0H\u00fcseynovun atas\u0131, minadan z\u0259r\u0259r\u00e7\u0259k\u0259n Akif Muxtar o\u011flu\u00a0H\u00fcseynov;<\/p>\n<p>29. Minadan z\u0259r\u0259r\u00e7\u0259k\u0259n Emin H\u0259s\u0259n o\u011flu\u00a0M\u0259mm\u0259dov;<\/p>\n<p>30. Minadan z\u0259r\u0259r\u00e7\u0259k\u0259n Arif Sabir o\u011flu\u00a0Quliyev;<\/p>\n<p>31. Mina hadis\u0259si n\u0259tic\u0259sind\u0259 h\u0259lak olmu\u015f Sirac Ab\u0131\u015f o\u011flu \u00a0Ab\u0131\u015fovun ail\u0259 \u00fczv\u00fc \u015eirzad Ab\u0131\u015f o\u011flu\u00a0S\u0259m\u0259dov;<\/p>\n<p>32. Mina hadis\u0259si n\u0259tic\u0259sind\u0259 h\u0259lak olmu\u015f M\u0259h\u0259rr\u0259m \u018fli o\u011flu\u00a0\u0130brahimovun ail\u0259 \u00fczv\u00fc \u018fsg\u0259r \u018fli o\u011flu\u00a0\u0130brahimov;<\/p>\n<p>33. Minadan z\u0259r\u0259r\u00e7\u0259k\u0259n Xanlar Fazil o\u011flu\u00a0Aslanov;<\/p>\n<p>34. Mina hadis\u0259si n\u0259tic\u0259sind\u0259 h\u0259lak olmu\u015f Els\u0259v\u0259r Sovet o\u011flu\u00a0H\u0259midovun ail\u0259 \u00fczv\u00fc Faiq Sovet o\u011flu\u00a0H\u0259midov;<\/p>\n<p>35. Minadan z\u0259r\u0259r\u00e7\u0259k\u0259n Mahir Ramiz o\u011flu\u00a0\u018fbilov;<\/p>\n<p>36. Mina hadis\u0259si n\u0259tic\u0259sind\u0259 h\u0259lak olmu\u015f V\u00fcsal Firuddin o\u011flu\u00a0Q\u0259ndiyevin ail\u0259 \u00fczv\u00fc Firuddin \u0130smay\u0131l o\u011flu\u00a0Q\u0259ndiyev;<\/p>\n<p>37. Minadan z\u0259r\u0259r\u00e7\u0259k\u0259n Ruhin Sultan o\u011flu\u00a0V\u0259liyev;<\/p>\n<p>38. Minadan z\u0259r\u0259r\u00e7\u0259k\u0259n Nicat Novruz o\u011flu\u00a0Cabbarov;<\/p>\n<p>39. Minadan z\u0259r\u0259r\u00e7\u0259k\u0259n Rodik \u015e\u0259ms\u0259ddin o\u011flu\u00a0P\u0259nahov;<\/p>\n<p>40. Minadan z\u0259r\u0259r\u00e7\u0259k\u0259n Sadir Heyd\u0259r o\u011flu\u00a0\u018fliyarov;<\/p>\n<p>41. Minadan z\u0259r\u0259r\u00e7\u0259k\u0259n Elnur Asif o\u011flu\u00a0\u018fsg\u0259rov;<\/p>\n<p>42. Mina hadis\u0259si n\u0259tic\u0259sind\u0259 h\u0259lak olmu\u015f Oktay Bayram o\u011flu\u00a0Al\u0131\u015fovun ail\u0259 \u00fczv\u00fc N\u0259sib Oktay o\u011flu\u00a0Al\u0131\u015fov;<\/p>\n<p>43. Mina hadis\u0259si n\u0259tic\u0259sind\u0259 h\u0259lak olmu\u015f B\u0259xtiyar Mahmud o\u011flu\u00a0Mahmudovun ail\u0259 \u00fczv\u00fc \u015e\u0259hriyar Mahmud o\u011flu\u00a0Mahmudov;<\/p>\n<p>44. Minadan z\u0259r\u0259r\u00e7\u0259k\u0259n Abdulla Novruz o\u011flu\u00a0Qurbanov;<\/p>\n<p>45. Minadan z\u0259r\u0259r\u00e7\u0259k\u0259n Ruhin \u018fl\u0259ddin o\u011flu\u00a0Novruzov;<\/p>\n<p>46. Minadan z\u0259r\u0259r\u00e7\u0259k\u0259n Tamam Aslan q\u0131z\u0131\u00a0C\u0259f\u0259rova;<\/p>\n<p>47. Minadan z\u0259r\u0259r\u00e7\u0259k\u0259n X\u0259z\u0259r Tar\u0131yel o\u011flu\u00a0Baba\u015fov;<\/p>\n<p>48. Minadan z\u0259r\u0259r\u00e7\u0259k\u0259n Abdulla Novruz o\u011flu\u00a0Qurbanov;<\/p>\n<p>49. Minadan z\u0259r\u0259r\u00e7\u0259k\u0259n Abdulla H\u0259mid o\u011flu\u00a0\u018fl\u0259sg\u0259rov;<\/p>\n<p>50. Minadan z\u0259r\u0259r\u00e7\u0259k\u0259n M\u0259sim H\u0259s\u0259n o\u011flu\u00a0\u018fsg\u0259rov;<\/p>\n<p>51. Minadan z\u0259r\u0259r\u00e7\u0259k\u0259n Sahib \u0130sa o\u011flu\u00a0\u018fliyev;<\/p>\n<p>52. Minadan z\u0259r\u0259r\u00e7\u0259k\u0259n Samir Sabirovi\u00e7 \u00a0Sad\u0131xovun ail\u0259 \u00fczv\u00fc Eldar Sabirovi\u00e7\u00a0Sad\u0131xov;<\/p>\n<p>53. Minadan z\u0259r\u0259r\u00e7\u0259k\u0259n F\u0259rhad H\u00fcseyna\u011fa o\u011flu\u00a0Quliyevin ail\u0259 \u00fczv\u00fc Famil H\u00fcseyna\u011fa o\u011flu\u00a0Quliyev;<\/p>\n<p>54. Minadan z\u0259r\u0259r\u00e7\u0259k\u0259n Zam\u0259ddin Q\u0259l\u0259nd\u0259r o\u011flu\u00a0H\u0259s\u0259nov;<\/p>\n<p>55. Minadan z\u0259r\u0259r\u00e7\u0259k\u0259n Famil \u0130lyas o\u011flu\u00a0\u018fbilovun ail\u0259 \u00fczv\u00fc Amil \u0130lyas o\u011flu\u00a0\u018fbilov;<\/p>\n<p>56. Minadan z\u0259r\u0259r\u00e7\u0259k\u0259n El\u00e7in Xanbala o\u011flu\u00a0Nur\u0259liyevin ail\u0259 \u00fczv\u00fc \u018fhm\u0259da\u011fa Xanbala o\u011flu\u00a0Nur\u0259liyev;<\/p>\n<p>57. Minadan z\u0259r\u0259r\u00e7\u0259k\u0259n \u018fli \u018flibaba o\u011flu\u00a0A\u011falarov;<\/p>\n<p>58. Minadan z\u0259r\u0259r\u00e7\u0259k\u0259n Asif Novruz o\u011flu\u00a0H\u00fcseynovun ail\u0259 \u00fczv\u00fc V\u00fcsal Asif o\u011flu\u00a0H\u00fcseynov\u201d.<\/p>\n","protected":false},"excerpt":{"rendered":"<p>Mina qurbanlar\u0131, onlar\u0131n ail\u0259 \u00fczvl\u0259ri v\u0259 Az\u0259rbaycan v\u0259t\u0259nda\u015f c\u0259miyy\u0259ti t\u0259msil\u00e7il\u0259ri Avropa \u015euras\u0131 Parlament Assambleyas\u0131n\u0131n (A\u015ePA) Prezidenti Tini Koksa birg\u0259 m\u00fcraci\u0259t \u00fcnvanlay\u0131blar. AZ\u018fRTAC m\u00fcraci\u0259ti t\u0259qdim edir: \u201cBiz &#8211; Erm\u0259nistan\u0131n v\u0259 onun h\u0259rbi birl\u0259\u015fm\u0259l\u0259rinin mina terrorundan \u0259ziyy\u0259t \u00e7\u0259k\u0259n qurbanlar, onlar\u0131n ail\u0259 \u00fczvl\u0259ri, yax\u0131nlar\u0131, bu sah\u0259d\u0259 f\u0259aliyy\u0259t g\u00f6st\u0259r\u0259n v\u0259t\u0259nda\u015f c\u0259miyy\u0259ti t\u0259\u015fkilatlar\u0131 olaraq, Avropa \u015euras\u0131 Parlament Assambleyas\u0131n\u0131n Prezidenti Tini Koksa, A\u015ePA deputatlar\u0131na a\u00e7\u0131q m\u0259ktubla m\u00fcraci\u0259t edirik. Biz bu g\u00fcnl\u0259rd\u0259 Bak\u0131da s\u0259f\u0259rd\u0259 olmu\u015f A\u015ePA-n\u0131n Az\u0259rbaycan \u00fczr\u0259 m\u0259ruz\u0259\u00e7isinin Erm\u0259nistan\u0131n Az\u0259rbaycana qar\u015f\u0131 mina m\u00fcharib\u0259sind\u0259 z\u0259r\u0259r \u00e7\u0259kmi\u015f \u015f\u0259xsl\u0259rl\u0259, onlar\u0131n ail\u0259 \u00fczvl\u0259ri, mina problemi \u00fczr\u0259 ixtisasla\u015fm\u0131\u015f QHT-l\u0259rl\u0259 g\u00f6r\u00fc\u015fl\u0259rd\u0259n imtina&hellip;<\/p>\n","protected":false},"author":2,"featured_media":659916,"comment_status":"closed","ping_status":"closed","sticky":false,"template":"","format":"standard","meta":{"om_disable_all_campaigns":false,"_monsterinsights_skip_tracking":false,"_monsterinsights_sitenote_active":false,"_monsterinsights_sitenote_note":"","_monsterinsights_sitenote_category":0},"categories":[4],"tags":[],"aioseo_notices":[],"gutentor_comment":0,"rttpg_featured_image_url":{"full":["https:\/\/arantv.az\/wp-content\/uploads\/2023\/11\/17006363294277353480_1200x630.jpg",620,413,false],"landscape":["https:\/\/arantv.az\/wp-content\/uploads\/2023\/11\/17006363294277353480_1200x630.jpg",620,413,false],"portraits":["https:\/\/arantv.az\/wp-content\/uploads\/2023\/11\/17006363294277353480_1200x630.jpg",620,413,false],"thumbnail":["https:\/\/arantv.az\/wp-content\/uploads\/2023\/11\/17006363294277353480_1200x630-500x280.jpg",500,280,true],"medium":["https:\/\/arantv.az\/wp-content\/uploads\/2023\/11\/17006363294277353480_1200x630-548x365.jpg",548,365,true],"large":["https:\/\/arantv.az\/wp-content\/uploads\/2023\/11\/17006363294277353480_1200x630.jpg",620,413,false],"1536x1536":["https:\/\/arantv.az\/wp-content\/uploads\/2023\/11\/17006363294277353480_1200x630.jpg",620,413,false],"2048x2048":["https:\/\/arantv.az\/wp-content\/uploads\/2023\/11\/17006363294277353480_1200x630.jpg",620,413,false],"post-thumbnail":["https:\/\/arantv.az\/wp-content\/uploads\/2023\/11\/17006363294277353480_1200x630-240x172.jpg",240,172,true],"advps-thumb-one":["https:\/\/arantv.az\/wp-content\/uploads\/2023\/11\/17006363294277353480_1200x630.jpg",620,413,false]},"rttpg_author":{"display_name":"V\u00fcsal Rafiqo\u011flu","author_link":"https:\/\/arantv.az\/?author=2"},"rttpg_comment":0,"rttpg_category":"<a href=\"https:\/\/arantv.az\/?cat=4\" rel=\"category\">Siyas\u0259t<\/a>","rttpg_excerpt":"Mina qurbanlar\u0131, onlar\u0131n ail\u0259 \u00fczvl\u0259ri v\u0259 Az\u0259rbaycan v\u0259t\u0259nda\u015f c\u0259miyy\u0259ti t\u0259msil\u00e7il\u0259ri Avropa \u015euras\u0131 Parlament Assambleyas\u0131n\u0131n (A\u015ePA) Prezidenti Tini Koksa birg\u0259 m\u00fcraci\u0259t \u00fcnvanlay\u0131blar. AZ\u018fRTAC m\u00fcraci\u0259ti t\u0259qdim edir: \u201cBiz &#8211; Erm\u0259nistan\u0131n v\u0259 onun h\u0259rbi birl\u0259\u015fm\u0259l\u0259rinin mina terrorundan \u0259ziyy\u0259t \u00e7\u0259k\u0259n qurbanlar, onlar\u0131n ail\u0259 \u00fczvl\u0259ri, yax\u0131nlar\u0131, bu sah\u0259d\u0259 f\u0259aliyy\u0259t g\u00f6st\u0259r\u0259n v\u0259t\u0259nda\u015f c\u0259miyy\u0259ti t\u0259\u015fkilatlar\u0131 olaraq, Avropa \u015euras\u0131 Parlament Assambleyas\u0131n\u0131n Prezidenti Tini&hellip;","_links":{"self":[{"href":"https:\/\/arantv.az\/index.php?rest_route=\/wp\/v2\/posts\/659915"}],"collection":[{"href":"https:\/\/arantv.az\/index.php?rest_route=\/wp\/v2\/posts"}],"about":[{"href":"https:\/\/arantv.az\/index.php?rest_route=\/wp\/v2\/types\/post"}],"author":[{"embeddable":true,"href":"https:\/\/arantv.az\/index.php?rest_route=\/wp\/v2\/users\/2"}],"replies":[{"embeddable":true,"href":"https:\/\/arantv.az\/index.php?rest_route=%2Fwp%2Fv2%2Fcomments&post=659915"}],"version-history":[{"count":0,"href":"https:\/\/arantv.az\/index.php?rest_route=\/wp\/v2\/posts\/659915\/revisions"}],"wp:featuredmedia":[{"embeddable":true,"href":"https:\/\/arantv.az\/index.php?rest_route=\/wp\/v2\/media\/659916"}],"wp:attachment":[{"href":"https:\/\/arantv.az\/index.php?rest_route=%2Fwp%2Fv2%2Fmedia&parent=659915"}],"wp:term":[{"taxonomy":"category","embeddable":true,"href":"https:\/\/arantv.az\/index.php?rest_route=%2Fwp%2Fv2%2Fcategories&post=659915"},{"taxonomy":"post_tag","embeddable":true,"href":"https:\/\/arantv.az\/index.php?rest_route=%2Fwp%2Fv2%2Ftags&post=659915"}],"curies":[{"name":"wp","href":"https:\/\/api.w.org\/{rel}","templated":true}]}}