{"id":659920,"date":"2023-11-22T13:07:52","date_gmt":"2023-11-22T09:07:52","guid":{"rendered":"https:\/\/arantv.az\/?p=659920"},"modified":"2023-11-22T13:07:52","modified_gmt":"2023-11-22T09:07:52","slug":"sulh-prosesind%c9%99-vasit%c9%99ciy%c9%99-ehtiyac-yoxdur","status":"publish","type":"post","link":"https:\/\/arantv.az\/?p=659920","title":{"rendered":"\u201cS\u00fclh prosesind\u0259 vasit\u0259\u00e7iy\u0259 ehtiyac yoxdur\u201d"},"content":{"rendered":"<p><strong>Erm\u0259nistan Xarici \u0130\u015fl\u0259r Nazirliyinin a\u00e7\u0131qlamas\u0131nda bildirilib ki, Erm\u0259nistan Az\u0259rbaycana s\u0259rh\u0259dyan\u0131 \u0259razid\u0259 demarkasiya komissiyas\u0131n\u0131n iclas\u0131n\u0131 ke\u00e7irm\u0259yi t\u0259klif edib. A\u00e7\u0131qlamada Erm\u0259nistan\u0131n Az\u0259rbaycanla m\u00fcnasib\u0259tl\u0259rin normalla\u015fd\u0131r\u0131lmas\u0131, C\u0259nubi Qafqazda s\u00fclh v\u0259 sabitliyin b\u0259rq\u0259rar olmas\u0131 istiqam\u0259tind\u0259 s\u0259yl\u0259r g\u00f6st\u0259rdiyi qeyd olunub.<\/strong><\/p>\n<p>Prezident \u0130lham \u018fliyev noyabr\u0131n 22-d\u0259 B\u00f6y\u00fck Britaniya v\u0259 \u015eimali \u0130rlandiya Birl\u0259\u015fmi\u015f Krall\u0131\u011f\u0131n\u0131n Xarici \u0130\u015fl\u0259r, Birlik \u00d6lk\u0259l\u0259ri v\u0259 \u0130nki\u015faf Ofisind\u0259 Parlamentl\u0259 \u0259laq\u0259l\u0259r \u00fczr\u0259 d\u00f6vl\u0259t katibinin m\u00fcavini, Avropa v\u0259 \u015eimali Amerika \u00fczr\u0259 d\u00f6vl\u0259t naziri Leo Dokertini q\u0259bul ed\u0259rk\u0259n bildirib ki, Az\u0259rbaycan il\u0259 Erm\u0259nistan aras\u0131nda s\u00fclh m\u00fcqavil\u0259sinin imzalanmas\u0131 \u00fc\u00e7\u00fcn art\u0131q h\u0259r hans\u0131 \u0259ng\u0259l yoxdur.<\/p>\n<p>Atlas Ara\u015fd\u0131rmalar M\u0259rk\u0259zinin s\u0259dri, politoloq Elxan \u015eahino\u011flu\u00a0<strong>Musavat.com<\/strong>-a a\u00e7\u0131qlamas\u0131nda qeyd edib ki, Erm\u0259nistanla dan\u0131\u015f\u0131qlarda vasit\u0259\u00e7iy\u0259 ehtiyac yoxdur. Politoloqun fikrinc\u0259, Br\u00fcssel, Va\u015finqton v\u0259 ya Moskvaya getm\u0259kd\u0259ns\u0259, birba\u015fa dan\u0131\u015f\u0131qlar\u0131 s\u00fcr\u0259tl\u0259ndirm\u0259k laz\u0131md\u0131r: \u201cG\u00f6r\u00fc\u015fl\u0259r ya s\u0259rh\u0259dd\u0259, ya da G\u00fcrc\u00fcstanda davam ed\u0259 bil\u0259r. H\u0259r iki variant\u0131 realla\u015fd\u0131rmaq m\u00fcmk\u00fcnd\u00fcr. H\u0259tta h\u0259r iki \u00f6lk\u0259nin n\u00fcmay\u0259nd\u0259l\u0259rind\u0259n- h\u00fcquq\u015f\u00fcnaslar, diplomatlardan ibar\u0259t komissiya v\u0259 ya qrup da yaratmaq olar. S\u00fclh sazi\u015finin m\u0259tni \u00fcz\u0259rind\u0259 i\u015f, s\u0259rh\u0259dl\u0259rin m\u00fc\u0259yy\u0259nl\u0259\u015fdirilm\u0259si, d\u0259hliz m\u0259s\u0259l\u0259si v\u0259 s. m\u0259s\u0259l\u0259l\u0259r bu yolla m\u00fczakir\u0259 oluna bil\u0259r. M\u0259hz bu halda s\u00fclh sazi\u015finin imzalanmas\u0131 s\u00fcr\u0259tl\u0259n\u0259r. \u018fks halda, proses uzanacaq. Birba\u015fa t\u0259maslar olmal\u0131d\u0131r. Xat\u0131rlad\u0131m ki, vaxtil\u0259 Heyd\u0259r \u018fliyev d\u0259 K\u00f6\u00e7\u0259ryan da 2000-ci ill\u0259rin \u0259vv\u0259ll\u0259rind\u0259 Nax\u00e7\u0131vanda g\u00f6r\u00fc\u015fm\u00fc\u015fd\u00fc. Bu t\u0259cr\u00fcb\u0259y\u0259 qay\u0131tmaq olar. Vasit\u0259\u00e7il\u0259rin \u00f6z maraqlar\u0131 var- b\u00f6lg\u0259d\u0259 m\u00f6hk\u0259ml\u0259nm\u0259k ist\u0259yirl\u0259r. Buna g\u00f6r\u0259 d\u0259 vasit\u0259\u00e7iy\u0259 ehtiyac yoxdur. Prezident \u0130lham \u018fliyev d\u0259 hesab edir ki, m\u0259s\u0259l\u0259ni vasit\u0259\u00e7i olmadan da h\u0259ll etm\u0259k olar\u201d.<\/p>\n<p>&nbsp;<\/p>\n","protected":false},"excerpt":{"rendered":"<p>Erm\u0259nistan Xarici \u0130\u015fl\u0259r Nazirliyinin a\u00e7\u0131qlamas\u0131nda bildirilib ki, Erm\u0259nistan Az\u0259rbaycana s\u0259rh\u0259dyan\u0131 \u0259razid\u0259 demarkasiya komissiyas\u0131n\u0131n iclas\u0131n\u0131 ke\u00e7irm\u0259yi t\u0259klif edib. A\u00e7\u0131qlamada Erm\u0259nistan\u0131n Az\u0259rbaycanla m\u00fcnasib\u0259tl\u0259rin normalla\u015fd\u0131r\u0131lmas\u0131, C\u0259nubi Qafqazda s\u00fclh v\u0259 sabitliyin b\u0259rq\u0259rar olmas\u0131 istiqam\u0259tind\u0259 s\u0259yl\u0259r g\u00f6st\u0259rdiyi qeyd olunub. Prezident \u0130lham \u018fliyev noyabr\u0131n 22-d\u0259 B\u00f6y\u00fck Britaniya v\u0259 \u015eimali \u0130rlandiya Birl\u0259\u015fmi\u015f Krall\u0131\u011f\u0131n\u0131n Xarici \u0130\u015fl\u0259r, Birlik \u00d6lk\u0259l\u0259ri v\u0259 \u0130nki\u015faf Ofisind\u0259 Parlamentl\u0259 \u0259laq\u0259l\u0259r \u00fczr\u0259 d\u00f6vl\u0259t katibinin m\u00fcavini, Avropa v\u0259 \u015eimali Amerika \u00fczr\u0259 d\u00f6vl\u0259t naziri Leo Dokertini q\u0259bul ed\u0259rk\u0259n bildirib ki, Az\u0259rbaycan il\u0259 Erm\u0259nistan aras\u0131nda s\u00fclh m\u00fcqavil\u0259sinin imzalanmas\u0131 \u00fc\u00e7\u00fcn art\u0131q h\u0259r hans\u0131 \u0259ng\u0259l yoxdur. Atlas Ara\u015fd\u0131rmalar M\u0259rk\u0259zinin s\u0259dri, politoloq&hellip;<\/p>\n","protected":false},"author":2,"featured_media":659930,"comment_status":"closed","ping_status":"closed","sticky":false,"template":"","format":"standard","meta":{"om_disable_all_campaigns":false,"_monsterinsights_skip_tracking":false,"_monsterinsights_sitenote_active":false,"_monsterinsights_sitenote_note":"","_monsterinsights_sitenote_category":0},"categories":[4],"tags":[],"aioseo_notices":[],"gutentor_comment":0,"rttpg_featured_image_url":{"full":["https:\/\/arantv.az\/wp-content\/uploads\/2023\/11\/0a25ba5f11f1048584a47ff7cc89014f.jpg",690,388,false],"landscape":["https:\/\/arantv.az\/wp-content\/uploads\/2023\/11\/0a25ba5f11f1048584a47ff7cc89014f.jpg",690,388,false],"portraits":["https:\/\/arantv.az\/wp-content\/uploads\/2023\/11\/0a25ba5f11f1048584a47ff7cc89014f.jpg",690,388,false],"thumbnail":["https:\/\/arantv.az\/wp-content\/uploads\/2023\/11\/0a25ba5f11f1048584a47ff7cc89014f-500x280.jpg",500,280,true],"medium":["https:\/\/arantv.az\/wp-content\/uploads\/2023\/11\/0a25ba5f11f1048584a47ff7cc89014f-649x365.jpg",649,365,true],"large":["https:\/\/arantv.az\/wp-content\/uploads\/2023\/11\/0a25ba5f11f1048584a47ff7cc89014f.jpg",640,360,false],"1536x1536":["https:\/\/arantv.az\/wp-content\/uploads\/2023\/11\/0a25ba5f11f1048584a47ff7cc89014f.jpg",690,388,false],"2048x2048":["https:\/\/arantv.az\/wp-content\/uploads\/2023\/11\/0a25ba5f11f1048584a47ff7cc89014f.jpg",690,388,false],"post-thumbnail":["https:\/\/arantv.az\/wp-content\/uploads\/2023\/11\/0a25ba5f11f1048584a47ff7cc89014f-240x172.jpg",240,172,true],"advps-thumb-one":["https:\/\/arantv.az\/wp-content\/uploads\/2023\/11\/0a25ba5f11f1048584a47ff7cc89014f.jpg",690,388,false]},"rttpg_author":{"display_name":"V\u00fcsal Rafiqo\u011flu","author_link":"https:\/\/arantv.az\/?author=2"},"rttpg_comment":0,"rttpg_category":"<a href=\"https:\/\/arantv.az\/?cat=4\" rel=\"category\">Siyas\u0259t<\/a>","rttpg_excerpt":"Erm\u0259nistan Xarici \u0130\u015fl\u0259r Nazirliyinin a\u00e7\u0131qlamas\u0131nda bildirilib ki, Erm\u0259nistan Az\u0259rbaycana s\u0259rh\u0259dyan\u0131 \u0259razid\u0259 demarkasiya komissiyas\u0131n\u0131n iclas\u0131n\u0131 ke\u00e7irm\u0259yi t\u0259klif edib. A\u00e7\u0131qlamada Erm\u0259nistan\u0131n Az\u0259rbaycanla m\u00fcnasib\u0259tl\u0259rin normalla\u015fd\u0131r\u0131lmas\u0131, C\u0259nubi Qafqazda s\u00fclh v\u0259 sabitliyin b\u0259rq\u0259rar olmas\u0131 istiqam\u0259tind\u0259 s\u0259yl\u0259r g\u00f6st\u0259rdiyi qeyd olunub. Prezident \u0130lham \u018fliyev noyabr\u0131n 22-d\u0259 B\u00f6y\u00fck Britaniya v\u0259 \u015eimali \u0130rlandiya Birl\u0259\u015fmi\u015f Krall\u0131\u011f\u0131n\u0131n Xarici \u0130\u015fl\u0259r, Birlik \u00d6lk\u0259l\u0259ri v\u0259 \u0130nki\u015faf Ofisind\u0259 Parlamentl\u0259 \u0259laq\u0259l\u0259r&hellip;","_links":{"self":[{"href":"https:\/\/arantv.az\/index.php?rest_route=\/wp\/v2\/posts\/659920"}],"collection":[{"href":"https:\/\/arantv.az\/index.php?rest_route=\/wp\/v2\/posts"}],"about":[{"href":"https:\/\/arantv.az\/index.php?rest_route=\/wp\/v2\/types\/post"}],"author":[{"embeddable":true,"href":"https:\/\/arantv.az\/index.php?rest_route=\/wp\/v2\/users\/2"}],"replies":[{"embeddable":true,"href":"https:\/\/arantv.az\/index.php?rest_route=%2Fwp%2Fv2%2Fcomments&post=659920"}],"version-history":[{"count":0,"href":"https:\/\/arantv.az\/index.php?rest_route=\/wp\/v2\/posts\/659920\/revisions"}],"wp:featuredmedia":[{"embeddable":true,"href":"https:\/\/arantv.az\/index.php?rest_route=\/wp\/v2\/media\/659930"}],"wp:attachment":[{"href":"https:\/\/arantv.az\/index.php?rest_route=%2Fwp%2Fv2%2Fmedia&parent=659920"}],"wp:term":[{"taxonomy":"category","embeddable":true,"href":"https:\/\/arantv.az\/index.php?rest_route=%2Fwp%2Fv2%2Fcategories&post=659920"},{"taxonomy":"post_tag","embeddable":true,"href":"https:\/\/arantv.az\/index.php?rest_route=%2Fwp%2Fv2%2Ftags&post=659920"}],"curies":[{"name":"wp","href":"https:\/\/api.w.org\/{rel}","templated":true}]}}