{"id":659922,"date":"2023-11-22T12:59:19","date_gmt":"2023-11-22T08:59:19","guid":{"rendered":"https:\/\/arantv.az\/?p=659922"},"modified":"2023-11-22T12:59:19","modified_gmt":"2023-11-22T08:59:19","slug":"ilham-%c9%99liyev-erm%c9%99nistanla-sulh-muqavil%c9%99sinin-imzalanmasi-ucun-artiq-h%c9%99r-hansi-%c9%99ng%c9%99l-qalmayib","status":"publish","type":"post","link":"https:\/\/arantv.az\/?p=659922","title":{"rendered":"\u0130lham \u018fliyev: \u201cErm\u0259nistanla s\u00fclh m\u00fcqavil\u0259sinin imzalanmas\u0131 \u00fc\u00e7\u00fcn art\u0131q h\u0259r hans\u0131 \u0259ng\u0259l qalmay\u0131b\u201d"},"content":{"rendered":"<p>\u201cAz\u0259rbaycan il\u0259 Erm\u0259nistan aras\u0131nda s\u00fclh m\u00fcqavil\u0259sinin imzalanmas\u0131 \u00fc\u00e7\u00fcn art\u0131q h\u0259r hans\u0131 \u0259ng\u0259l qalmay\u0131b\u201d.<\/p>\n<p><a href=\"https:\/\/azertag.az\/xeber\/azerbaycan_prezidenti_ilham_eliyev_boyuk_britaniyanin_dovlet_katibinin_muavini_avropa_ve_simali_amerika_uzre_dovlet_nazirini_qebul_edib__yenilenib-2830253\" target=\"_blank\" rel=\"noopener\">AZ\u018fRTAC<\/a>-\u0131n m\u0259lumat\u0131na g\u00f6r\u0259, bu bar\u0259d\u0259 Az\u0259rbaycan Respublikas\u0131n\u0131n Prezidenti\u00a0<strong>\u0130lham \u018fliyev<\/strong>\u00a0noyabr\u0131n 22-d\u0259 B\u00f6y\u00fck Britaniya v\u0259 \u015eimali \u0130rlandiya Birl\u0259\u015fmi\u015f Krall\u0131\u011f\u0131n\u0131n Xarici \u0130\u015fl\u0259r, Birlik \u00d6lk\u0259l\u0259ri v\u0259 \u0130nki\u015faf Ofisind\u0259 Parlamentl\u0259 \u0259laq\u0259l\u0259r \u00fczr\u0259 d\u00f6vl\u0259t katibinin m\u00fcavini, Avropa v\u0259 \u015eimali Amerika \u00fczr\u0259 d\u00f6vl\u0259t naziri Leo Dokertini q\u0259bul ed\u0259n zaman deyib.<\/p>\n<p>D\u00f6vl\u0259timizin ba\u015f\u00e7\u0131s\u0131 qeyd edib ki, antiterror t\u0259dbirl\u0259ri n\u0259tic\u0259sind\u0259 Az\u0259rbaycan suverenliyini tam \u015f\u0259kild\u0259 b\u0259rpa edib.<\/p>\n<p>Prezident \u00f6lk\u0259mizin regional s\u00fclh g\u00fcnd\u0259liyini d\u0259st\u0259kl\u0259diyini, s\u00fclh m\u00fcqavil\u0259si v\u0259 iki \u00f6lk\u0259 aras\u0131nda m\u00fcnasib\u0259tl\u0259rin normalla\u015fd\u0131r\u0131lmas\u0131 \u00fc\u00e7\u00fcn Az\u0259rbaycan\u0131n Erm\u0259nistan il\u0259 dialoqa haz\u0131r oldu\u011funu vur\u011fulay\u0131b.<\/p>\n<p>Qonaq da \u00f6z n\u00f6vb\u0259sind\u0259 \u00f6lk\u0259sinin bu proses\u0259 d\u0259st\u0259k verm\u0259y\u0259 haz\u0131r oldu\u011funu ifad\u0259 edib.<\/p>\n<p>Leo Dokerti B\u00f6y\u00fck Britaniya v\u0259 \u015eimali \u0130rlandiya Birl\u0259\u015fmi\u015f Krall\u0131\u011f\u0131n\u0131n regional s\u00fclh v\u0259 sabitliyin t\u0259min olunmas\u0131na h\u0259r hans\u0131 bir t\u00f6hf\u0259 verm\u0259k i\u015fin\u0259 m\u00fcsb\u0259t yana\u015fd\u0131\u011f\u0131n\u0131 deyib, uzun ill\u0259rdir Az\u0259rbaycan il\u0259 \u00e7ox m\u00fch\u00fcm siyasi, iqtisadi, ticar\u0259t v\u0259 enerji \u0259laq\u0259l\u0259rinin m\u00f6vcudlu\u011fu il\u0259 f\u0259xr etdikl\u0259rini bildirdi.<\/p>\n<p>Britaniyal\u0131 nazir vur\u011fulay\u0131b ki, Az\u0259rbaycan yaln\u0131z Avropan\u0131n m\u00fch\u00fcm enerji t\u0259chizat\u00e7\u0131s\u0131 deyil, h\u0259m d\u0259 C\u0259nubi Qafqaz\u0131n vacib, m\u0259suliyy\u0259tli \u00f6lk\u0259sidir v\u0259 Az\u0259rbaycans\u0131z Avropada s\u00fclh v\u0259 t\u0259hl\u00fck\u0259sizlik olmazd\u0131.<\/p>\n","protected":false},"excerpt":{"rendered":"<p>\u201cAz\u0259rbaycan il\u0259 Erm\u0259nistan aras\u0131nda s\u00fclh m\u00fcqavil\u0259sinin imzalanmas\u0131 \u00fc\u00e7\u00fcn art\u0131q h\u0259r hans\u0131 \u0259ng\u0259l qalmay\u0131b\u201d. AZ\u018fRTAC-\u0131n m\u0259lumat\u0131na g\u00f6r\u0259, bu bar\u0259d\u0259 Az\u0259rbaycan Respublikas\u0131n\u0131n Prezidenti\u00a0\u0130lham \u018fliyev\u00a0noyabr\u0131n 22-d\u0259 B\u00f6y\u00fck Britaniya v\u0259 \u015eimali \u0130rlandiya Birl\u0259\u015fmi\u015f Krall\u0131\u011f\u0131n\u0131n Xarici \u0130\u015fl\u0259r, Birlik \u00d6lk\u0259l\u0259ri v\u0259 \u0130nki\u015faf Ofisind\u0259 Parlamentl\u0259 \u0259laq\u0259l\u0259r \u00fczr\u0259 d\u00f6vl\u0259t katibinin m\u00fcavini, Avropa v\u0259 \u015eimali Amerika \u00fczr\u0259 d\u00f6vl\u0259t naziri Leo Dokertini q\u0259bul ed\u0259n zaman deyib. D\u00f6vl\u0259timizin ba\u015f\u00e7\u0131s\u0131 qeyd edib ki, antiterror t\u0259dbirl\u0259ri n\u0259tic\u0259sind\u0259 Az\u0259rbaycan suverenliyini tam \u015f\u0259kild\u0259 b\u0259rpa edib. Prezident \u00f6lk\u0259mizin regional s\u00fclh g\u00fcnd\u0259liyini d\u0259st\u0259kl\u0259diyini, s\u00fclh m\u00fcqavil\u0259si v\u0259 iki \u00f6lk\u0259 aras\u0131nda m\u00fcnasib\u0259tl\u0259rin normalla\u015fd\u0131r\u0131lmas\u0131 \u00fc\u00e7\u00fcn Az\u0259rbaycan\u0131n Erm\u0259nistan il\u0259 dialoqa haz\u0131r&hellip;<\/p>\n","protected":false},"author":2,"featured_media":659923,"comment_status":"closed","ping_status":"closed","sticky":false,"template":"","format":"standard","meta":{"om_disable_all_campaigns":false,"_monsterinsights_skip_tracking":false,"_monsterinsights_sitenote_active":false,"_monsterinsights_sitenote_note":"","_monsterinsights_sitenote_category":0},"categories":[4],"tags":[],"aioseo_notices":[],"gutentor_comment":0,"rttpg_featured_image_url":{"full":["https:\/\/arantv.az\/wp-content\/uploads\/2023\/11\/155129491_10164622835490315_3143305307096763887_o-1.jpg",620,413,false],"landscape":["https:\/\/arantv.az\/wp-content\/uploads\/2023\/11\/155129491_10164622835490315_3143305307096763887_o-1.jpg",620,413,false],"portraits":["https:\/\/arantv.az\/wp-content\/uploads\/2023\/11\/155129491_10164622835490315_3143305307096763887_o-1.jpg",620,413,false],"thumbnail":["https:\/\/arantv.az\/wp-content\/uploads\/2023\/11\/155129491_10164622835490315_3143305307096763887_o-1-500x280.jpg",500,280,true],"medium":["https:\/\/arantv.az\/wp-content\/uploads\/2023\/11\/155129491_10164622835490315_3143305307096763887_o-1-548x365.jpg",548,365,true],"large":["https:\/\/arantv.az\/wp-content\/uploads\/2023\/11\/155129491_10164622835490315_3143305307096763887_o-1.jpg",620,413,false],"1536x1536":["https:\/\/arantv.az\/wp-content\/uploads\/2023\/11\/155129491_10164622835490315_3143305307096763887_o-1.jpg",620,413,false],"2048x2048":["https:\/\/arantv.az\/wp-content\/uploads\/2023\/11\/155129491_10164622835490315_3143305307096763887_o-1.jpg",620,413,false],"post-thumbnail":["https:\/\/arantv.az\/wp-content\/uploads\/2023\/11\/155129491_10164622835490315_3143305307096763887_o-1-240x172.jpg",240,172,true],"advps-thumb-one":["https:\/\/arantv.az\/wp-content\/uploads\/2023\/11\/155129491_10164622835490315_3143305307096763887_o-1.jpg",620,413,false]},"rttpg_author":{"display_name":"V\u00fcsal Rafiqo\u011flu","author_link":"https:\/\/arantv.az\/?author=2"},"rttpg_comment":0,"rttpg_category":"<a href=\"https:\/\/arantv.az\/?cat=4\" rel=\"category\">Siyas\u0259t<\/a>","rttpg_excerpt":"\u201cAz\u0259rbaycan il\u0259 Erm\u0259nistan aras\u0131nda s\u00fclh m\u00fcqavil\u0259sinin imzalanmas\u0131 \u00fc\u00e7\u00fcn art\u0131q h\u0259r hans\u0131 \u0259ng\u0259l qalmay\u0131b\u201d. AZ\u018fRTAC-\u0131n m\u0259lumat\u0131na g\u00f6r\u0259, bu bar\u0259d\u0259 Az\u0259rbaycan Respublikas\u0131n\u0131n Prezidenti\u00a0\u0130lham \u018fliyev\u00a0noyabr\u0131n 22-d\u0259 B\u00f6y\u00fck Britaniya v\u0259 \u015eimali \u0130rlandiya Birl\u0259\u015fmi\u015f Krall\u0131\u011f\u0131n\u0131n Xarici \u0130\u015fl\u0259r, Birlik \u00d6lk\u0259l\u0259ri v\u0259 \u0130nki\u015faf Ofisind\u0259 Parlamentl\u0259 \u0259laq\u0259l\u0259r \u00fczr\u0259 d\u00f6vl\u0259t katibinin m\u00fcavini, Avropa v\u0259 \u015eimali Amerika \u00fczr\u0259 d\u00f6vl\u0259t naziri Leo Dokertini q\u0259bul ed\u0259n zaman&hellip;","_links":{"self":[{"href":"https:\/\/arantv.az\/index.php?rest_route=\/wp\/v2\/posts\/659922"}],"collection":[{"href":"https:\/\/arantv.az\/index.php?rest_route=\/wp\/v2\/posts"}],"about":[{"href":"https:\/\/arantv.az\/index.php?rest_route=\/wp\/v2\/types\/post"}],"author":[{"embeddable":true,"href":"https:\/\/arantv.az\/index.php?rest_route=\/wp\/v2\/users\/2"}],"replies":[{"embeddable":true,"href":"https:\/\/arantv.az\/index.php?rest_route=%2Fwp%2Fv2%2Fcomments&post=659922"}],"version-history":[{"count":0,"href":"https:\/\/arantv.az\/index.php?rest_route=\/wp\/v2\/posts\/659922\/revisions"}],"wp:featuredmedia":[{"embeddable":true,"href":"https:\/\/arantv.az\/index.php?rest_route=\/wp\/v2\/media\/659923"}],"wp:attachment":[{"href":"https:\/\/arantv.az\/index.php?rest_route=%2Fwp%2Fv2%2Fmedia&parent=659922"}],"wp:term":[{"taxonomy":"category","embeddable":true,"href":"https:\/\/arantv.az\/index.php?rest_route=%2Fwp%2Fv2%2Fcategories&post=659922"},{"taxonomy":"post_tag","embeddable":true,"href":"https:\/\/arantv.az\/index.php?rest_route=%2Fwp%2Fv2%2Ftags&post=659922"}],"curies":[{"name":"wp","href":"https:\/\/api.w.org\/{rel}","templated":true}]}}