{"id":659929,"date":"2023-11-22T13:26:16","date_gmt":"2023-11-22T09:26:16","guid":{"rendered":"https:\/\/arantv.az\/?p=659929"},"modified":"2023-11-22T13:26:16","modified_gmt":"2023-11-22T09:26:16","slug":"brenda-safferd%c9%99n-usaid-r%c9%99hb%c9%99rin%c9%99-qarabagla-bagli-sill%c9%99-kimi-cavab-foto","status":"publish","type":"post","link":"https:\/\/arantv.az\/?p=659929","title":{"rendered":"Brenda \u015eafferd\u0259n USAID r\u0259hb\u0259rin\u0259 Qaraba\u011fla ba\u011fl\u0131 \u015fill\u0259 kimi cavab &#8211; FOTO"},"content":{"rendered":"<p>\u201cNaval postgraduate school\u201dun (AB\u015e) professoru v\u0259 Amerika Siyasi Elml\u0259r Assosiasiyas\u0131n\u0131n \u00fczv\u00fc Brenda \u015eaffer USAID-in direktoru Samanta Pauer\u0259 Qaraba\u011f\u0131 t\u0259rk ed\u0259n dig\u0259r sakinl\u0259r\u0259, daha do\u011frusu, \u00f6z v\u0259t\u0259nl\u0259rin\u0259 qay\u0131tmaqdan m\u0259mnunluq duyan erm\u0259ni h\u0259rb\u00e7il\u0259r\u0259 diqq\u0259t yetirm\u0259yi t\u00f6vsiy\u0259 edib.<\/p>\n<p>Bu bar\u0259d\u0259 o, \u201cX\u201d sosial \u015f\u0259b\u0259k\u0259sind\u0259 yaz\u0131b.<\/p>\n<p>\u201cSiz Qaraba\u011fda ya\u015fam\u0131\u015f Erm\u0259nistandan olan 12 min h\u0259rb\u00e7i v\u0259 onlar\u0131n ail\u0259 \u00fczvl\u0259ri (daha 20 min) il\u0259 d\u0259 dan\u0131\u015fd\u0131n\u0131zm\u0131? Onlar, y\u0259qin ki, evl\u0259rin\u0259 qay\u0131tma\u011fa \u015fad olublar\u201d, &#8211; dey\u0259 B.\u015eaffer USAID-in direktorunun Az\u0259rbaycan\u0131n Qaraba\u011f regionunu k\u00f6n\u00fcll\u00fc t\u0259rk etmi\u015f erm\u0259nil\u0259rl\u0259 g\u00f6r\u00fc\u015f\u00fcn\u00fc \u015f\u0259rh ed\u0259rk\u0259n vur\u011fulay\u0131b.<\/p>\n<div>\n<div class=\"twitter-tweet twitter-tweet-rendered\"><iframe id=\"twitter-widget-0\" class=\"\" title=\"Twitter Tweet\" src=\"https:\/\/platform.twitter.com\/embed\/Tweet.html?creatorScreenName=oxuaz&amp;dnt=false&amp;embedId=twitter-widget-0&amp;features=eyJ0ZndfdGltZWxpbmVfbGlzdCI6eyJidWNrZXQiOltdLCJ2ZXJzaW9uIjpudWxsfSwidGZ3X2ZvbGxvd2VyX2NvdW50X3N1bnNldCI6eyJidWNrZXQiOnRydWUsInZlcnNpb24iOm51bGx9LCJ0ZndfdHdlZXRfZWRpdF9iYWNrZW5kIjp7ImJ1Y2tldCI6Im9uIiwidmVyc2lvbiI6bnVsbH0sInRmd19yZWZzcmNfc2Vzc2lvbiI6eyJidWNrZXQiOiJvbiIsInZlcnNpb24iOm51bGx9LCJ0ZndfZm9zbnJfc29mdF9pbnRlcnZlbnRpb25zX2VuYWJsZWQiOnsiYnVja2V0Ijoib24iLCJ2ZXJzaW9uIjpudWxsfSwidGZ3X21peGVkX21lZGlhXzE1ODk3Ijp7ImJ1Y2tldCI6InRyZWF0bWVudCIsInZlcnNpb24iOm51bGx9LCJ0ZndfZXhwZXJpbWVudHNfY29va2llX2V4cGlyYXRpb24iOnsiYnVja2V0IjoxMjA5NjAwLCJ2ZXJzaW9uIjpudWxsfSwidGZ3X3Nob3dfYmlyZHdhdGNoX3Bpdm90c19lbmFibGVkIjp7ImJ1Y2tldCI6Im9uIiwidmVyc2lvbiI6bnVsbH0sInRmd19kdXBsaWNhdGVfc2NyaWJlc190b19zZXR0aW5ncyI6eyJidWNrZXQiOiJvbiIsInZlcnNpb24iOm51bGx9LCJ0ZndfdXNlX3Byb2ZpbGVfaW1hZ2Vfc2hhcGVfZW5hYmxlZCI6eyJidWNrZXQiOiJvbiIsInZlcnNpb24iOm51bGx9LCJ0ZndfdmlkZW9faGxzX2R5bmFtaWNfbWFuaWZlc3RzXzE1MDgyIjp7ImJ1Y2tldCI6InRydWVfYml0cmF0ZSIsInZlcnNpb24iOm51bGx9LCJ0ZndfbGVnYWN5X3RpbWVsaW5lX3N1bnNldCI6eyJidWNrZXQiOnRydWUsInZlcnNpb24iOm51bGx9LCJ0ZndfdHdlZXRfZWRpdF9mcm9udGVuZCI6eyJidWNrZXQiOiJvbiIsInZlcnNpb24iOm51bGx9fQ%3D%3D&amp;frame=false&amp;hideCard=false&amp;hideThread=false&amp;id=1727144177677258790&amp;lang=en&amp;origin=https%3A%2F%2Foxu.az%2Fpolitics%2F806550&amp;sessionId=6e00c5962a533a36e5948773c704817b541ae662&amp;siteScreenName=oxuaz&amp;theme=light&amp;widgetsVersion=01917f4d1d4cb%3A1696883169554&amp;width=550px\" frameborder=\"0\" scrolling=\"no\" allowfullscreen=\"allowfullscreen\" data-tweet-id=\"1727144177677258790\" data-mce-fragment=\"1\"><\/iframe><\/div>\n<\/div>\n<p>&nbsp;<\/p>\n","protected":false},"excerpt":{"rendered":"<p>\u201cNaval postgraduate school\u201dun (AB\u015e) professoru v\u0259 Amerika Siyasi Elml\u0259r Assosiasiyas\u0131n\u0131n \u00fczv\u00fc Brenda \u015eaffer USAID-in direktoru Samanta Pauer\u0259 Qaraba\u011f\u0131 t\u0259rk ed\u0259n dig\u0259r sakinl\u0259r\u0259, daha do\u011frusu, \u00f6z v\u0259t\u0259nl\u0259rin\u0259 qay\u0131tmaqdan m\u0259mnunluq duyan erm\u0259ni h\u0259rb\u00e7il\u0259r\u0259 diqq\u0259t yetirm\u0259yi t\u00f6vsiy\u0259 edib. Bu bar\u0259d\u0259 o, \u201cX\u201d sosial \u015f\u0259b\u0259k\u0259sind\u0259 yaz\u0131b. \u201cSiz Qaraba\u011fda ya\u015fam\u0131\u015f Erm\u0259nistandan olan 12 min h\u0259rb\u00e7i v\u0259 onlar\u0131n ail\u0259 \u00fczvl\u0259ri (daha 20 min) il\u0259 d\u0259 dan\u0131\u015fd\u0131n\u0131zm\u0131? Onlar, y\u0259qin ki, evl\u0259rin\u0259 qay\u0131tma\u011fa \u015fad olublar\u201d, &#8211; dey\u0259 B.\u015eaffer USAID-in direktorunun Az\u0259rbaycan\u0131n Qaraba\u011f regionunu k\u00f6n\u00fcll\u00fc t\u0259rk etmi\u015f erm\u0259nil\u0259rl\u0259 g\u00f6r\u00fc\u015f\u00fcn\u00fc \u015f\u0259rh ed\u0259rk\u0259n vur\u011fulay\u0131b. &nbsp;<\/p>\n","protected":false},"author":2,"featured_media":659938,"comment_status":"closed","ping_status":"closed","sticky":false,"template":"","format":"standard","meta":{"om_disable_all_campaigns":false,"_monsterinsights_skip_tracking":false,"_monsterinsights_sitenote_active":false,"_monsterinsights_sitenote_note":"","_monsterinsights_sitenote_category":0},"categories":[4],"tags":[],"aioseo_notices":[],"gutentor_comment":0,"rttpg_featured_image_url":{"full":["https:\/\/arantv.az\/wp-content\/uploads\/2023\/11\/FotoJet-1-1-2.jpg",620,413,false],"landscape":["https:\/\/arantv.az\/wp-content\/uploads\/2023\/11\/FotoJet-1-1-2.jpg",620,413,false],"portraits":["https:\/\/arantv.az\/wp-content\/uploads\/2023\/11\/FotoJet-1-1-2.jpg",620,413,false],"thumbnail":["https:\/\/arantv.az\/wp-content\/uploads\/2023\/11\/FotoJet-1-1-2-500x280.jpg",500,280,true],"medium":["https:\/\/arantv.az\/wp-content\/uploads\/2023\/11\/FotoJet-1-1-2-548x365.jpg",548,365,true],"large":["https:\/\/arantv.az\/wp-content\/uploads\/2023\/11\/FotoJet-1-1-2.jpg",620,413,false],"1536x1536":["https:\/\/arantv.az\/wp-content\/uploads\/2023\/11\/FotoJet-1-1-2.jpg",620,413,false],"2048x2048":["https:\/\/arantv.az\/wp-content\/uploads\/2023\/11\/FotoJet-1-1-2.jpg",620,413,false],"post-thumbnail":["https:\/\/arantv.az\/wp-content\/uploads\/2023\/11\/FotoJet-1-1-2-240x172.jpg",240,172,true],"advps-thumb-one":["https:\/\/arantv.az\/wp-content\/uploads\/2023\/11\/FotoJet-1-1-2.jpg",620,413,false]},"rttpg_author":{"display_name":"V\u00fcsal Rafiqo\u011flu","author_link":"https:\/\/arantv.az\/?author=2"},"rttpg_comment":0,"rttpg_category":"<a href=\"https:\/\/arantv.az\/?cat=4\" rel=\"category\">Siyas\u0259t<\/a>","rttpg_excerpt":"\u201cNaval postgraduate school\u201dun (AB\u015e) professoru v\u0259 Amerika Siyasi Elml\u0259r Assosiasiyas\u0131n\u0131n \u00fczv\u00fc Brenda \u015eaffer USAID-in direktoru Samanta Pauer\u0259 Qaraba\u011f\u0131 t\u0259rk ed\u0259n dig\u0259r sakinl\u0259r\u0259, daha do\u011frusu, \u00f6z v\u0259t\u0259nl\u0259rin\u0259 qay\u0131tmaqdan m\u0259mnunluq duyan erm\u0259ni h\u0259rb\u00e7il\u0259r\u0259 diqq\u0259t yetirm\u0259yi t\u00f6vsiy\u0259 edib. Bu bar\u0259d\u0259 o, \u201cX\u201d sosial \u015f\u0259b\u0259k\u0259sind\u0259 yaz\u0131b. \u201cSiz Qaraba\u011fda ya\u015fam\u0131\u015f Erm\u0259nistandan olan 12 min h\u0259rb\u00e7i v\u0259 onlar\u0131n ail\u0259 \u00fczvl\u0259ri (daha&hellip;","_links":{"self":[{"href":"https:\/\/arantv.az\/index.php?rest_route=\/wp\/v2\/posts\/659929"}],"collection":[{"href":"https:\/\/arantv.az\/index.php?rest_route=\/wp\/v2\/posts"}],"about":[{"href":"https:\/\/arantv.az\/index.php?rest_route=\/wp\/v2\/types\/post"}],"author":[{"embeddable":true,"href":"https:\/\/arantv.az\/index.php?rest_route=\/wp\/v2\/users\/2"}],"replies":[{"embeddable":true,"href":"https:\/\/arantv.az\/index.php?rest_route=%2Fwp%2Fv2%2Fcomments&post=659929"}],"version-history":[{"count":0,"href":"https:\/\/arantv.az\/index.php?rest_route=\/wp\/v2\/posts\/659929\/revisions"}],"wp:featuredmedia":[{"embeddable":true,"href":"https:\/\/arantv.az\/index.php?rest_route=\/wp\/v2\/media\/659938"}],"wp:attachment":[{"href":"https:\/\/arantv.az\/index.php?rest_route=%2Fwp%2Fv2%2Fmedia&parent=659929"}],"wp:term":[{"taxonomy":"category","embeddable":true,"href":"https:\/\/arantv.az\/index.php?rest_route=%2Fwp%2Fv2%2Fcategories&post=659929"},{"taxonomy":"post_tag","embeddable":true,"href":"https:\/\/arantv.az\/index.php?rest_route=%2Fwp%2Fv2%2Ftags&post=659929"}],"curies":[{"name":"wp","href":"https:\/\/api.w.org\/{rel}","templated":true}]}}