{"id":659940,"date":"2023-11-22T13:40:45","date_gmt":"2023-11-22T09:40:45","guid":{"rendered":"https:\/\/arantv.az\/?p=659940"},"modified":"2023-11-22T13:40:45","modified_gmt":"2023-11-22T09:40:45","slug":"bakida-islam-%c9%99m%c9%99kdasliq-t%c9%99skilatinin-%c9%99m%c9%99k-m%c9%99rk%c9%99zinin-acilis-m%c9%99rasimi-kecirilib-yenil%c9%99nib-foto","status":"publish","type":"post","link":"https:\/\/arantv.az\/?p=659940","title":{"rendered":"Bak\u0131da \u0130slam \u018fm\u0259kda\u015fl\u0131q T\u0259\u015fkilat\u0131n\u0131n \u018fm\u0259k M\u0259rk\u0259zinin a\u00e7\u0131l\u0131\u015f m\u0259rasimi ke\u00e7irilib &#8211; YEN\u0130L\u018fN\u0130B + FOTO"},"content":{"rendered":"<div>\n<p>\u0130slam \u018fm\u0259kda\u015fl\u0131q T\u0259\u015fkilat\u0131na (\u0130\u018fT) \u00fczv d\u00f6vl\u0259tl\u0259rin \u0259m\u0259k nazirl\u0259rinin 5-ci konfrans\u0131 \u00e7\u0259r\u00e7iv\u0259sind\u0259 Bak\u0131da \u018fm\u0259k M\u0259rk\u0259zinin a\u00e7\u0131l\u0131\u015f sessiyas\u0131 ke\u00e7irilib.<\/p>\n<p>Bu bar\u0259d\u0259 \u018fm\u0259k v\u0259 \u018fhalinin Sosial M\u00fcdafi\u0259si Nazirliyind\u0259n m\u0259lumat verilib.<\/p>\n<p>Bildirilib ki, tamh\u00fcquqlu beyn\u0259lxalq t\u0259\u015fkilat statusuna malik olacaq \u018fm\u0259k M\u0259rk\u0259zinin yerl\u0259\u015fdiyi \u00f6lk\u0259nin Az\u0259rbaycan oldu\u011fu n\u0259z\u0259r\u0259 al\u0131naraq t\u0259dbiri Az\u0259rbaycan Respublikas\u0131n\u0131n \u0259m\u0259k v\u0259 \u0259halinin sosial m\u00fcdafi\u0259si naziri Sahil Babayev giri\u015f s\u00f6z\u00fc il\u0259 a\u00e7\u0131b.<\/p>\n<p>Bildirib ki, 2013-c\u00fc ilin aprel ay\u0131nda \u0130\u018fT-\u0259 \u00fczv d\u00f6vl\u0259tl\u0259rin \u0259m\u0259k nazirl\u0259rinin Bak\u0131da ke\u00e7iril\u0259n 2-ci konfrans\u0131nda i\u015ftirak ed\u0259n n\u00fcmay\u0259nd\u0259 hey\u0259tl\u0259rinin r\u0259hb\u0259rl\u0259rini q\u0259bul ed\u0259rk\u0259n Prezident\u00a0<strong>\u0130lham \u018fliyev\u00a0<\/strong>M\u0259rk\u0259zi Q\u0259rargah\u0131 Bak\u0131 \u015f\u0259h\u0259rind\u0259 olmaqla \u0130\u018fT-in \u018fm\u0259k M\u0259rk\u0259zinin yarad\u0131lmas\u0131 t\u0259\u015f\u0259bb\u00fcs\u00fc il\u0259 \u00e7\u0131x\u0131\u015f edib. Bu t\u0259\u015f\u0259bb\u00fcs \u0130\u018fT-\u0259 \u00fczv \u00f6lk\u0259l\u0259r t\u0259r\u0259find\u0259n yekdillikl\u0259 d\u0259st\u0259kl\u0259nib. M\u0259rk\u0259zin \u0259sas f\u0259aliyy\u0259t istiqam\u0259tl\u0259ri \u0259m\u0259k, m\u0259\u015f\u011fulluq, sosial m\u00fcdafi\u0259 v\u0259 insan kapital\u0131n\u0131n inki\u015faf\u0131 sah\u0259sind\u0259 \u00fczv \u00f6lk\u0259l\u0259rin \u0259m\u0259kda\u015fl\u0131\u011f\u0131n\u0131n geni\u015fl\u0259ndirilm\u0259si, \u0259m\u0259k sah\u0259sind\u0259 f\u0259aliyy\u0259tin \u0259laq\u0259l\u0259ndirilm\u0259si, \u0259m\u0259k \u015f\u0259raitinin yax\u015f\u0131la\u015fd\u0131r\u0131lmas\u0131,\u00a0 sosial t\u0259r\u0259fda\u015fl\u0131\u011f\u0131n g\u00fccl\u0259ndirilm\u0259si, layiqli \u0259m\u0259yin t\u0259tbiqi, m\u0259\u015f\u011fulluq imkanlar\u0131n\u0131n geni\u015fl\u0259ndirilm\u0259si v\u0259 dayan\u0131ql\u0131 sosial m\u00fcdafi\u0259 sisteminin formala\u015fd\u0131r\u0131lmas\u0131n\u0131n t\u0259\u015fviq edilm\u0259si olacaq.<\/p>\n<p>Nazir \u00f6lk\u0259mizd\u0259 apar\u0131lan sosial islahatlar\u0131n nailiyy\u0259tl\u0259rini, Birinci vitse-prezident\u00a0<strong>Mehriban \u018fliyevan\u0131n<\/strong>\u00a0t\u0259\u015f\u0259bb\u00fcs\u00fc olan DOST konsepsiyas\u0131n\u0131n u\u011furlar\u0131n\u0131, elektron v\u0259 proaktiv xidm\u0259tl\u0259rin, innovativ h\u0259ll\u0259rin\u00a0 geni\u015f t\u0259tbiqi i\u015fl\u0259rini qeyd edib. Beyn\u0259lxalq s\u0259viyy\u0259d\u0259 d\u0259 y\u00fcks\u0259k qiym\u0259t alan bu t\u0259cr\u00fcb\u0259l\u0259rin \u00fczv \u00f6lk\u0259l\u0259rl\u0259 b\u00f6l\u00fc\u015f\u00fclm\u0259sinin, el\u0259c\u0259 d\u0259 h\u0259min \u00f6lk\u0259l\u0259rd\u0259 olan u\u011furlu t\u0259cr\u00fcb\u0259l\u0259rin \u00f6yr\u0259nilm\u0259sinin prioritet \u00f6n\u0259m k\u0259sb etdiyini, yeni yarad\u0131lan \u018fm\u0259k M\u0259rk\u0259zinin bir istiqam\u0259tinin d\u0259 \u0259n yax\u015f\u0131 t\u0259cr\u00fcb\u0259l\u0259rin m\u00fcbadil\u0259sin\u0259 \u00e7al\u0131\u015fmaq, \u00fczv \u00f6lk\u0259l\u0259r\u0259 d\u0259st\u0259k verm\u0259k olaca\u011f\u0131n\u0131 bildirib.<\/p>\n<p>\u0130\u018fT-in Ba\u015f katibi Hissein Brahim Taha \u00e7\u0131x\u0131\u015f ed\u0259r\u0259k Prezident \u0130lham \u018fliyevin t\u0259\u015f\u0259bb\u00fcs\u00fc\u00a0 \u0259sas\u0131nda yarad\u0131lan yeni \u018fm\u0259k M\u0259rk\u0259zinin \u0130\u018fT-in Ba\u015f katibliyi v\u0259 dig\u0259r ixtisasla\u015fm\u0131\u015f qurumlar\u0131 il\u0259 \u0259m\u0259kda\u015fl\u0131qda f\u0259aliyy\u0259t g\u00f6st\u0259r\u0259c\u0259yini deyib. O, \u0130\u018fT-in bu yeni t\u0259sisat\u0131n\u0131n yarad\u0131lmas\u0131n\u0131n \u0259lam\u0259tdar hadis\u0259\u00a0 oldu\u011funu, T\u0259\u015fkilat\u0131n \u00fczv \u00f6lk\u0259l\u0259r aras\u0131nda \u0259laq\u0259l\u0259rin geni\u015fl\u0259nm\u0259sin\u0259 xidm\u0259t ed\u0259n f\u0259aliyy\u0259tind\u0259 yeni m\u0259rh\u0259l\u0259ni ifad\u0259 etdiyini\u00a0 bildirib v\u0259 \u0130\u018fT ail\u0259sini yeni M\u0259rk\u0259zin yarad\u0131lmas\u0131 m\u00fcnasib\u0259til\u0259 t\u0259brik edib.<\/p>\n<p>Sonra \u0259m\u0259k nazirl\u0259ri konfrans\u0131n\u0131n nazirl\u0259r sessiyas\u0131na haz\u0131rl\u0131q iclas\u0131nda m\u00fc\u0259yy\u0259n olunmu\u015f namiz\u0259dl\u0259r s\u0259s\u0259 qoyulub v\u0259 \u0130\u018fT \u018fm\u0259k M\u0259rk\u0259zinin Ba\u015f Assambleyas\u0131na s\u0259drlik Az\u0259rbaycan Respublikas\u0131na h\u0259val\u0259 olunub, m\u00fcavini is\u0259 S\u0259udiyy\u0259 \u018fr\u0259bistan\u0131 Krall\u0131\u011f\u0131 se\u00e7ilib.<\/p>\n<p>\u0130clas\u0131n davam\u0131nda toplant\u0131n\u0131n g\u00fcnd\u0259liyi v\u0259 i\u015f\u00e7i proqram\u0131n\u0131n, \u0130\u018fT \u018fm\u0259k M\u0259rk\u0259zi Katibliyinin aral\u0131q t\u0259\u015fkilati strukturunun, Ba\u015f Assambleyan\u0131n Q\u0259tnam\u0259 layih\u0259l\u0259rinin q\u0259bul olunmas\u0131, \u0130\u018fT Regional Qruplar\u0131 ad\u0131ndan \u00e7\u0131x\u0131\u015flar edilm\u0259si, haz\u0131rl\u0131q iclas\u0131n\u0131n hesabat\u0131n\u0131n t\u0259qdimat\u0131, \u0130\u018fT \u018fm\u0259k M\u0259rk\u0259zinin \u0130dar\u0259etm\u0259 \u015euras\u0131n\u0131n s\u0259dri v\u0259 t\u0259rkibinin, M\u0259rk\u0259zin Katibliyinin Ba\u015f direktorunun se\u00e7ilm\u0259si, Milli M\u0259clisin \u018fm\u0259k v\u0259 sosial siyas\u0259t komit\u0259sinin s\u0259dri Musa Quliyev, Az\u0259rbaycan Respublikas\u0131n\u0131n Sahibkarlar (\u0130\u015f\u0259g\u00f6t\u00fcr\u0259nl\u0259r) T\u0259\u015fkilatlar\u0131 Milli Konfederasiyas\u0131n\u0131n prezidenti M\u0259mm\u0259d Musayev v\u0259 Az\u0259rbaycan H\u0259mkarlar \u0130ttifaqlar\u0131 Konfederasiyas\u0131n\u0131n s\u0259dri S\u0259ttar M\u00f6hbal\u0131yevin \u00e7\u0131x\u0131\u015flar\u0131 n\u0259z\u0259rd\u0259 tutulub.<\/p>\n<\/div>\n<p><strong>10:33<\/strong><\/p>\n<p>Bak\u0131da \u0130slam \u018fm\u0259kda\u015fl\u0131q T\u0259\u015fkilat\u0131na (\u0130\u018fT) \u00fczv d\u00f6vl\u0259tl\u0259rin \u0259m\u0259k nazirl\u0259rinin 5-ci konfrans\u0131 \u00e7\u0259r\u00e7iv\u0259sind\u0259 \u018fm\u0259k M\u0259rk\u0259zinin a\u00e7\u0131l\u0131\u015f sessiyas\u0131 ke\u00e7irilir.<\/p>\n<p>\u201cReport\u201d x\u0259b\u0259r verir ki, sessiya Qurani-K\u0259rimd\u0259n ay\u0259l\u0259rin oxunmas\u0131 il\u0259 ba\u015flay\u0131b.<\/p>\n<p>Tamh\u00fcquqlu beyn\u0259lxalq t\u0259\u015fkilat statusuna malik olacaq \u018fm\u0259k M\u0259rk\u0259zinin yerl\u0259\u015fdiyi \u00f6lk\u0259nin Az\u0259rbaycan oldu\u011fu n\u0259z\u0259r\u0259 al\u0131naraq t\u0259dbiri Az\u0259rbaycan\u0131n \u0259m\u0259k v\u0259 \u0259halinin sosial m\u00fcdafi\u0259si naziri Sahil Babayev giri\u015f s\u00f6z\u00fc il\u0259 a\u00e7\u0131b.<\/p>\n<p>Nazir bildirib ki, 2013-c\u00fc ilin aprel ay\u0131nda \u0130\u018fT-\u0259 \u00fczv d\u00f6vl\u0259tl\u0259rin \u0259m\u0259k nazirl\u0259rinin Bak\u0131da ke\u00e7iril\u0259n 2-ci konfrans\u0131nda i\u015ftirak ed\u0259n n\u00fcmay\u0259nd\u0259 hey\u0259tl\u0259rinin r\u0259hb\u0259rl\u0259rini q\u0259bul ed\u0259rk\u0259n Prezident\u00a0<strong>\u0130lham \u018fliyev\u00a0<\/strong>q\u0259rargah\u0131 Bak\u0131 \u015f\u0259h\u0259rind\u0259 olmaqla \u0130\u018fT-in \u018fm\u0259k M\u0259rk\u0259zinin yarad\u0131lmas\u0131 t\u0259\u015f\u0259bb\u00fcs\u00fc il\u0259 \u00e7\u0131x\u0131\u015f edib.<\/p>\n<p><img src=\"https:\/\/cdn.oxu.az\/uploads\/W1siZiIsIjIwMjMvMTEvMjIvMTMvMDQvMDQvMThlOGQ3MzQtZmQ0Yy00YTFkLWE3NzItMTc1MTE2NzJmZTgzLzExICgxKS5qcGciXSxbInAiLCJlbmNvZGUiLCJqcGciLCItcXVhbGl0eSA4MCJdLFsicCIsInRodW1iIiwiNTkweDU5MFx1MDAzZSJdXQ?sha=5fdb3dd7ac99b796\" alt=\"\" \/><img src=\"https:\/\/cdn.oxu.az\/uploads\/W1siZiIsIjIwMjMvMTEvMjIvMTMvMDQvMDQvMjZjYWZjOTQtNTdiNC00MGU1LTkwM2MtYzFhYWViODEyNzc2LzE3LmpwZyJdLFsicCIsImVuY29kZSIsImpwZyIsIi1xdWFsaXR5IDgwIl0sWyJwIiwidGh1bWIiLCI1OTB4NTkwXHUwMDNlIl1d?sha=05eabb546d2116db\" alt=\"\" \/><img src=\"https:\/\/cdn.oxu.az\/uploads\/W1siZiIsIjIwMjMvMTEvMjIvMTMvMDQvMDQvYTJiNmRkMzMtMjIxMi00ZGU3LWFiZGUtODFjYTNhY2YyNjgzLzcgKDEpLmpwZyJdLFsicCIsImVuY29kZSIsImpwZyIsIi1xdWFsaXR5IDgwIl0sWyJwIiwidGh1bWIiLCI1OTB4NTkwXHUwMDNlIl1d?sha=c9e3069d53e0efc9\" alt=\"\" \/><img src=\"https:\/\/cdn.oxu.az\/uploads\/W1siZiIsIjIwMjMvMTEvMjIvMTMvMDQvMDQvNjZkYjJjNmUtMTdjYy00MTc1LTk2YzktYmUxMjQ4ZWVkMTU0LzYgKDEpLmpwZyJdLFsicCIsImVuY29kZSIsImpwZyIsIi1xdWFsaXR5IDgwIl0sWyJwIiwidGh1bWIiLCI1OTB4NTkwXHUwMDNlIl1d?sha=5c629ffd531826b7\" alt=\"\" \/><img src=\"https:\/\/cdn.oxu.az\/uploads\/W1siZiIsIjIwMjMvMTEvMjIvMTMvMDQvMDQvOTVmMTFkODgtNThkNi00ZGEwLTgyYTUtYWZmNjkzNTgzNzcwLzE2LmpwZyJdLFsicCIsImVuY29kZSIsImpwZyIsIi1xdWFsaXR5IDgwIl0sWyJwIiwidGh1bWIiLCI1OTB4NTkwXHUwMDNlIl1d?sha=13970ddb40497fad\" alt=\"\" \/><img src=\"https:\/\/cdn.oxu.az\/uploads\/W1siZiIsIjIwMjMvMTEvMjIvMTMvMDQvMDUvZmM2ZGI3MmMtYjUxZS00OTMwLTk2ZGQtMTZlNTgyYzY2MmZkLzEwLmpwZyJdLFsicCIsImVuY29kZSIsImpwZyIsIi1xdWFsaXR5IDgwIl0sWyJwIiwidGh1bWIiLCI1OTB4NTkwXHUwMDNlIl1d?sha=32c86f5acf3fa2d8\" alt=\"\" \/><img src=\"https:\/\/cdn.oxu.az\/uploads\/W1siZiIsIjIwMjMvMTEvMjIvMTMvMDQvMDUvMGE2ZTNiNzctNDRlZi00MWQzLWI4ODEtMDJmYWE5M2JjMGJjLzUgKDEpLmpwZyJdLFsicCIsImVuY29kZSIsImpwZyIsIi1xdWFsaXR5IDgwIl0sWyJwIiwidGh1bWIiLCI1OTB4NTkwXHUwMDNlIl1d?sha=d691452518d5a7e9\" alt=\"\" \/><img src=\"https:\/\/cdn.oxu.az\/uploads\/W1siZiIsIjIwMjMvMTEvMjIvMTMvMDQvMDUvMDQ2M2YxYWQtZDIwMy00ODc4LThlNmEtMDk0YmViNjEwN2VjLzE1LmpwZyJdLFsicCIsImVuY29kZSIsImpwZyIsIi1xdWFsaXR5IDgwIl0sWyJwIiwidGh1bWIiLCI1OTB4NTkwXHUwMDNlIl1d?sha=d31371bcbfe276fd\" alt=\"\" \/><img src=\"https:\/\/cdn.oxu.az\/uploads\/W1siZiIsIjIwMjMvMTEvMjIvMTMvMDQvMDUvY2I1YWEzOTMtMjgwYy00ZWJmLTg2NDItMjE0NTc1OGQ0ZWJiLzEgKDEpLmpwZyJdLFsicCIsImVuY29kZSIsImpwZyIsIi1xdWFsaXR5IDgwIl0sWyJwIiwidGh1bWIiLCI1OTB4NTkwXHUwMDNlIl1d?sha=97fe3abea059fe39\" alt=\"\" \/><img src=\"https:\/\/cdn.oxu.az\/uploads\/W1siZiIsIjIwMjMvMTEvMjIvMTMvMDQvMDUvZDA0NDMxYTItYmM3NC00YTk5LWFlZmYtZmUzOWJlZDIwNWFjLzQgKDIpLmpwZyJdLFsicCIsImVuY29kZSIsImpwZyIsIi1xdWFsaXR5IDgwIl0sWyJwIiwidGh1bWIiLCI1OTB4NTkwXHUwMDNlIl1d?sha=389f22311bcc1b94\" alt=\"\" \/><img src=\"https:\/\/cdn.oxu.az\/uploads\/W1siZiIsIjIwMjMvMTEvMjIvMTMvMDQvMDUvYmRiYWMzODAtYzhiZi00M2JlLWI2ZmQtNzg3Y2NhMWM3MTVkLzE0LmpwZyJdLFsicCIsImVuY29kZSIsImpwZyIsIi1xdWFsaXR5IDgwIl0sWyJwIiwidGh1bWIiLCI1OTB4NTkwXHUwMDNlIl1d?sha=5dfdf977cfa0f608\" alt=\"\" \/><img src=\"https:\/\/cdn.oxu.az\/uploads\/W1siZiIsIjIwMjMvMTEvMjIvMTMvMDQvMDYvMDZjZjk1NTQtM2Y3Zi00YjgwLThhNTYtYTVjOTNhMTM3MzU3LzkuanBnIl0sWyJwIiwiZW5jb2RlIiwianBnIiwiLXF1YWxpdHkgODAiXSxbInAiLCJ0aHVtYiIsIjU5MHg1OTBcdTAwM2UiXV0?sha=cf3ea11241cb5fa0\" alt=\"\" \/><img src=\"https:\/\/cdn.oxu.az\/uploads\/W1siZiIsIjIwMjMvMTEvMjIvMTMvMDQvMDYvYTZmYjIwODUtNmFmZC00ODNiLTk3MjAtOTA0ZWJmZWJhNjVjLzMgKDEpLmpwZyJdLFsicCIsImVuY29kZSIsImpwZyIsIi1xdWFsaXR5IDgwIl0sWyJwIiwidGh1bWIiLCI1OTB4NTkwXHUwMDNlIl1d?sha=2d59930d7ed05ce6\" alt=\"\" \/><img src=\"https:\/\/cdn.oxu.az\/uploads\/W1siZiIsIjIwMjMvMTEvMjIvMTMvMDQvMDYvNTc2ZTM1NzYtNWRlOS00Zjg5LTlkZTMtY2FlYmFhOGQ5ZDgzLzEzLmpwZyJdLFsicCIsImVuY29kZSIsImpwZyIsIi1xdWFsaXR5IDgwIl0sWyJwIiwidGh1bWIiLCI1OTB4NTkwXHUwMDNlIl1d?sha=f31653b3f273ce7c\" alt=\"\" \/><img src=\"https:\/\/cdn.oxu.az\/uploads\/W1siZiIsIjIwMjMvMTEvMjIvMTMvMDQvMDcvMjRlYmU1MTYtZDJjMi00YTI5LWEzOTYtMTBiZDIyNzc3YzRjLzguanBnIl0sWyJwIiwiZW5jb2RlIiwianBnIiwiLXF1YWxpdHkgODAiXSxbInAiLCJ0aHVtYiIsIjU5MHg1OTBcdTAwM2UiXV0?sha=320c6804ae580cb1\" alt=\"\" \/><img src=\"https:\/\/cdn.oxu.az\/uploads\/W1siZiIsIjIwMjMvMTEvMjIvMTMvMDQvMDcvYjI1NTM4YWEtOWQ0YS00OTM1LThlZTYtZDRjMzBjZGZkMmQ3LzIgKDIpLmpwZyJdLFsicCIsImVuY29kZSIsImpwZyIsIi1xdWFsaXR5IDgwIl0sWyJwIiwidGh1bWIiLCI1OTB4NTkwXHUwMDNlIl1d?sha=78c0d64cd3d8dd00\" alt=\"\" \/><\/p>\n","protected":false},"excerpt":{"rendered":"<p>\u0130slam \u018fm\u0259kda\u015fl\u0131q T\u0259\u015fkilat\u0131na (\u0130\u018fT) \u00fczv d\u00f6vl\u0259tl\u0259rin \u0259m\u0259k nazirl\u0259rinin 5-ci konfrans\u0131 \u00e7\u0259r\u00e7iv\u0259sind\u0259 Bak\u0131da \u018fm\u0259k M\u0259rk\u0259zinin a\u00e7\u0131l\u0131\u015f sessiyas\u0131 ke\u00e7irilib. Bu bar\u0259d\u0259 \u018fm\u0259k v\u0259 \u018fhalinin Sosial M\u00fcdafi\u0259si Nazirliyind\u0259n m\u0259lumat verilib. Bildirilib ki, tamh\u00fcquqlu beyn\u0259lxalq t\u0259\u015fkilat statusuna malik olacaq \u018fm\u0259k M\u0259rk\u0259zinin yerl\u0259\u015fdiyi \u00f6lk\u0259nin Az\u0259rbaycan oldu\u011fu n\u0259z\u0259r\u0259 al\u0131naraq t\u0259dbiri Az\u0259rbaycan Respublikas\u0131n\u0131n \u0259m\u0259k v\u0259 \u0259halinin sosial m\u00fcdafi\u0259si naziri Sahil Babayev giri\u015f s\u00f6z\u00fc il\u0259 a\u00e7\u0131b. Bildirib ki, 2013-c\u00fc ilin aprel ay\u0131nda \u0130\u018fT-\u0259 \u00fczv d\u00f6vl\u0259tl\u0259rin \u0259m\u0259k nazirl\u0259rinin Bak\u0131da ke\u00e7iril\u0259n 2-ci konfrans\u0131nda i\u015ftirak ed\u0259n n\u00fcmay\u0259nd\u0259 hey\u0259tl\u0259rinin r\u0259hb\u0259rl\u0259rini q\u0259bul ed\u0259rk\u0259n Prezident\u00a0\u0130lham \u018fliyev\u00a0M\u0259rk\u0259zi Q\u0259rargah\u0131 Bak\u0131 \u015f\u0259h\u0259rind\u0259 olmaqla \u0130\u018fT-in \u018fm\u0259k M\u0259rk\u0259zinin yarad\u0131lmas\u0131&hellip;<\/p>\n","protected":false},"author":2,"featured_media":659941,"comment_status":"closed","ping_status":"closed","sticky":false,"template":"","format":"standard","meta":{"om_disable_all_campaigns":false,"_monsterinsights_skip_tracking":false,"_monsterinsights_sitenote_active":false,"_monsterinsights_sitenote_note":"","_monsterinsights_sitenote_category":0},"categories":[4],"tags":[],"aioseo_notices":[],"gutentor_comment":0,"rttpg_featured_image_url":{"full":["https:\/\/arantv.az\/wp-content\/uploads\/2023\/11\/12-1.jpg",620,413,false],"landscape":["https:\/\/arantv.az\/wp-content\/uploads\/2023\/11\/12-1.jpg",620,413,false],"portraits":["https:\/\/arantv.az\/wp-content\/uploads\/2023\/11\/12-1.jpg",620,413,false],"thumbnail":["https:\/\/arantv.az\/wp-content\/uploads\/2023\/11\/12-1-500x280.jpg",500,280,true],"medium":["https:\/\/arantv.az\/wp-content\/uploads\/2023\/11\/12-1-548x365.jpg",548,365,true],"large":["https:\/\/arantv.az\/wp-content\/uploads\/2023\/11\/12-1.jpg",620,413,false],"1536x1536":["https:\/\/arantv.az\/wp-content\/uploads\/2023\/11\/12-1.jpg",620,413,false],"2048x2048":["https:\/\/arantv.az\/wp-content\/uploads\/2023\/11\/12-1.jpg",620,413,false],"post-thumbnail":["https:\/\/arantv.az\/wp-content\/uploads\/2023\/11\/12-1-240x172.jpg",240,172,true],"advps-thumb-one":["https:\/\/arantv.az\/wp-content\/uploads\/2023\/11\/12-1.jpg",620,413,false]},"rttpg_author":{"display_name":"V\u00fcsal Rafiqo\u011flu","author_link":"https:\/\/arantv.az\/?author=2"},"rttpg_comment":0,"rttpg_category":"<a href=\"https:\/\/arantv.az\/?cat=4\" rel=\"category\">Siyas\u0259t<\/a>","rttpg_excerpt":"\u0130slam \u018fm\u0259kda\u015fl\u0131q T\u0259\u015fkilat\u0131na (\u0130\u018fT) \u00fczv d\u00f6vl\u0259tl\u0259rin \u0259m\u0259k nazirl\u0259rinin 5-ci konfrans\u0131 \u00e7\u0259r\u00e7iv\u0259sind\u0259 Bak\u0131da \u018fm\u0259k M\u0259rk\u0259zinin a\u00e7\u0131l\u0131\u015f sessiyas\u0131 ke\u00e7irilib. Bu bar\u0259d\u0259 \u018fm\u0259k v\u0259 \u018fhalinin Sosial M\u00fcdafi\u0259si Nazirliyind\u0259n m\u0259lumat verilib. Bildirilib ki, tamh\u00fcquqlu beyn\u0259lxalq t\u0259\u015fkilat statusuna malik olacaq \u018fm\u0259k M\u0259rk\u0259zinin yerl\u0259\u015fdiyi \u00f6lk\u0259nin Az\u0259rbaycan oldu\u011fu n\u0259z\u0259r\u0259 al\u0131naraq t\u0259dbiri Az\u0259rbaycan Respublikas\u0131n\u0131n \u0259m\u0259k v\u0259 \u0259halinin sosial m\u00fcdafi\u0259si naziri Sahil Babayev giri\u015f&hellip;","_links":{"self":[{"href":"https:\/\/arantv.az\/index.php?rest_route=\/wp\/v2\/posts\/659940"}],"collection":[{"href":"https:\/\/arantv.az\/index.php?rest_route=\/wp\/v2\/posts"}],"about":[{"href":"https:\/\/arantv.az\/index.php?rest_route=\/wp\/v2\/types\/post"}],"author":[{"embeddable":true,"href":"https:\/\/arantv.az\/index.php?rest_route=\/wp\/v2\/users\/2"}],"replies":[{"embeddable":true,"href":"https:\/\/arantv.az\/index.php?rest_route=%2Fwp%2Fv2%2Fcomments&post=659940"}],"version-history":[{"count":0,"href":"https:\/\/arantv.az\/index.php?rest_route=\/wp\/v2\/posts\/659940\/revisions"}],"wp:featuredmedia":[{"embeddable":true,"href":"https:\/\/arantv.az\/index.php?rest_route=\/wp\/v2\/media\/659941"}],"wp:attachment":[{"href":"https:\/\/arantv.az\/index.php?rest_route=%2Fwp%2Fv2%2Fmedia&parent=659940"}],"wp:term":[{"taxonomy":"category","embeddable":true,"href":"https:\/\/arantv.az\/index.php?rest_route=%2Fwp%2Fv2%2Fcategories&post=659940"},{"taxonomy":"post_tag","embeddable":true,"href":"https:\/\/arantv.az\/index.php?rest_route=%2Fwp%2Fv2%2Ftags&post=659940"}],"curies":[{"name":"wp","href":"https:\/\/api.w.org\/{rel}","templated":true}]}}