{"id":659948,"date":"2023-11-22T13:46:08","date_gmt":"2023-11-22T09:46:08","guid":{"rendered":"https:\/\/arantv.az\/?p=659948"},"modified":"2023-11-22T13:46:08","modified_gmt":"2023-11-22T09:46:08","slug":"prezident-ilham-%c9%99liyev-speca-olk%c9%99l%c9%99rinin-s%c9%99rgisinin-acilisinda-istirak-edib","status":"publish","type":"post","link":"https:\/\/arantv.az\/?p=659948","title":{"rendered":"Prezident \u0130lham \u018fliyev SPECA \u00f6lk\u0259l\u0259rinin s\u0259rgisinin a\u00e7\u0131l\u0131\u015f\u0131nda i\u015ftirak edib"},"content":{"rendered":"<p>Az\u0259rbaycan Respublikas\u0131n\u0131n Prezidenti\u00a0<strong>\u0130lham \u018fliyev<\/strong>\u00a0noyabr\u0131n 22-d\u0259 Bak\u0131 Ekspo M\u0259rk\u0259zind\u0259 M\u0259rk\u0259zi Asiya \u00d6lk\u0259l\u0259rinin \u0130qtisadiyyatlar\u0131 \u00fc\u00e7\u00fcn BMT-nin X\u00fcsusi Proqram\u0131 &#8211; SPECA h\u0259ft\u0259si \u00e7\u0259r\u00e7iv\u0259sind\u0259 Az\u0259rbaycan\u0131n x\u00fcsusi t\u0259\u015f\u0259bb\u00fcs\u00fc il\u0259 ke\u00e7iril\u0259n \u201cSPECA \u00d6lk\u0259l\u0259rinin S\u0259rgisi: Dayan\u0131ql\u0131 inki\u015faf \u00fc\u00e7\u00fcn regional \u0259m\u0259kda\u015fl\u0131q\u201d adl\u0131 s\u0259rginin a\u00e7\u0131l\u0131\u015f\u0131nda i\u015ftirak edib.<\/p>\n<p>Bu bar\u0259d\u0259\u00a0<a href=\"https:\/\/azertag.az\/xeber\/prezident_ilham_eliyev_speca_olkelerinin_sergisinin_achilisinda_istirak_edib_yenilenecek-2830441\" target=\"_blank\" rel=\"noopener\">AZ\u018fRTAC<\/a>\u00a0x\u0259b\u0259r verir.<\/p>\n","protected":false},"excerpt":{"rendered":"<p>Az\u0259rbaycan Respublikas\u0131n\u0131n Prezidenti\u00a0\u0130lham \u018fliyev\u00a0noyabr\u0131n 22-d\u0259 Bak\u0131 Ekspo M\u0259rk\u0259zind\u0259 M\u0259rk\u0259zi Asiya \u00d6lk\u0259l\u0259rinin \u0130qtisadiyyatlar\u0131 \u00fc\u00e7\u00fcn BMT-nin X\u00fcsusi Proqram\u0131 &#8211; SPECA h\u0259ft\u0259si \u00e7\u0259r\u00e7iv\u0259sind\u0259 Az\u0259rbaycan\u0131n x\u00fcsusi t\u0259\u015f\u0259bb\u00fcs\u00fc il\u0259 ke\u00e7iril\u0259n \u201cSPECA \u00d6lk\u0259l\u0259rinin S\u0259rgisi: Dayan\u0131ql\u0131 inki\u015faf \u00fc\u00e7\u00fcn regional \u0259m\u0259kda\u015fl\u0131q\u201d adl\u0131 s\u0259rginin a\u00e7\u0131l\u0131\u015f\u0131nda i\u015ftirak edib. Bu bar\u0259d\u0259\u00a0AZ\u018fRTAC\u00a0x\u0259b\u0259r verir.<\/p>\n","protected":false},"author":2,"featured_media":659954,"comment_status":"closed","ping_status":"closed","sticky":false,"template":"","format":"standard","meta":{"om_disable_all_campaigns":false,"_monsterinsights_skip_tracking":false,"_monsterinsights_sitenote_active":false,"_monsterinsights_sitenote_note":"","_monsterinsights_sitenote_category":0},"categories":[4],"tags":[],"aioseo_notices":[],"gutentor_comment":0,"rttpg_featured_image_url":{"full":["https:\/\/arantv.az\/wp-content\/uploads\/2023\/11\/1589029163_c06d917f-632f-48c8-b535-173df36cf793-5.jpg",620,413,false],"landscape":["https:\/\/arantv.az\/wp-content\/uploads\/2023\/11\/1589029163_c06d917f-632f-48c8-b535-173df36cf793-5.jpg",620,413,false],"portraits":["https:\/\/arantv.az\/wp-content\/uploads\/2023\/11\/1589029163_c06d917f-632f-48c8-b535-173df36cf793-5.jpg",620,413,false],"thumbnail":["https:\/\/arantv.az\/wp-content\/uploads\/2023\/11\/1589029163_c06d917f-632f-48c8-b535-173df36cf793-5-500x280.jpg",500,280,true],"medium":["https:\/\/arantv.az\/wp-content\/uploads\/2023\/11\/1589029163_c06d917f-632f-48c8-b535-173df36cf793-5-548x365.jpg",548,365,true],"large":["https:\/\/arantv.az\/wp-content\/uploads\/2023\/11\/1589029163_c06d917f-632f-48c8-b535-173df36cf793-5.jpg",620,413,false],"1536x1536":["https:\/\/arantv.az\/wp-content\/uploads\/2023\/11\/1589029163_c06d917f-632f-48c8-b535-173df36cf793-5.jpg",620,413,false],"2048x2048":["https:\/\/arantv.az\/wp-content\/uploads\/2023\/11\/1589029163_c06d917f-632f-48c8-b535-173df36cf793-5.jpg",620,413,false],"post-thumbnail":["https:\/\/arantv.az\/wp-content\/uploads\/2023\/11\/1589029163_c06d917f-632f-48c8-b535-173df36cf793-5-240x172.jpg",240,172,true],"advps-thumb-one":["https:\/\/arantv.az\/wp-content\/uploads\/2023\/11\/1589029163_c06d917f-632f-48c8-b535-173df36cf793-5.jpg",620,413,false]},"rttpg_author":{"display_name":"V\u00fcsal Rafiqo\u011flu","author_link":"https:\/\/arantv.az\/?author=2"},"rttpg_comment":0,"rttpg_category":"<a href=\"https:\/\/arantv.az\/?cat=4\" rel=\"category\">Siyas\u0259t<\/a>","rttpg_excerpt":"Az\u0259rbaycan Respublikas\u0131n\u0131n Prezidenti\u00a0\u0130lham \u018fliyev\u00a0noyabr\u0131n 22-d\u0259 Bak\u0131 Ekspo M\u0259rk\u0259zind\u0259 M\u0259rk\u0259zi Asiya \u00d6lk\u0259l\u0259rinin \u0130qtisadiyyatlar\u0131 \u00fc\u00e7\u00fcn BMT-nin X\u00fcsusi Proqram\u0131 &#8211; SPECA h\u0259ft\u0259si \u00e7\u0259r\u00e7iv\u0259sind\u0259 Az\u0259rbaycan\u0131n x\u00fcsusi t\u0259\u015f\u0259bb\u00fcs\u00fc il\u0259 ke\u00e7iril\u0259n \u201cSPECA \u00d6lk\u0259l\u0259rinin S\u0259rgisi: Dayan\u0131ql\u0131 inki\u015faf \u00fc\u00e7\u00fcn regional \u0259m\u0259kda\u015fl\u0131q\u201d adl\u0131 s\u0259rginin a\u00e7\u0131l\u0131\u015f\u0131nda i\u015ftirak edib. Bu bar\u0259d\u0259\u00a0AZ\u018fRTAC\u00a0x\u0259b\u0259r verir.","_links":{"self":[{"href":"https:\/\/arantv.az\/index.php?rest_route=\/wp\/v2\/posts\/659948"}],"collection":[{"href":"https:\/\/arantv.az\/index.php?rest_route=\/wp\/v2\/posts"}],"about":[{"href":"https:\/\/arantv.az\/index.php?rest_route=\/wp\/v2\/types\/post"}],"author":[{"embeddable":true,"href":"https:\/\/arantv.az\/index.php?rest_route=\/wp\/v2\/users\/2"}],"replies":[{"embeddable":true,"href":"https:\/\/arantv.az\/index.php?rest_route=%2Fwp%2Fv2%2Fcomments&post=659948"}],"version-history":[{"count":0,"href":"https:\/\/arantv.az\/index.php?rest_route=\/wp\/v2\/posts\/659948\/revisions"}],"wp:featuredmedia":[{"embeddable":true,"href":"https:\/\/arantv.az\/index.php?rest_route=\/wp\/v2\/media\/659954"}],"wp:attachment":[{"href":"https:\/\/arantv.az\/index.php?rest_route=%2Fwp%2Fv2%2Fmedia&parent=659948"}],"wp:term":[{"taxonomy":"category","embeddable":true,"href":"https:\/\/arantv.az\/index.php?rest_route=%2Fwp%2Fv2%2Fcategories&post=659948"},{"taxonomy":"post_tag","embeddable":true,"href":"https:\/\/arantv.az\/index.php?rest_route=%2Fwp%2Fv2%2Ftags&post=659948"}],"curies":[{"name":"wp","href":"https:\/\/api.w.org\/{rel}","templated":true}]}}