{"id":659963,"date":"2023-11-22T14:39:30","date_gmt":"2023-11-22T10:39:30","guid":{"rendered":"https:\/\/arantv.az\/?p=659963"},"modified":"2023-11-22T14:39:30","modified_gmt":"2023-11-22T10:39:30","slug":"nazir-sirin-m%c9%99likovaya-yeni-v%c9%99zif%c9%99-verdi","status":"publish","type":"post","link":"https:\/\/arantv.az\/?p=659963","title":{"rendered":"Nazir \u015eirin M\u0259likovaya yeni v\u0259zif\u0259 verdi"},"content":{"rendered":"<p>Az\u0259rbaycan Milli \u0130nc\u0259s\u0259n\u0259t Muzeyinin direktoru v\u0259zif\u0259sin\u0259 yeni t\u0259yinat olub.<\/p>\n<p>M\u0259d\u0259niyy\u0259t Nazirliyind\u0259n veril\u0259n m\u0259lumata g\u00f6r\u0259, m\u0259d\u0259niyy\u0259t naziri Adil K\u0259rimlinin m\u00fcvafiq \u0259mri il\u0259 \u015eirin Ya\u015far q\u0131z\u0131 M\u0259likova muzeyin direktoru t\u0259yin edilib.<\/p>\n<p>Xat\u0131rladaq ki, \u015eirin M\u0259likova 1978-ci il noyabr\u0131n 4-d\u0259 Bak\u0131 \u015f\u0259h\u0259rind\u0259 anadan olub. 1999-cu ild\u0259 Az\u0259rbaycan D\u00f6vl\u0259t M\u0259d\u0259niyy\u0259t v\u0259 \u0130nc\u0259s\u0259n\u0259t Universitetinin (ADM\u0130U) S\u0259n\u0259t\u015f\u00fcnasl\u0131q fak\u00fclt\u0259sind\u0259n m\u0259zun olub. 1999-2001-ci ill\u0259rd\u0259 Az\u0259rbaycan D\u00f6vl\u0259t R\u0259ssaml\u0131q Akademiyas\u0131nda (ADRA) t\u0259sviri inc\u0259s\u0259n\u0259t tarixi v\u0259 n\u0259z\u0259riyy\u0259si ixtisas\u0131 \u00fczr\u0259 magistraturada oxuyub. 2007-ci ild\u0259 \u201cAz\u0259rbaycan XIV-XVIII \u0259srl\u0259r b\u0259dii par\u00e7a v\u0259 tikm\u0259l\u0259r\u201d m\u00f6vzusunda dissertasiya m\u00fcdafi\u0259 ed\u0259r\u0259k s\u0259n\u0259t\u015f\u00fcnasl\u0131q \u00fczr\u0259 f\u0259ls\u0259f\u0259 doktoru elmi d\u0259r\u0259c\u0259si al\u0131b. 2008-2019-cu ill\u0259rd\u0259 ADM\u0130U-da v\u0259 ADRA-da pedaqoji f\u0259aliyy\u0259t g\u00f6st\u0259rib. 2016-c\u0131 ild\u0259n son t\u0259yinatad\u0259k Az\u0259rbaycan Milli Xal\u00e7a Muzeyinin direktoru v\u0259zif\u0259sind\u0259 \u00e7al\u0131\u015f\u0131b.<\/p>\n<p>Qeyd ed\u0259k ki, Az\u0259rbaycan Milli \u0130nc\u0259s\u0259n\u0259t Muzeyinin sabiq direktoru \u018fm\u0259kdar inc\u0259s\u0259n\u0259t xadimi \u00c7ingiz F\u0259rz\u0259liyev ya\u015fla \u0259laq\u0259dar t\u0259qa\u00fcd\u0259 \u00e7\u0131x\u0131b.<\/p>\n","protected":false},"excerpt":{"rendered":"<p>Az\u0259rbaycan Milli \u0130nc\u0259s\u0259n\u0259t Muzeyinin direktoru v\u0259zif\u0259sin\u0259 yeni t\u0259yinat olub. M\u0259d\u0259niyy\u0259t Nazirliyind\u0259n veril\u0259n m\u0259lumata g\u00f6r\u0259, m\u0259d\u0259niyy\u0259t naziri Adil K\u0259rimlinin m\u00fcvafiq \u0259mri il\u0259 \u015eirin Ya\u015far q\u0131z\u0131 M\u0259likova muzeyin direktoru t\u0259yin edilib. Xat\u0131rladaq ki, \u015eirin M\u0259likova 1978-ci il noyabr\u0131n 4-d\u0259 Bak\u0131 \u015f\u0259h\u0259rind\u0259 anadan olub. 1999-cu ild\u0259 Az\u0259rbaycan D\u00f6vl\u0259t M\u0259d\u0259niyy\u0259t v\u0259 \u0130nc\u0259s\u0259n\u0259t Universitetinin (ADM\u0130U) S\u0259n\u0259t\u015f\u00fcnasl\u0131q fak\u00fclt\u0259sind\u0259n m\u0259zun olub. 1999-2001-ci ill\u0259rd\u0259 Az\u0259rbaycan D\u00f6vl\u0259t R\u0259ssaml\u0131q Akademiyas\u0131nda (ADRA) t\u0259sviri inc\u0259s\u0259n\u0259t tarixi v\u0259 n\u0259z\u0259riyy\u0259si ixtisas\u0131 \u00fczr\u0259 magistraturada oxuyub. 2007-ci ild\u0259 \u201cAz\u0259rbaycan XIV-XVIII \u0259srl\u0259r b\u0259dii par\u00e7a v\u0259 tikm\u0259l\u0259r\u201d m\u00f6vzusunda dissertasiya m\u00fcdafi\u0259 ed\u0259r\u0259k s\u0259n\u0259t\u015f\u00fcnasl\u0131q \u00fczr\u0259 f\u0259ls\u0259f\u0259 doktoru elmi d\u0259r\u0259c\u0259si al\u0131b.&hellip;<\/p>\n","protected":false},"author":2,"featured_media":659977,"comment_status":"closed","ping_status":"closed","sticky":false,"template":"","format":"standard","meta":{"om_disable_all_campaigns":false,"_monsterinsights_skip_tracking":false,"_monsterinsights_sitenote_active":false,"_monsterinsights_sitenote_note":"","_monsterinsights_sitenote_category":0},"categories":[1],"tags":[],"aioseo_notices":[],"gutentor_comment":0,"rttpg_featured_image_url":{"full":["https:\/\/arantv.az\/wp-content\/uploads\/2023\/11\/FotoJet-51-2.jpg",620,413,false],"landscape":["https:\/\/arantv.az\/wp-content\/uploads\/2023\/11\/FotoJet-51-2.jpg",620,413,false],"portraits":["https:\/\/arantv.az\/wp-content\/uploads\/2023\/11\/FotoJet-51-2.jpg",620,413,false],"thumbnail":["https:\/\/arantv.az\/wp-content\/uploads\/2023\/11\/FotoJet-51-2-500x280.jpg",500,280,true],"medium":["https:\/\/arantv.az\/wp-content\/uploads\/2023\/11\/FotoJet-51-2-548x365.jpg",548,365,true],"large":["https:\/\/arantv.az\/wp-content\/uploads\/2023\/11\/FotoJet-51-2.jpg",620,413,false],"1536x1536":["https:\/\/arantv.az\/wp-content\/uploads\/2023\/11\/FotoJet-51-2.jpg",620,413,false],"2048x2048":["https:\/\/arantv.az\/wp-content\/uploads\/2023\/11\/FotoJet-51-2.jpg",620,413,false],"post-thumbnail":["https:\/\/arantv.az\/wp-content\/uploads\/2023\/11\/FotoJet-51-2-240x172.jpg",240,172,true],"advps-thumb-one":["https:\/\/arantv.az\/wp-content\/uploads\/2023\/11\/FotoJet-51-2.jpg",620,413,false]},"rttpg_author":{"display_name":"V\u00fcsal Rafiqo\u011flu","author_link":"https:\/\/arantv.az\/?author=2"},"rttpg_comment":0,"rttpg_category":"<a href=\"https:\/\/arantv.az\/?cat=1\" rel=\"category\">C\u0259miyy\u0259t<\/a>","rttpg_excerpt":"Az\u0259rbaycan Milli \u0130nc\u0259s\u0259n\u0259t Muzeyinin direktoru v\u0259zif\u0259sin\u0259 yeni t\u0259yinat olub. M\u0259d\u0259niyy\u0259t Nazirliyind\u0259n veril\u0259n m\u0259lumata g\u00f6r\u0259, m\u0259d\u0259niyy\u0259t naziri Adil K\u0259rimlinin m\u00fcvafiq \u0259mri il\u0259 \u015eirin Ya\u015far q\u0131z\u0131 M\u0259likova muzeyin direktoru t\u0259yin edilib. Xat\u0131rladaq ki, \u015eirin M\u0259likova 1978-ci il noyabr\u0131n 4-d\u0259 Bak\u0131 \u015f\u0259h\u0259rind\u0259 anadan olub. 1999-cu ild\u0259 Az\u0259rbaycan D\u00f6vl\u0259t M\u0259d\u0259niyy\u0259t v\u0259 \u0130nc\u0259s\u0259n\u0259t Universitetinin (ADM\u0130U) S\u0259n\u0259t\u015f\u00fcnasl\u0131q fak\u00fclt\u0259sind\u0259n m\u0259zun olub. 1999-2001-ci&hellip;","_links":{"self":[{"href":"https:\/\/arantv.az\/index.php?rest_route=\/wp\/v2\/posts\/659963"}],"collection":[{"href":"https:\/\/arantv.az\/index.php?rest_route=\/wp\/v2\/posts"}],"about":[{"href":"https:\/\/arantv.az\/index.php?rest_route=\/wp\/v2\/types\/post"}],"author":[{"embeddable":true,"href":"https:\/\/arantv.az\/index.php?rest_route=\/wp\/v2\/users\/2"}],"replies":[{"embeddable":true,"href":"https:\/\/arantv.az\/index.php?rest_route=%2Fwp%2Fv2%2Fcomments&post=659963"}],"version-history":[{"count":0,"href":"https:\/\/arantv.az\/index.php?rest_route=\/wp\/v2\/posts\/659963\/revisions"}],"wp:featuredmedia":[{"embeddable":true,"href":"https:\/\/arantv.az\/index.php?rest_route=\/wp\/v2\/media\/659977"}],"wp:attachment":[{"href":"https:\/\/arantv.az\/index.php?rest_route=%2Fwp%2Fv2%2Fmedia&parent=659963"}],"wp:term":[{"taxonomy":"category","embeddable":true,"href":"https:\/\/arantv.az\/index.php?rest_route=%2Fwp%2Fv2%2Fcategories&post=659963"},{"taxonomy":"post_tag","embeddable":true,"href":"https:\/\/arantv.az\/index.php?rest_route=%2Fwp%2Fv2%2Ftags&post=659963"}],"curies":[{"name":"wp","href":"https:\/\/api.w.org\/{rel}","templated":true}]}}