{"id":659980,"date":"2023-11-22T14:52:22","date_gmt":"2023-11-22T10:52:22","guid":{"rendered":"https:\/\/arantv.az\/?p=659980"},"modified":"2023-11-22T14:52:22","modified_gmt":"2023-11-22T10:52:22","slug":"turkiy%c9%99d%c9%99-qis-ucun-m%c9%99zar-hazirliqlarina-baslanilib-video","status":"publish","type":"post","link":"https:\/\/arantv.az\/?p=659980","title":{"rendered":"T\u00fcrkiy\u0259d\u0259 q\u0131\u015f \u00fc\u00e7\u00fcn m\u0259zar haz\u0131rl\u0131qlar\u0131na ba\u015flan\u0131l\u0131b &#8211; V\u0130DEO"},"content":{"rendered":"<p>Q\u0131\u015fda temperaturun m\u0259nfi 30 d\u0259r\u0259c\u0259y\u0259 q\u0259d\u0259r endiyi T\u00fcrkiy\u0259nin \u018frzurum \u015f\u0259h\u0259rind\u0259 q\u0131\u015f \u00fc\u00e7\u00fcn y\u00fczl\u0259rl\u0259 m\u0259zar yeri haz\u0131rlan\u0131b.<\/p>\n<p>Qeyd olunur ki, \u018frzurumda q\u0131\u015f aylar\u0131nda g\u00fccl\u00fc qar\u0131n ya\u011fmas\u0131,\u00a0x\u00fcsusil\u0259 torpa\u011f\u0131n donmas\u0131 s\u0259b\u0259bind\u0259n m\u0259zarlar\u0131n qaz\u0131lmas\u0131, dem\u0259k olar ki, qeyri-m\u00fcmk\u00fcn olur.<\/p>\n<p>M\u0259zar yerl\u0259ri \u018frzurum B\u00f6y\u00fck\u015f\u0259h\u0259r B\u0259l\u0259diyy\u0259si t\u0259r\u0259find\u0259n haz\u0131rlan\u0131r.<\/p>\n<div><iframe loading=\"lazy\" src=\"https:\/\/baku.tv\/embed\/108373\" width=\"560\" height=\"315\" frameborder=\"0\" allowfullscreen=\"allowfullscreen\" data-mce-fragment=\"1\"><\/iframe><\/div>\n<p>M\u0259nb\u0259: Haber Global<\/p>\n","protected":false},"excerpt":{"rendered":"<p>Q\u0131\u015fda temperaturun m\u0259nfi 30 d\u0259r\u0259c\u0259y\u0259 q\u0259d\u0259r endiyi T\u00fcrkiy\u0259nin \u018frzurum \u015f\u0259h\u0259rind\u0259 q\u0131\u015f \u00fc\u00e7\u00fcn y\u00fczl\u0259rl\u0259 m\u0259zar yeri haz\u0131rlan\u0131b. Qeyd olunur ki, \u018frzurumda q\u0131\u015f aylar\u0131nda g\u00fccl\u00fc qar\u0131n ya\u011fmas\u0131,\u00a0x\u00fcsusil\u0259 torpa\u011f\u0131n donmas\u0131 s\u0259b\u0259bind\u0259n m\u0259zarlar\u0131n qaz\u0131lmas\u0131, dem\u0259k olar ki, qeyri-m\u00fcmk\u00fcn olur. M\u0259zar yerl\u0259ri \u018frzurum B\u00f6y\u00fck\u015f\u0259h\u0259r B\u0259l\u0259diyy\u0259si t\u0259r\u0259find\u0259n haz\u0131rlan\u0131r. M\u0259nb\u0259: Haber Global<\/p>\n","protected":false},"author":2,"featured_media":659984,"comment_status":"closed","ping_status":"closed","sticky":false,"template":"","format":"standard","meta":{"om_disable_all_campaigns":false,"_monsterinsights_skip_tracking":false,"_monsterinsights_sitenote_active":false,"_monsterinsights_sitenote_note":"","_monsterinsights_sitenote_category":0},"categories":[7],"tags":[],"aioseo_notices":[],"gutentor_comment":0,"rttpg_featured_image_url":{"full":["https:\/\/arantv.az\/wp-content\/uploads\/2023\/11\/FotoJet-2023-11-22T111003.357.jpg",620,413,false],"landscape":["https:\/\/arantv.az\/wp-content\/uploads\/2023\/11\/FotoJet-2023-11-22T111003.357.jpg",620,413,false],"portraits":["https:\/\/arantv.az\/wp-content\/uploads\/2023\/11\/FotoJet-2023-11-22T111003.357.jpg",620,413,false],"thumbnail":["https:\/\/arantv.az\/wp-content\/uploads\/2023\/11\/FotoJet-2023-11-22T111003.357-500x280.jpg",500,280,true],"medium":["https:\/\/arantv.az\/wp-content\/uploads\/2023\/11\/FotoJet-2023-11-22T111003.357-548x365.jpg",548,365,true],"large":["https:\/\/arantv.az\/wp-content\/uploads\/2023\/11\/FotoJet-2023-11-22T111003.357.jpg",620,413,false],"1536x1536":["https:\/\/arantv.az\/wp-content\/uploads\/2023\/11\/FotoJet-2023-11-22T111003.357.jpg",620,413,false],"2048x2048":["https:\/\/arantv.az\/wp-content\/uploads\/2023\/11\/FotoJet-2023-11-22T111003.357.jpg",620,413,false],"post-thumbnail":["https:\/\/arantv.az\/wp-content\/uploads\/2023\/11\/FotoJet-2023-11-22T111003.357-240x172.jpg",240,172,true],"advps-thumb-one":["https:\/\/arantv.az\/wp-content\/uploads\/2023\/11\/FotoJet-2023-11-22T111003.357.jpg",620,413,false]},"rttpg_author":{"display_name":"V\u00fcsal Rafiqo\u011flu","author_link":"https:\/\/arantv.az\/?author=2"},"rttpg_comment":0,"rttpg_category":"<a href=\"https:\/\/arantv.az\/?cat=7\" rel=\"category\">D\u00fcnya<\/a>","rttpg_excerpt":"Q\u0131\u015fda temperaturun m\u0259nfi 30 d\u0259r\u0259c\u0259y\u0259 q\u0259d\u0259r endiyi T\u00fcrkiy\u0259nin \u018frzurum \u015f\u0259h\u0259rind\u0259 q\u0131\u015f \u00fc\u00e7\u00fcn y\u00fczl\u0259rl\u0259 m\u0259zar yeri haz\u0131rlan\u0131b. Qeyd olunur ki, \u018frzurumda q\u0131\u015f aylar\u0131nda g\u00fccl\u00fc qar\u0131n ya\u011fmas\u0131,\u00a0x\u00fcsusil\u0259 torpa\u011f\u0131n donmas\u0131 s\u0259b\u0259bind\u0259n m\u0259zarlar\u0131n qaz\u0131lmas\u0131, dem\u0259k olar ki, qeyri-m\u00fcmk\u00fcn olur. M\u0259zar yerl\u0259ri \u018frzurum B\u00f6y\u00fck\u015f\u0259h\u0259r B\u0259l\u0259diyy\u0259si t\u0259r\u0259find\u0259n haz\u0131rlan\u0131r. M\u0259nb\u0259: Haber Global","_links":{"self":[{"href":"https:\/\/arantv.az\/index.php?rest_route=\/wp\/v2\/posts\/659980"}],"collection":[{"href":"https:\/\/arantv.az\/index.php?rest_route=\/wp\/v2\/posts"}],"about":[{"href":"https:\/\/arantv.az\/index.php?rest_route=\/wp\/v2\/types\/post"}],"author":[{"embeddable":true,"href":"https:\/\/arantv.az\/index.php?rest_route=\/wp\/v2\/users\/2"}],"replies":[{"embeddable":true,"href":"https:\/\/arantv.az\/index.php?rest_route=%2Fwp%2Fv2%2Fcomments&post=659980"}],"version-history":[{"count":0,"href":"https:\/\/arantv.az\/index.php?rest_route=\/wp\/v2\/posts\/659980\/revisions"}],"wp:featuredmedia":[{"embeddable":true,"href":"https:\/\/arantv.az\/index.php?rest_route=\/wp\/v2\/media\/659984"}],"wp:attachment":[{"href":"https:\/\/arantv.az\/index.php?rest_route=%2Fwp%2Fv2%2Fmedia&parent=659980"}],"wp:term":[{"taxonomy":"category","embeddable":true,"href":"https:\/\/arantv.az\/index.php?rest_route=%2Fwp%2Fv2%2Fcategories&post=659980"},{"taxonomy":"post_tag","embeddable":true,"href":"https:\/\/arantv.az\/index.php?rest_route=%2Fwp%2Fv2%2Ftags&post=659980"}],"curies":[{"name":"wp","href":"https:\/\/api.w.org\/{rel}","templated":true}]}}