{"id":659986,"date":"2023-11-22T14:54:19","date_gmt":"2023-11-22T10:54:19","guid":{"rendered":"https:\/\/arantv.az\/?p=659986"},"modified":"2023-11-22T14:54:19","modified_gmt":"2023-11-22T10:54:19","slug":"ail%c9%99-bascisinin-itirilm%c9%99si-pensiyasinin-t%c9%99yinati-ucun-arayisin-t%c9%99qdim-edilm%c9%99si-t%c9%99l%c9%99bi-aradan-qaldirilir","status":"publish","type":"post","link":"https:\/\/arantv.az\/?p=659986","title":{"rendered":"Ail\u0259 ba\u015f\u00e7\u0131s\u0131n\u0131n itirilm\u0259si pensiyas\u0131n\u0131n t\u0259yinat\u0131 \u00fc\u00e7\u00fcn aray\u0131\u015f\u0131n t\u0259qdim edilm\u0259si t\u0259l\u0259bi aradan qald\u0131r\u0131l\u0131r"},"content":{"rendered":"<p>Ail\u0259 ba\u015f\u00e7\u0131s\u0131n\u0131n itirilm\u0259si n\u00f6v\u00fc \u00fczr\u0259 pensiya t\u0259yinat\u0131 il\u0259 \u0259laq\u0259dar yerli icra hakimiyy\u0259ti ba\u015f\u00e7\u0131s\u0131n\u0131n inzibati \u0259razi dair\u0259si \u00fczr\u0259 n\u00fcmay\u0259nd\u0259sinin ail\u0259 t\u0259rkibi haqq\u0131nda aray\u0131\u015f\u0131n\u0131n t\u0259qdim edilm\u0259si t\u0259l\u0259bi aradan qald\u0131r\u0131l\u0131r.<\/p>\n<p>Bu, Nazirl\u0259r Kabinetinin m\u00fcvafiq q\u0259rar\u0131nda \u0259ksini tap\u0131b.<\/p>\n<p>Q\u0259rara \u0259sas\u0259n, \u201c\u018fm\u0259k pensiyalar\u0131 haqq\u0131nda\u201d Qanuna edilmi\u015f d\u0259yi\u015fikliy\u0259 uy\u011fun olaraq ail\u0259 ba\u015f\u00e7\u0131s\u0131n\u0131n itirilm\u0259si n\u00f6v\u00fc \u00fczr\u0259 pensiya t\u0259yinat\u0131 il\u0259 \u0259laq\u0259dar yerli icra hakimiyy\u0259ti ba\u015f\u00e7\u0131s\u0131n\u0131n inzibati \u0259razi dair\u0259si \u00fczr\u0259 n\u00fcmay\u0259nd\u0259sinin ail\u0259 t\u0259rkibi haqq\u0131nda aray\u0131\u015f\u0131n\u0131n t\u0259qdim edilm\u0259si t\u0259l\u0259bi aradan qald\u0131r\u0131l\u0131r.<\/p>\n<p>H\u0259m\u00e7inin q\u0259rara \u0259sas\u0259n, kolxozlarda \u0259m\u0259k f\u0259aliyy\u0259ti d\u00f6vr\u00fcn\u00fcn staja hesablanmas\u0131 \u00fc\u00e7\u00fcn \u201cm\u00fc\u0259yy\u0259n edilmi\u015f \u0259m\u0259k i\u015ftirak\u0131 minimumunun yerin\u0259 yetirilm\u0259si bar\u0259d\u0259 qeydin olmas\u0131 \u015f\u0259rti\u201d l\u0259\u011fv edilir, staj kolxoz\u00e7unun \u0259m\u0259k kitab\u00e7as\u0131 \u0259sas\u0131nda daha asan qaydada m\u00fc\u0259yy\u0259n olunacaq.<\/p>\n","protected":false},"excerpt":{"rendered":"<p>Ail\u0259 ba\u015f\u00e7\u0131s\u0131n\u0131n itirilm\u0259si n\u00f6v\u00fc \u00fczr\u0259 pensiya t\u0259yinat\u0131 il\u0259 \u0259laq\u0259dar yerli icra hakimiyy\u0259ti ba\u015f\u00e7\u0131s\u0131n\u0131n inzibati \u0259razi dair\u0259si \u00fczr\u0259 n\u00fcmay\u0259nd\u0259sinin ail\u0259 t\u0259rkibi haqq\u0131nda aray\u0131\u015f\u0131n\u0131n t\u0259qdim edilm\u0259si t\u0259l\u0259bi aradan qald\u0131r\u0131l\u0131r. Bu, Nazirl\u0259r Kabinetinin m\u00fcvafiq q\u0259rar\u0131nda \u0259ksini tap\u0131b. Q\u0259rara \u0259sas\u0259n, \u201c\u018fm\u0259k pensiyalar\u0131 haqq\u0131nda\u201d Qanuna edilmi\u015f d\u0259yi\u015fikliy\u0259 uy\u011fun olaraq ail\u0259 ba\u015f\u00e7\u0131s\u0131n\u0131n itirilm\u0259si n\u00f6v\u00fc \u00fczr\u0259 pensiya t\u0259yinat\u0131 il\u0259 \u0259laq\u0259dar yerli icra hakimiyy\u0259ti ba\u015f\u00e7\u0131s\u0131n\u0131n inzibati \u0259razi dair\u0259si \u00fczr\u0259 n\u00fcmay\u0259nd\u0259sinin ail\u0259 t\u0259rkibi haqq\u0131nda aray\u0131\u015f\u0131n\u0131n t\u0259qdim edilm\u0259si t\u0259l\u0259bi aradan qald\u0131r\u0131l\u0131r. H\u0259m\u00e7inin q\u0259rara \u0259sas\u0259n, kolxozlarda \u0259m\u0259k f\u0259aliyy\u0259ti d\u00f6vr\u00fcn\u00fcn staja hesablanmas\u0131 \u00fc\u00e7\u00fcn \u201cm\u00fc\u0259yy\u0259n edilmi\u015f \u0259m\u0259k i\u015ftirak\u0131 minimumunun yerin\u0259 yetirilm\u0259si bar\u0259d\u0259 qeydin&hellip;<\/p>\n","protected":false},"author":2,"featured_media":607005,"comment_status":"closed","ping_status":"closed","sticky":false,"template":"","format":"standard","meta":{"om_disable_all_campaigns":false,"_monsterinsights_skip_tracking":false,"_monsterinsights_sitenote_active":false,"_monsterinsights_sitenote_note":"","_monsterinsights_sitenote_category":0},"categories":[26],"tags":[],"aioseo_notices":[],"gutentor_comment":0,"rttpg_featured_image_url":{"full":["https:\/\/arantv.az\/wp-content\/uploads\/2023\/06\/pensiya.jpg",292,177,false],"landscape":["https:\/\/arantv.az\/wp-content\/uploads\/2023\/06\/pensiya.jpg",292,177,false],"portraits":["https:\/\/arantv.az\/wp-content\/uploads\/2023\/06\/pensiya.jpg",292,177,false],"thumbnail":["https:\/\/arantv.az\/wp-content\/uploads\/2023\/06\/pensiya.jpg",292,177,false],"medium":["https:\/\/arantv.az\/wp-content\/uploads\/2023\/06\/pensiya.jpg",292,177,false],"large":["https:\/\/arantv.az\/wp-content\/uploads\/2023\/06\/pensiya.jpg",292,177,false],"1536x1536":["https:\/\/arantv.az\/wp-content\/uploads\/2023\/06\/pensiya.jpg",292,177,false],"2048x2048":["https:\/\/arantv.az\/wp-content\/uploads\/2023\/06\/pensiya.jpg",292,177,false],"post-thumbnail":["https:\/\/arantv.az\/wp-content\/uploads\/2023\/06\/pensiya-240x172.jpg",240,172,true],"advps-thumb-one":["https:\/\/arantv.az\/wp-content\/uploads\/2023\/06\/pensiya.jpg",292,177,false]},"rttpg_author":{"display_name":"V\u00fcsal Rafiqo\u011flu","author_link":"https:\/\/arantv.az\/?author=2"},"rttpg_comment":0,"rttpg_category":"<a href=\"https:\/\/arantv.az\/?cat=26\" rel=\"category\">Sosial<\/a>","rttpg_excerpt":"Ail\u0259 ba\u015f\u00e7\u0131s\u0131n\u0131n itirilm\u0259si n\u00f6v\u00fc \u00fczr\u0259 pensiya t\u0259yinat\u0131 il\u0259 \u0259laq\u0259dar yerli icra hakimiyy\u0259ti ba\u015f\u00e7\u0131s\u0131n\u0131n inzibati \u0259razi dair\u0259si \u00fczr\u0259 n\u00fcmay\u0259nd\u0259sinin ail\u0259 t\u0259rkibi haqq\u0131nda aray\u0131\u015f\u0131n\u0131n t\u0259qdim edilm\u0259si t\u0259l\u0259bi aradan qald\u0131r\u0131l\u0131r. Bu, Nazirl\u0259r Kabinetinin m\u00fcvafiq q\u0259rar\u0131nda \u0259ksini tap\u0131b. Q\u0259rara \u0259sas\u0259n, \u201c\u018fm\u0259k pensiyalar\u0131 haqq\u0131nda\u201d Qanuna edilmi\u015f d\u0259yi\u015fikliy\u0259 uy\u011fun olaraq ail\u0259 ba\u015f\u00e7\u0131s\u0131n\u0131n itirilm\u0259si n\u00f6v\u00fc \u00fczr\u0259 pensiya t\u0259yinat\u0131 il\u0259 \u0259laq\u0259dar yerli icra&hellip;","_links":{"self":[{"href":"https:\/\/arantv.az\/index.php?rest_route=\/wp\/v2\/posts\/659986"}],"collection":[{"href":"https:\/\/arantv.az\/index.php?rest_route=\/wp\/v2\/posts"}],"about":[{"href":"https:\/\/arantv.az\/index.php?rest_route=\/wp\/v2\/types\/post"}],"author":[{"embeddable":true,"href":"https:\/\/arantv.az\/index.php?rest_route=\/wp\/v2\/users\/2"}],"replies":[{"embeddable":true,"href":"https:\/\/arantv.az\/index.php?rest_route=%2Fwp%2Fv2%2Fcomments&post=659986"}],"version-history":[{"count":0,"href":"https:\/\/arantv.az\/index.php?rest_route=\/wp\/v2\/posts\/659986\/revisions"}],"wp:featuredmedia":[{"embeddable":true,"href":"https:\/\/arantv.az\/index.php?rest_route=\/wp\/v2\/media\/607005"}],"wp:attachment":[{"href":"https:\/\/arantv.az\/index.php?rest_route=%2Fwp%2Fv2%2Fmedia&parent=659986"}],"wp:term":[{"taxonomy":"category","embeddable":true,"href":"https:\/\/arantv.az\/index.php?rest_route=%2Fwp%2Fv2%2Fcategories&post=659986"},{"taxonomy":"post_tag","embeddable":true,"href":"https:\/\/arantv.az\/index.php?rest_route=%2Fwp%2Fv2%2Ftags&post=659986"}],"curies":[{"name":"wp","href":"https:\/\/api.w.org\/{rel}","templated":true}]}}