{"id":659989,"date":"2023-11-22T14:54:56","date_gmt":"2023-11-22T10:54:56","guid":{"rendered":"https:\/\/arantv.az\/?p=659989"},"modified":"2023-11-22T14:54:56","modified_gmt":"2023-11-22T10:54:56","slug":"az%c9%99rbaycan-speca-nin-beyn%c9%99lxalq-t%c9%99dqiqat-m%c9%99rk%c9%99zinin-yaradilmasini-t%c9%99klif-edib","status":"publish","type":"post","link":"https:\/\/arantv.az\/?p=659989","title":{"rendered":"Az\u0259rbaycan SPECA-n\u0131n beyn\u0259lxalq t\u0259dqiqat m\u0259rk\u0259zinin yarad\u0131lmas\u0131n\u0131 t\u0259klif edib"},"content":{"rendered":"<p>Dayan\u0131ql\u0131 \u0130nki\u015faf M\u0259qs\u0259dl\u0259ri (D\u0130M) v\u0259 ya\u015f\u0131l iqtisadiyyat \u00fczr\u0259 SPECA-n\u0131n (BMT-nin M\u0259rk\u0259zi Asiya \u00d6lk\u0259l\u0259rinin \u0130qtisadiyyatlar\u0131 \u00fc\u00e7\u00fcn X\u00fcsusi Proqram\u0131) beyn\u0259lxalq t\u0259dqiqat m\u0259rk\u0259zinin yarad\u0131lmas\u0131 v\u0259 Az\u0259rbaycan D\u00f6vl\u0259t \u0130qtisad Universitetinin (UNEC) bu m\u0259s\u0259l\u0259d\u0259 \u0259laq\u0259l\u0259ndirici rol oynamas\u0131 t\u0259klif olunub.<\/p>\n<p>\u201cReport\u201d x\u0259b\u0259r verir ki, bunu UNEC-in rektoru \u018fdal\u0259t Muradov bu g\u00fcn Bak\u0131da \u201cSPECA &#8211; Regionun qlobal ba\u011flant\u0131 qov\u015fa\u011f\u0131na \u00e7evrilm\u0259si\u201d m\u00f6vzusunda ke\u00e7iril\u0259n \u201cSPECA 2023\u201d \u0130qtisadi Forumunda deyib.<\/p>\n<p>SPECA \u00f6lk\u0259l\u0259rin\u0259 t\u0259klifl\u0259rini s\u0259sl\u0259ndir\u0259n rektor bildirib:<\/p>\n<p>\u201cT\u0259klifl\u0259rimizd\u0259n biri SPECA-n\u0131n \u015f\u0259h\u0259rl\u0259r forumunun t\u0259\u015fkil olunmas\u0131d\u0131r. Bu, bir s\u0131ra beyn\u0259lxalq proqramlarda i\u015ftirak ed\u0259n SPECA \u015f\u0259h\u0259rl\u0259rinin dayan\u0131ql\u0131, \u201ca\u011f\u0131ll\u0131\u201d, sa\u011flam \u015f\u0259h\u0259rl\u0259r bar\u0259d\u0259 t\u0259cr\u00fcb\u0259l\u0259rini b\u00f6l\u00fc\u015fm\u0259k, \u0259m\u0259kda\u015fl\u0131q imkanlar\u0131n\u0131 g\u00fccl\u0259ndirm\u0259k bax\u0131m\u0131ndan \u0259h\u0259miyy\u0259tlidir. Bundan \u0259lav\u0259, SPECA \u00f6lk\u0259l\u0259ri maliyy\u0259 t\u0259sisatlar\u0131 il\u0259 D\u0130M \u00fczr\u0259 t\u0259r\u0259fda\u015fl\u0131q \u0259laq\u0259l\u0259ri yaratmal\u0131d\u0131rlar\u201d.<\/p>\n","protected":false},"excerpt":{"rendered":"<p>Dayan\u0131ql\u0131 \u0130nki\u015faf M\u0259qs\u0259dl\u0259ri (D\u0130M) v\u0259 ya\u015f\u0131l iqtisadiyyat \u00fczr\u0259 SPECA-n\u0131n (BMT-nin M\u0259rk\u0259zi Asiya \u00d6lk\u0259l\u0259rinin \u0130qtisadiyyatlar\u0131 \u00fc\u00e7\u00fcn X\u00fcsusi Proqram\u0131) beyn\u0259lxalq t\u0259dqiqat m\u0259rk\u0259zinin yarad\u0131lmas\u0131 v\u0259 Az\u0259rbaycan D\u00f6vl\u0259t \u0130qtisad Universitetinin (UNEC) bu m\u0259s\u0259l\u0259d\u0259 \u0259laq\u0259l\u0259ndirici rol oynamas\u0131 t\u0259klif olunub. \u201cReport\u201d x\u0259b\u0259r verir ki, bunu UNEC-in rektoru \u018fdal\u0259t Muradov bu g\u00fcn Bak\u0131da \u201cSPECA &#8211; Regionun qlobal ba\u011flant\u0131 qov\u015fa\u011f\u0131na \u00e7evrilm\u0259si\u201d m\u00f6vzusunda ke\u00e7iril\u0259n \u201cSPECA 2023\u201d \u0130qtisadi Forumunda deyib. SPECA \u00f6lk\u0259l\u0259rin\u0259 t\u0259klifl\u0259rini s\u0259sl\u0259ndir\u0259n rektor bildirib: \u201cT\u0259klifl\u0259rimizd\u0259n biri SPECA-n\u0131n \u015f\u0259h\u0259rl\u0259r forumunun t\u0259\u015fkil olunmas\u0131d\u0131r. Bu, bir s\u0131ra beyn\u0259lxalq proqramlarda i\u015ftirak ed\u0259n SPECA \u015f\u0259h\u0259rl\u0259rinin dayan\u0131ql\u0131, \u201ca\u011f\u0131ll\u0131\u201d, sa\u011flam \u015f\u0259h\u0259rl\u0259r bar\u0259d\u0259 t\u0259cr\u00fcb\u0259l\u0259rini b\u00f6l\u00fc\u015fm\u0259k, \u0259m\u0259kda\u015fl\u0131q&hellip;<\/p>\n","protected":false},"author":2,"featured_media":659992,"comment_status":"closed","ping_status":"closed","sticky":false,"template":"","format":"standard","meta":{"om_disable_all_campaigns":false,"_monsterinsights_skip_tracking":false,"_monsterinsights_sitenote_active":false,"_monsterinsights_sitenote_note":"","_monsterinsights_sitenote_category":0},"categories":[19],"tags":[],"aioseo_notices":[],"gutentor_comment":0,"rttpg_featured_image_url":{"full":["https:\/\/arantv.az\/wp-content\/uploads\/2023\/11\/FotoJet-2023-01-25T162056.588.jpg",620,413,false],"landscape":["https:\/\/arantv.az\/wp-content\/uploads\/2023\/11\/FotoJet-2023-01-25T162056.588.jpg",620,413,false],"portraits":["https:\/\/arantv.az\/wp-content\/uploads\/2023\/11\/FotoJet-2023-01-25T162056.588.jpg",620,413,false],"thumbnail":["https:\/\/arantv.az\/wp-content\/uploads\/2023\/11\/FotoJet-2023-01-25T162056.588-500x280.jpg",500,280,true],"medium":["https:\/\/arantv.az\/wp-content\/uploads\/2023\/11\/FotoJet-2023-01-25T162056.588-548x365.jpg",548,365,true],"large":["https:\/\/arantv.az\/wp-content\/uploads\/2023\/11\/FotoJet-2023-01-25T162056.588.jpg",620,413,false],"1536x1536":["https:\/\/arantv.az\/wp-content\/uploads\/2023\/11\/FotoJet-2023-01-25T162056.588.jpg",620,413,false],"2048x2048":["https:\/\/arantv.az\/wp-content\/uploads\/2023\/11\/FotoJet-2023-01-25T162056.588.jpg",620,413,false],"post-thumbnail":["https:\/\/arantv.az\/wp-content\/uploads\/2023\/11\/FotoJet-2023-01-25T162056.588-240x172.jpg",240,172,true],"advps-thumb-one":["https:\/\/arantv.az\/wp-content\/uploads\/2023\/11\/FotoJet-2023-01-25T162056.588.jpg",620,413,false]},"rttpg_author":{"display_name":"V\u00fcsal Rafiqo\u011flu","author_link":"https:\/\/arantv.az\/?author=2"},"rttpg_comment":0,"rttpg_category":"<a href=\"https:\/\/arantv.az\/?cat=19\" rel=\"category\">G\u00fcnd\u0259m<\/a>","rttpg_excerpt":"Dayan\u0131ql\u0131 \u0130nki\u015faf M\u0259qs\u0259dl\u0259ri (D\u0130M) v\u0259 ya\u015f\u0131l iqtisadiyyat \u00fczr\u0259 SPECA-n\u0131n (BMT-nin M\u0259rk\u0259zi Asiya \u00d6lk\u0259l\u0259rinin \u0130qtisadiyyatlar\u0131 \u00fc\u00e7\u00fcn X\u00fcsusi Proqram\u0131) beyn\u0259lxalq t\u0259dqiqat m\u0259rk\u0259zinin yarad\u0131lmas\u0131 v\u0259 Az\u0259rbaycan D\u00f6vl\u0259t \u0130qtisad Universitetinin (UNEC) bu m\u0259s\u0259l\u0259d\u0259 \u0259laq\u0259l\u0259ndirici rol oynamas\u0131 t\u0259klif olunub. \u201cReport\u201d x\u0259b\u0259r verir ki, bunu UNEC-in rektoru \u018fdal\u0259t Muradov bu g\u00fcn Bak\u0131da \u201cSPECA &#8211; Regionun qlobal ba\u011flant\u0131 qov\u015fa\u011f\u0131na \u00e7evrilm\u0259si\u201d m\u00f6vzusunda ke\u00e7iril\u0259n&hellip;","_links":{"self":[{"href":"https:\/\/arantv.az\/index.php?rest_route=\/wp\/v2\/posts\/659989"}],"collection":[{"href":"https:\/\/arantv.az\/index.php?rest_route=\/wp\/v2\/posts"}],"about":[{"href":"https:\/\/arantv.az\/index.php?rest_route=\/wp\/v2\/types\/post"}],"author":[{"embeddable":true,"href":"https:\/\/arantv.az\/index.php?rest_route=\/wp\/v2\/users\/2"}],"replies":[{"embeddable":true,"href":"https:\/\/arantv.az\/index.php?rest_route=%2Fwp%2Fv2%2Fcomments&post=659989"}],"version-history":[{"count":0,"href":"https:\/\/arantv.az\/index.php?rest_route=\/wp\/v2\/posts\/659989\/revisions"}],"wp:featuredmedia":[{"embeddable":true,"href":"https:\/\/arantv.az\/index.php?rest_route=\/wp\/v2\/media\/659992"}],"wp:attachment":[{"href":"https:\/\/arantv.az\/index.php?rest_route=%2Fwp%2Fv2%2Fmedia&parent=659989"}],"wp:term":[{"taxonomy":"category","embeddable":true,"href":"https:\/\/arantv.az\/index.php?rest_route=%2Fwp%2Fv2%2Fcategories&post=659989"},{"taxonomy":"post_tag","embeddable":true,"href":"https:\/\/arantv.az\/index.php?rest_route=%2Fwp%2Fv2%2Ftags&post=659989"}],"curies":[{"name":"wp","href":"https:\/\/api.w.org\/{rel}","templated":true}]}}