{"id":659991,"date":"2023-11-22T14:55:25","date_gmt":"2023-11-22T10:55:25","guid":{"rendered":"https:\/\/arantv.az\/?p=659991"},"modified":"2023-11-22T14:55:25","modified_gmt":"2023-11-22T10:55:25","slug":"qazaxistan-prezidentinin-musaviri-su-ehtiyatlarimizin-60-i-tuk%c9%99nm%c9%99k-uzr%c9%99dir","status":"publish","type":"post","link":"https:\/\/arantv.az\/?p=659991","title":{"rendered":"Qazax\u0131stan Prezidentinin m\u00fc\u015faviri: \u201cSu ehtiyatlar\u0131m\u0131z\u0131n 60%-i t\u00fck\u0259nm\u0259k \u00fczr\u0259dir\u201d"},"content":{"rendered":"<p>\u201cQazax\u0131stan\u0131n su ehtiyatlar\u0131n\u0131n\u00a060%-i t\u00fck\u0259nm\u0259k \u00fczr\u0259dir\u201d.<\/p>\n<p>\u201cReport\u201d\u00a0x\u0259b\u0259r verir ki, bunu Qazax\u0131stan prezidentinin m\u00fc\u015faviri, prezidentin beyn\u0259lxalq ekoloji \u0259m\u0259kda\u015fl\u0131q \u00fczr\u0259 n\u00fcmay\u0259nd\u0259si Z\u00fclfiyy\u0259 S\u00fcleymanova bu g\u00fcn Bak\u0131da ke\u00e7iril\u0259n \u201cSPECA\u00a0regionun qlobal ba\u011flant\u0131 qov\u015fa\u011f\u0131na \u00e7evrilm\u0259si\u201d m\u00f6vzusunda ba\u015f tutan SPECA 2023 \u0130qtisadi Forumunda deyib.<\/p>\n<p>\u201cHesablamalara g\u00f6r\u0259, art\u0131q bu il k\u0259nd t\u0259s\u0259rr\u00fcfat\u0131nda m\u0259hsuldarl\u0131q\u00a07% a\u015fa\u011f\u0131 d\u00fc\u015f\u00fcb. Bu q\u0259buledilm\u0259zdir. Su resurslar\u0131 m\u0259s\u0259l\u0259si Qazax\u0131stan\u0131n milli strategiyas\u0131nda \u00f6z \u0259ksini tap\u0131b. Bu istiqam\u0259td\u0259 d\u00f6vl\u0259t proqramlar\u0131 i\u015fl\u0259yir. Bununla yana\u015f\u0131 su ehtiyatlar\u0131n\u0131n qorunmas\u0131 \u00fc\u00e7\u00fcn biz \u0259lav\u0259 t\u0259dbirl\u0259rin g\u00f6r\u00fclm\u0259si \u00fc\u00e7\u00fcn \u00e7al\u0131\u015f\u0131r\u0131q. Onlar\u0131n d\u00fczg\u00fcn \u015f\u0259kild\u0259 paylanmas\u0131, daha \u00e7ox su i\u015fl\u0259d\u0259n s\u0259naye sah\u0259l\u0259rind\u0259 d\u0259yi\u015fiklikl\u0259rin edilm\u0259si y\u00f6n\u00fcnd\u0259 i\u015f apar\u0131r\u0131q\u201d, &#8211; dey\u0259 Z.S\u00fcleymanova qeyd edib.<\/p>\n","protected":false},"excerpt":{"rendered":"<p>\u201cQazax\u0131stan\u0131n su ehtiyatlar\u0131n\u0131n\u00a060%-i t\u00fck\u0259nm\u0259k \u00fczr\u0259dir\u201d. \u201cReport\u201d\u00a0x\u0259b\u0259r verir ki, bunu Qazax\u0131stan prezidentinin m\u00fc\u015faviri, prezidentin beyn\u0259lxalq ekoloji \u0259m\u0259kda\u015fl\u0131q \u00fczr\u0259 n\u00fcmay\u0259nd\u0259si Z\u00fclfiyy\u0259 S\u00fcleymanova bu g\u00fcn Bak\u0131da ke\u00e7iril\u0259n \u201cSPECA\u00a0regionun qlobal ba\u011flant\u0131 qov\u015fa\u011f\u0131na \u00e7evrilm\u0259si\u201d m\u00f6vzusunda ba\u015f tutan SPECA 2023 \u0130qtisadi Forumunda deyib. \u201cHesablamalara g\u00f6r\u0259, art\u0131q bu il k\u0259nd t\u0259s\u0259rr\u00fcfat\u0131nda m\u0259hsuldarl\u0131q\u00a07% a\u015fa\u011f\u0131 d\u00fc\u015f\u00fcb. Bu q\u0259buledilm\u0259zdir. Su resurslar\u0131 m\u0259s\u0259l\u0259si Qazax\u0131stan\u0131n milli strategiyas\u0131nda \u00f6z \u0259ksini tap\u0131b. Bu istiqam\u0259td\u0259 d\u00f6vl\u0259t proqramlar\u0131 i\u015fl\u0259yir. Bununla yana\u015f\u0131 su ehtiyatlar\u0131n\u0131n qorunmas\u0131 \u00fc\u00e7\u00fcn biz \u0259lav\u0259 t\u0259dbirl\u0259rin g\u00f6r\u00fclm\u0259si \u00fc\u00e7\u00fcn \u00e7al\u0131\u015f\u0131r\u0131q. Onlar\u0131n d\u00fczg\u00fcn \u015f\u0259kild\u0259 paylanmas\u0131, daha \u00e7ox su i\u015fl\u0259d\u0259n s\u0259naye sah\u0259l\u0259rind\u0259 d\u0259yi\u015fiklikl\u0259rin edilm\u0259si y\u00f6n\u00fcnd\u0259 i\u015f apar\u0131r\u0131q\u201d,&hellip;<\/p>\n","protected":false},"author":2,"featured_media":659995,"comment_status":"closed","ping_status":"closed","sticky":false,"template":"","format":"standard","meta":{"om_disable_all_campaigns":false,"_monsterinsights_skip_tracking":false,"_monsterinsights_sitenote_active":false,"_monsterinsights_sitenote_note":"","_monsterinsights_sitenote_category":0},"categories":[19],"tags":[],"aioseo_notices":[],"gutentor_comment":0,"rttpg_featured_image_url":{"full":["https:\/\/arantv.az\/wp-content\/uploads\/2023\/11\/FotoJet-2023-11-22T133956.221.jpg",620,413,false],"landscape":["https:\/\/arantv.az\/wp-content\/uploads\/2023\/11\/FotoJet-2023-11-22T133956.221.jpg",620,413,false],"portraits":["https:\/\/arantv.az\/wp-content\/uploads\/2023\/11\/FotoJet-2023-11-22T133956.221.jpg",620,413,false],"thumbnail":["https:\/\/arantv.az\/wp-content\/uploads\/2023\/11\/FotoJet-2023-11-22T133956.221-500x280.jpg",500,280,true],"medium":["https:\/\/arantv.az\/wp-content\/uploads\/2023\/11\/FotoJet-2023-11-22T133956.221-548x365.jpg",548,365,true],"large":["https:\/\/arantv.az\/wp-content\/uploads\/2023\/11\/FotoJet-2023-11-22T133956.221.jpg",620,413,false],"1536x1536":["https:\/\/arantv.az\/wp-content\/uploads\/2023\/11\/FotoJet-2023-11-22T133956.221.jpg",620,413,false],"2048x2048":["https:\/\/arantv.az\/wp-content\/uploads\/2023\/11\/FotoJet-2023-11-22T133956.221.jpg",620,413,false],"post-thumbnail":["https:\/\/arantv.az\/wp-content\/uploads\/2023\/11\/FotoJet-2023-11-22T133956.221-240x172.jpg",240,172,true],"advps-thumb-one":["https:\/\/arantv.az\/wp-content\/uploads\/2023\/11\/FotoJet-2023-11-22T133956.221.jpg",620,413,false]},"rttpg_author":{"display_name":"V\u00fcsal Rafiqo\u011flu","author_link":"https:\/\/arantv.az\/?author=2"},"rttpg_comment":0,"rttpg_category":"<a href=\"https:\/\/arantv.az\/?cat=19\" rel=\"category\">G\u00fcnd\u0259m<\/a>","rttpg_excerpt":"\u201cQazax\u0131stan\u0131n su ehtiyatlar\u0131n\u0131n\u00a060%-i t\u00fck\u0259nm\u0259k \u00fczr\u0259dir\u201d. \u201cReport\u201d\u00a0x\u0259b\u0259r verir ki, bunu Qazax\u0131stan prezidentinin m\u00fc\u015faviri, prezidentin beyn\u0259lxalq ekoloji \u0259m\u0259kda\u015fl\u0131q \u00fczr\u0259 n\u00fcmay\u0259nd\u0259si Z\u00fclfiyy\u0259 S\u00fcleymanova bu g\u00fcn Bak\u0131da ke\u00e7iril\u0259n \u201cSPECA\u00a0regionun qlobal ba\u011flant\u0131 qov\u015fa\u011f\u0131na \u00e7evrilm\u0259si\u201d m\u00f6vzusunda ba\u015f tutan SPECA 2023 \u0130qtisadi Forumunda deyib. \u201cHesablamalara g\u00f6r\u0259, art\u0131q bu il k\u0259nd t\u0259s\u0259rr\u00fcfat\u0131nda m\u0259hsuldarl\u0131q\u00a07% a\u015fa\u011f\u0131 d\u00fc\u015f\u00fcb. Bu q\u0259buledilm\u0259zdir. Su resurslar\u0131 m\u0259s\u0259l\u0259si Qazax\u0131stan\u0131n milli strategiyas\u0131nda&hellip;","_links":{"self":[{"href":"https:\/\/arantv.az\/index.php?rest_route=\/wp\/v2\/posts\/659991"}],"collection":[{"href":"https:\/\/arantv.az\/index.php?rest_route=\/wp\/v2\/posts"}],"about":[{"href":"https:\/\/arantv.az\/index.php?rest_route=\/wp\/v2\/types\/post"}],"author":[{"embeddable":true,"href":"https:\/\/arantv.az\/index.php?rest_route=\/wp\/v2\/users\/2"}],"replies":[{"embeddable":true,"href":"https:\/\/arantv.az\/index.php?rest_route=%2Fwp%2Fv2%2Fcomments&post=659991"}],"version-history":[{"count":0,"href":"https:\/\/arantv.az\/index.php?rest_route=\/wp\/v2\/posts\/659991\/revisions"}],"wp:featuredmedia":[{"embeddable":true,"href":"https:\/\/arantv.az\/index.php?rest_route=\/wp\/v2\/media\/659995"}],"wp:attachment":[{"href":"https:\/\/arantv.az\/index.php?rest_route=%2Fwp%2Fv2%2Fmedia&parent=659991"}],"wp:term":[{"taxonomy":"category","embeddable":true,"href":"https:\/\/arantv.az\/index.php?rest_route=%2Fwp%2Fv2%2Fcategories&post=659991"},{"taxonomy":"post_tag","embeddable":true,"href":"https:\/\/arantv.az\/index.php?rest_route=%2Fwp%2Fv2%2Ftags&post=659991"}],"curies":[{"name":"wp","href":"https:\/\/api.w.org\/{rel}","templated":true}]}}