{"id":659997,"date":"2023-11-22T15:02:14","date_gmt":"2023-11-22T11:02:14","guid":{"rendered":"https:\/\/arantv.az\/?p=659997"},"modified":"2023-11-22T15:02:14","modified_gmt":"2023-11-22T11:02:14","slug":"bmt-2030-cu-ild%c9%99-dayaniqli-inkisaf-m%c9%99qs%c9%99dl%c9%99rin%c9%99-catmaq-mumkun-olmayacaq","status":"publish","type":"post","link":"https:\/\/arantv.az\/?p=659997","title":{"rendered":"BMT: \u201c2030-c\u00fc ild\u0259 Dayan\u0131ql\u0131 \u0130nki\u015faf M\u0259qs\u0259dl\u0259rin\u0259 \u00e7atmaq m\u00fcmk\u00fcn olmayacaq\u201d"},"content":{"rendered":"<p>\u201c2030-c\u00fc ild\u0259 Dayan\u0131ql\u0131 \u0130nki\u015faf M\u0259qs\u0259dl\u0259rin\u0259 (D\u0130M) \u00e7atmaq m\u00fcmk\u00fcn olmayacaq\u201d.<\/p>\n<p>\u201cReport\u201d x\u0259b\u0259r verir ki, bunu Birl\u0259\u015fmi\u015f Mill\u0259tl\u0259r T\u0259\u015fkilat\u0131n\u0131n (BMT) Avropa \u0130qtisadi Komissiyas\u0131n\u0131n icra\u00e7\u0131 katibinin m\u00fcavini Dmitri\u00a0Maryasin bu g\u00fcn Bak\u0131da ke\u00e7iril\u0259n \u201cSPECA regionun qlobal ba\u011flant\u0131 qov\u015fa\u011f\u0131na \u00e7evrilm\u0259si\u201d m\u00f6vzusunda ba\u015f tutan SPECA 2023 \u0130qtisadi Forumunda deyib.<\/p>\n<p>\u201cBMT g\u0259l\u0259c\u0259y\u0259 sistematik bax\u0131r. Bu g\u00fcn biz Dayan\u0131ql\u0131 \u0130nki\u015faf M\u0259qs\u0259dl\u0259rind\u0259n tamamil\u0259 gerid\u0259 qal\u0131r\u0131q. Bunu siz\u0259 \u0259minlikl\u0259 b\u0259yan ed\u0259 bil\u0259r\u0259m. Bel\u0259 bir durum qeyri-m\u00fc\u0259yy\u0259nlik yarad\u0131r. Bu o dem\u0259kdir ki, biz D\u0130M-\u0259 2030-c\u00fc ild\u0259 \u00e7ata bilm\u0259y\u0259c\u0259yik. Ona g\u00f6r\u0259 biz bu g\u00fcn art\u0131q ssenari haqq\u0131nda d\u00fc\u015f\u00fcnm\u0259liyik. D\u00fcnya \u00f6lk\u0259l\u0259ri t\u0259r\u0259find\u0259n enerji, sosial m\u00fcdafi\u0259, su resurslar\u0131 il\u0259 ba\u011fl\u0131 hans\u0131 i\u015fl\u0259r g\u00f6r\u00fclm\u0259lidir ki, biz dayan\u0131ql\u0131 inki\u015faf m\u0259qs\u0259dl\u0259rin\u0259 nail ola bil\u0259k. Bu h\u0259d\u0259fl\u0259r bir daha n\u0259z\u0259rd\u0259n ke\u00e7irilm\u0259lidir. Proqnozla\u015fd\u0131r\u0131la bil\u0259n g\u0259l\u0259c\u0259k haqq\u0131nda d\u00fc\u015f\u00fcnm\u0259liyik. Bu h\u0259m\u00e7inin \u00f6z\u0259l sektorun g\u00fcnd\u0259lik reall\u0131\u011f\u0131d\u0131r. Bu ssenarini biz ancaq kollektiv \u015f\u0259kild\u0259 ed\u0259 bil\u0259rik. Bu, BMT-d\u0259, o c\u00fcml\u0259d\u0259n SPECA s\u0259viyy\u0259sind\u0259 edilm\u0259lidir\u201d, &#8211; dey\u0259 o qeyd edib.<\/p>\n<p>SPECA il\u0259 t\u0259r\u0259fda\u015fl\u0131\u011f\u0131n perspektivl\u0259rin\u0259 toxunan D.Maryasin regionun g\u0259l\u0259c\u0259yini formala\u015fd\u0131ran m\u0259s\u0259l\u0259l\u0259r\u0259 x\u00fcsusil\u0259 diqq\u0259t yetirilm\u0259sinin \u0259h\u0259miyy\u0259tini vur\u011fulay\u0131b:<\/p>\n<p>\u201cBiz forum \u00e7\u0259r\u00e7iv\u0259sind\u0259 t\u0259r\u0259fl\u0259rl\u0259 SPECA-n\u0131n t\u0259r\u0259fda\u015fl\u0131q v\u0259 f\u0259aliyy\u0259t platformas\u0131na \u00e7evrilm\u0259si imkanlar\u0131n\u0131 ara\u015fd\u0131rd\u0131q. D\u00fc\u015f\u00fcn\u00fcr\u0259m ki, \u0259g\u0259r SPECA n\u00f6vb\u0259ti 25 illik t\u0259r\u0259fda\u015fl\u0131\u011fa haz\u0131rla\u015f\u0131rsa \u0259traf m\u00fchit, su problemi, iqlim d\u0259yi\u015fikliyi v\u0259 sair m\u0259s\u0259l\u0259l\u0259ri n\u0259z\u0259rd\u0259n ke\u00e7irm\u0259si \u0259h\u0259miyy\u0259tlidir\u201d.<\/p>\n","protected":false},"excerpt":{"rendered":"<p>\u201c2030-c\u00fc ild\u0259 Dayan\u0131ql\u0131 \u0130nki\u015faf M\u0259qs\u0259dl\u0259rin\u0259 (D\u0130M) \u00e7atmaq m\u00fcmk\u00fcn olmayacaq\u201d. \u201cReport\u201d x\u0259b\u0259r verir ki, bunu Birl\u0259\u015fmi\u015f Mill\u0259tl\u0259r T\u0259\u015fkilat\u0131n\u0131n (BMT) Avropa \u0130qtisadi Komissiyas\u0131n\u0131n icra\u00e7\u0131 katibinin m\u00fcavini Dmitri\u00a0Maryasin bu g\u00fcn Bak\u0131da ke\u00e7iril\u0259n \u201cSPECA regionun qlobal ba\u011flant\u0131 qov\u015fa\u011f\u0131na \u00e7evrilm\u0259si\u201d m\u00f6vzusunda ba\u015f tutan SPECA 2023 \u0130qtisadi Forumunda deyib. \u201cBMT g\u0259l\u0259c\u0259y\u0259 sistematik bax\u0131r. Bu g\u00fcn biz Dayan\u0131ql\u0131 \u0130nki\u015faf M\u0259qs\u0259dl\u0259rind\u0259n tamamil\u0259 gerid\u0259 qal\u0131r\u0131q. Bunu siz\u0259 \u0259minlikl\u0259 b\u0259yan ed\u0259 bil\u0259r\u0259m. Bel\u0259 bir durum qeyri-m\u00fc\u0259yy\u0259nlik yarad\u0131r. Bu o dem\u0259kdir ki, biz D\u0130M-\u0259 2030-c\u00fc ild\u0259 \u00e7ata bilm\u0259y\u0259c\u0259yik. Ona g\u00f6r\u0259 biz bu g\u00fcn art\u0131q ssenari haqq\u0131nda d\u00fc\u015f\u00fcnm\u0259liyik. D\u00fcnya \u00f6lk\u0259l\u0259ri t\u0259r\u0259find\u0259n enerji,&hellip;<\/p>\n","protected":false},"author":2,"featured_media":660004,"comment_status":"closed","ping_status":"closed","sticky":false,"template":"","format":"standard","meta":{"om_disable_all_campaigns":false,"_monsterinsights_skip_tracking":false,"_monsterinsights_sitenote_active":false,"_monsterinsights_sitenote_note":"","_monsterinsights_sitenote_category":0},"categories":[19],"tags":[],"aioseo_notices":[],"gutentor_comment":0,"rttpg_featured_image_url":{"full":["https:\/\/arantv.az\/wp-content\/uploads\/2023\/11\/56ebdd4f-cc31-3cf6-9af1-4f688d3e2dfd_850.jpg",620,413,false],"landscape":["https:\/\/arantv.az\/wp-content\/uploads\/2023\/11\/56ebdd4f-cc31-3cf6-9af1-4f688d3e2dfd_850.jpg",620,413,false],"portraits":["https:\/\/arantv.az\/wp-content\/uploads\/2023\/11\/56ebdd4f-cc31-3cf6-9af1-4f688d3e2dfd_850.jpg",620,413,false],"thumbnail":["https:\/\/arantv.az\/wp-content\/uploads\/2023\/11\/56ebdd4f-cc31-3cf6-9af1-4f688d3e2dfd_850-500x280.jpg",500,280,true],"medium":["https:\/\/arantv.az\/wp-content\/uploads\/2023\/11\/56ebdd4f-cc31-3cf6-9af1-4f688d3e2dfd_850-548x365.jpg",548,365,true],"large":["https:\/\/arantv.az\/wp-content\/uploads\/2023\/11\/56ebdd4f-cc31-3cf6-9af1-4f688d3e2dfd_850.jpg",620,413,false],"1536x1536":["https:\/\/arantv.az\/wp-content\/uploads\/2023\/11\/56ebdd4f-cc31-3cf6-9af1-4f688d3e2dfd_850.jpg",620,413,false],"2048x2048":["https:\/\/arantv.az\/wp-content\/uploads\/2023\/11\/56ebdd4f-cc31-3cf6-9af1-4f688d3e2dfd_850.jpg",620,413,false],"post-thumbnail":["https:\/\/arantv.az\/wp-content\/uploads\/2023\/11\/56ebdd4f-cc31-3cf6-9af1-4f688d3e2dfd_850-240x172.jpg",240,172,true],"advps-thumb-one":["https:\/\/arantv.az\/wp-content\/uploads\/2023\/11\/56ebdd4f-cc31-3cf6-9af1-4f688d3e2dfd_850.jpg",620,413,false]},"rttpg_author":{"display_name":"V\u00fcsal Rafiqo\u011flu","author_link":"https:\/\/arantv.az\/?author=2"},"rttpg_comment":0,"rttpg_category":"<a href=\"https:\/\/arantv.az\/?cat=19\" rel=\"category\">G\u00fcnd\u0259m<\/a>","rttpg_excerpt":"\u201c2030-c\u00fc ild\u0259 Dayan\u0131ql\u0131 \u0130nki\u015faf M\u0259qs\u0259dl\u0259rin\u0259 (D\u0130M) \u00e7atmaq m\u00fcmk\u00fcn olmayacaq\u201d. \u201cReport\u201d x\u0259b\u0259r verir ki, bunu Birl\u0259\u015fmi\u015f Mill\u0259tl\u0259r T\u0259\u015fkilat\u0131n\u0131n (BMT) Avropa \u0130qtisadi Komissiyas\u0131n\u0131n icra\u00e7\u0131 katibinin m\u00fcavini Dmitri\u00a0Maryasin bu g\u00fcn Bak\u0131da ke\u00e7iril\u0259n \u201cSPECA regionun qlobal ba\u011flant\u0131 qov\u015fa\u011f\u0131na \u00e7evrilm\u0259si\u201d m\u00f6vzusunda ba\u015f tutan SPECA 2023 \u0130qtisadi Forumunda deyib. \u201cBMT g\u0259l\u0259c\u0259y\u0259 sistematik bax\u0131r. Bu g\u00fcn biz Dayan\u0131ql\u0131 \u0130nki\u015faf M\u0259qs\u0259dl\u0259rind\u0259n tamamil\u0259 gerid\u0259&hellip;","_links":{"self":[{"href":"https:\/\/arantv.az\/index.php?rest_route=\/wp\/v2\/posts\/659997"}],"collection":[{"href":"https:\/\/arantv.az\/index.php?rest_route=\/wp\/v2\/posts"}],"about":[{"href":"https:\/\/arantv.az\/index.php?rest_route=\/wp\/v2\/types\/post"}],"author":[{"embeddable":true,"href":"https:\/\/arantv.az\/index.php?rest_route=\/wp\/v2\/users\/2"}],"replies":[{"embeddable":true,"href":"https:\/\/arantv.az\/index.php?rest_route=%2Fwp%2Fv2%2Fcomments&post=659997"}],"version-history":[{"count":0,"href":"https:\/\/arantv.az\/index.php?rest_route=\/wp\/v2\/posts\/659997\/revisions"}],"wp:featuredmedia":[{"embeddable":true,"href":"https:\/\/arantv.az\/index.php?rest_route=\/wp\/v2\/media\/660004"}],"wp:attachment":[{"href":"https:\/\/arantv.az\/index.php?rest_route=%2Fwp%2Fv2%2Fmedia&parent=659997"}],"wp:term":[{"taxonomy":"category","embeddable":true,"href":"https:\/\/arantv.az\/index.php?rest_route=%2Fwp%2Fv2%2Fcategories&post=659997"},{"taxonomy":"post_tag","embeddable":true,"href":"https:\/\/arantv.az\/index.php?rest_route=%2Fwp%2Fv2%2Ftags&post=659997"}],"curies":[{"name":"wp","href":"https:\/\/api.w.org\/{rel}","templated":true}]}}