{"id":660003,"date":"2023-11-22T15:02:54","date_gmt":"2023-11-22T11:02:54","guid":{"rendered":"https:\/\/arantv.az\/?p=660003"},"modified":"2023-11-22T15:02:54","modified_gmt":"2023-11-22T11:02:54","slug":"az%c9%99rbaycan-erm%c9%99nistan-birbasa-danisiqlarinin-perspektivi-ir%c9%99van-gozunu-q%c9%99rbd%c9%99n-c%c9%99km%c9%99lidir-s%c9%99rh-foto","status":"publish","type":"post","link":"https:\/\/arantv.az\/?p=660003","title":{"rendered":"Az\u0259rbaycan-Erm\u0259nistan birba\u015fa dan\u0131\u015f\u0131qlar\u0131n\u0131n perspektivi: \u0130r\u0259van g\u00f6z\u00fcn\u00fc Q\u0259rbd\u0259n \u00e7\u0259km\u0259lidir &#8211; \u015e\u018fRH + FOTO"},"content":{"rendered":"<p>2020-ci ild\u0259 \u0130kinci Qaraba\u011f m\u00fcharib\u0259sind\u0259n sonra C\u0259nubi Qafqazda yeni reall\u0131qlar yarand\u0131. Bu reall\u0131qlar\u0131n m\u00fc\u0259llifi m\u0259hz r\u0259smi Bak\u0131 oldu. Art\u0131q n\u0259inki b\u00f6lg\u0259 \u00f6lk\u0259l\u0259ri, d\u00fcnyadak\u0131 \u0259sas siyasi aktorlar da bunu q\u0259bul edib, hesabla\u015f\u0131rlar.<\/p>\n<p>N\u0259z\u0259r\u0259 almaq laz\u0131md\u0131r ki, Erm\u0259nistan r\u0259smil\u0259ri m\u00fcharib\u0259d\u0259n \u0259vv\u0259l \u201cyeni \u0259razil\u0259r u\u011frunda yeni m\u00fcharib\u0259\u201d kimi h\u0259d\u0259l\u0259yici b\u0259yanatla \u00e7\u0131x\u0131\u015f etmi\u015fdil\u0259r. M\u00fcharib\u0259, \u0259sas\u0131 olmayan b\u0259yanatlar\u0131n m\u00fc\u0259llifl\u0259rin\u0259 g\u00fcc nisb\u0259tinin \u0259slind\u0259 kimin xeyrin\u0259 oldu\u011funu \u0259yani n\u00fcmayi\u015f etdirdi.<\/p>\n<p>Postm\u00fcharib\u0259 d\u00f6vr\u00fcnd\u0259 is\u0259 r\u0259smi Bak\u0131 \u0130r\u0259van\u0131 maraqlar\u0131m\u0131zla hesabla\u015fma\u011fa m\u0259cbur edib.<\/p>\n<p>M\u0259lum oldu\u011fu kimi, bu g\u00fcn Az\u0259rbaycan\u0131n \u0259sas prioriteti s\u00fclh m\u00fcqavil\u0259sinin imzalanmas\u0131 v\u0259 regionda \u0259m\u0259kda\u015fl\u0131q m\u00fchitinin t\u0259min olunmas\u0131d\u0131r.<\/p>\n<p>44 g\u00fcnl\u00fck m\u00fcharib\u0259d\u0259n 3 il ke\u00e7m\u0259sin\u0259 v\u0259 r\u0259smi Bak\u0131n\u0131n s\u0259mimi s\u0259yl\u0259rin\u0259, t\u0259\u015f\u0259bb\u00fcskarl\u0131\u011f\u0131na baxmayaraq, s\u00fclh h\u0259l\u0259 d\u0259 imzalanmay\u0131b. Bunun \u0259sas s\u0259b\u0259bi is\u0259 Erm\u0259nistan\u0131n destruktiv m\u00f6vqeyi v\u0259 k\u0259nar g\u00fccl\u0259rin t\u0259zyiqin\u0259, b\u0259z\u0259n d\u0259 t\u0259lqinin\u0259 m\u0259ruz qalmas\u0131d\u0131r. As\u0131l\u0131 oldu\u011fu g\u00fccl\u0259r \u201chans\u0131 havan\u0131 \u00e7al\u0131rsa, \u0130r\u0259van da onu oynay\u0131r\u201d.<br \/>\n<img src=\"https:\/\/cdn.oxu.az\/uploads\/W1siZiIsIjIwMjMvMTEvMjIvMTMvMDQvMzYvYzY0Y2Q4NzYtYmUzOC00YTdmLThjY2ItOWMxZjg2YjM3ZjI5LzY5NDlhZmEyLWVlZmEtMzI5MC1iYWY1LTYzZDY3NjE0NjAzOS5qcGciXSxbInAiLCJlbmNvZGUiLCJqcGciLCItcXVhbGl0eSA4MCJdLFsicCIsInRodW1iIiwiNTkweDU5MFx1MDAzZSJdXQ?sha=4bad5a1a1f568baf\" alt=\"\" \/><br \/>\nErm\u0259nistan r\u0259smil\u0259ri, o c\u00fcml\u0259d\u0259n ba\u015f nazir Nikol Pa\u015finyan indiy\u0259 q\u0259d\u0259r d\u0259f\u0259l\u0259rl\u0259 m\u0259hz Va\u015finqton platformas\u0131na \u00fcst\u00fcnl\u00fck verdikl\u0259rini bildiribl\u0259r. Niy\u0259? S\u00fclh ist\u0259y\u0259n bir d\u00f6vl\u0259t \u00fc\u00e7\u00fcn bu n\u0259 q\u0259d\u0259r m\u0259ntiqli yana\u015fmad\u0131r.<\/p>\n<p>Birincisi, AB\u015e okean\u0131n o tay\u0131d\u0131r, region \u00f6lk\u0259si deyil. \u0130r\u0259van niy\u0259 b\u00f6lg\u0259ni qoyub okean\u0131n o tay\u0131na boylan\u0131r? Dig\u0259r t\u0259r\u0259fd\u0259n m\u0259g\u0259r Erm\u0259nistan bilmir ki, AB\u015e 30 il \u0259rzind\u0259 Minsk qrupunun h\u0259ms\u0259dri kimi he\u00e7 n\u0259y\u0259 nail olmay\u0131b? \u018flb\u0259tt\u0259, bilir.<\/p>\n<p>B\u0259s bunlar\u0131 bildiyi halda \u0130r\u0259van niy\u0259 Q\u0259rb platformas\u0131na \u00fcst\u00fcnl\u00fck verir? \u00c7\u00fcnki A\u011f Ev v\u0259 Yelisey saray\u0131 \u0130r\u0259van vasit\u0259sil\u0259 \u00f6z oyunlar\u0131n\u0131 oynama\u011fa \u00e7al\u0131\u015f\u0131rlar. Pa\u015finyan is\u0259 bunu bil\u0259-bil\u0259, Erm\u0259nistan\u0131n regionun Ukraynas\u0131na \u00e7evrilm\u0259si t\u0259hl\u00fck\u0259sinin h\u0259r \u00f6t\u0259n g\u00fcn yax\u0131nla\u015fd\u0131\u011f\u0131n\u0131 anlaya-anlaya siyasi irad\u0259 n\u00fcmayi\u015f etdir\u0259 bilmir.<br \/>\n<img src=\"https:\/\/cdn.oxu.az\/uploads\/W1siZiIsIjIwMjMvMTEvMjIvMTMvMDQvMzYvNTVmNzBhYjAtNDI2ZS00OWFmLWI5YTItZjI3Y2U5Yzc4OThhL2RlOGY4OGFmLWM5ZjItMzc3OS1iMTk4LTAwMjljNGEzN2FlNi5qcGciXSxbInAiLCJlbmNvZGUiLCJqcGciLCItcXVhbGl0eSA4MCJdLFsicCIsInRodW1iIiwiNTkweDU5MFx1MDAzZSJdXQ?sha=fb6b66e38b619256\" alt=\"\" \/><\/p>\n<p>B\u00fct\u00fcn bunlar\u0131n fonunda Az\u0259rbaycan Xarici \u0130\u015fl\u0259r Nazirliyinin noyabr\u0131n 21-d\u0259 yayd\u0131\u011f\u0131 b\u0259yanat diqq\u0259t \u00e7\u0259kir. S\u0259n\u0259dd\u0259 qeyd olunub ki, Az\u0259rbaycan s\u00fclh m\u00fcqavil\u0259sinin m\u00fcmk\u00fcn q\u0259d\u0259r tez tamamlanmas\u0131 \u00fc\u00e7\u00fcn Erm\u0259nistanla ikit\u0259r\u0259fli \u0259sasda birba\u015fa dan\u0131\u015f\u0131qlara haz\u0131rd\u0131r. Xarici siyas\u0259t idar\u0259si \u0130r\u0259vana m\u0259qbul olan \u0259razid\u0259 v\u0259 ya d\u00f6vl\u0259t s\u0259rh\u0259dind\u0259 g\u00f6r\u00fc\u015f\u00fcn ke\u00e7irilm\u0259sini t\u0259klif edib.<\/p>\n<p>\u0130ndiki h\u0259ssas m\u0259qamda r\u0259smi Bak\u0131n\u0131n bu b\u0259yanat\u0131 yaymas\u0131 he\u00e7 d\u0259 t\u0259sad\u00fcfi deyil. \u00c7\u00fcnki dediyimiz kimi, Erm\u0259nistan\u0131n s\u00f6z\u00fc il\u0259 \u0259m\u0259li \u00fcst-\u00fcst\u0259 d\u00fc\u015fm\u00fcr.<\/p>\n<p>S\u00fclh m\u00fcqavil\u0259si \u00fc\u00e7\u00fcn Q\u0259rb platformas\u0131na \u00fcst\u00fcnl\u00fck verilm\u0259si, n\u0259hay\u0259t, \u0259m\u0259kda\u015fl\u0131q m\u00fchitinin yaranmas\u0131na yox, vaxt qazanma\u011fa v\u0259 AB\u015e-l\u0259 Fransan\u0131n sifari\u015fl\u0259rini yerin\u0259 yetirm\u0259y\u0259 hesablan\u0131b. Onu da n\u0259z\u0259r\u0259 almaq laz\u0131md\u0131r ki, ehtimal olunan s\u00fclh m\u00fcqavil\u0259sinin Q\u0259rb \u00f6lk\u0259l\u0259rinin birind\u0259 imzalanmas\u0131 Va\u015finqtonla Parisin regiondak\u0131 t\u0259sir g\u00fcc\u00fcn\u00fcn artmas\u0131 dem\u0259kdir. Bu is\u0259 n\u0259inki Az\u0259rbaycan\u0131n, he\u00e7 b\u00f6lg\u0259nin d\u0259 maraqlar\u0131na uy\u011fun deyil. AB\u015e hara s\u00fclh g\u0259tirib ki, C\u0259nubi Qafqaza da s\u00fclh g\u0259tirsin?<br \/>\n<img src=\"https:\/\/cdn.oxu.az\/uploads\/W1siZiIsIjIwMjMvMTEvMjIvMTMvMDQvMzYvMWIyNjcwZDMtZmQ1MC00MzQwLWJjNmQtNDE5YTgwM2QxYTBmLzNlMDg5YjYwLTFhN2QtMzYyYy05MzIzLTQ4OTJiM2NmNDE2Yy5qcGciXSxbInAiLCJlbmNvZGUiLCJqcGciLCItcXVhbGl0eSA4MCJdLFsicCIsInRodW1iIiwiNTkweDU5MFx1MDAzZSJdXQ?sha=da939ceac42a09b8\" alt=\"\" \/><\/p>\n<p>Fikrimizc\u0259, r\u0259smi \u0130r\u0259van s\u00fclh ist\u0259yind\u0259 s\u0259mimidirs\u0259 siyasi irad\u0259 g\u00f6st\u0259rm\u0259li, ikit\u0259r\u0259fli t\u0259maslara \u00fcst\u00fcnl\u00fck verm\u0259lidir. Ehtimal olunan s\u00fclh m\u00fcqavil\u0259sinin qon\u015fu G\u00fcrc\u00fcstanda imzalanmas\u0131 tamamil\u0259 m\u00fcmk\u00fcnd\u00fcr. R\u0259smi Tbilisi d\u0259 d\u0259f\u0259l\u0259rl\u0259 \u00f6z vasit\u0259\u00e7iliyini t\u0259klif edib. H\u0259m d\u0259 n\u0259z\u0259r\u0259 almaq laz\u0131md\u0131r ki, G\u00fcrc\u00fcstan region \u00f6lk\u0259sidir. S\u00fclh v\u0259 sabitlik birba\u015fa Tbilisinin d\u0259 maraqlar\u0131na uy\u011fundur. Ona g\u00f6r\u0259 d\u0259 riyakarl\u0131q etm\u0259y\u0259c\u0259k.<\/p>\n<p>Bel\u0259likl\u0259, Pa\u015finyan m\u0259ntiqli olmal\u0131, uzaq perspektivi d\u00fc\u015f\u00fcnm\u0259lidir. \u018fks halda uduzacaq&#8230;<\/p>\n<p>Qeyd ed\u0259k ki, yaz\u0131 d\u0259rc\u0259 haz\u0131rlanan zaman Erm\u0259nistan X\u0130N ikit\u0259r\u0259fli g\u00f6r\u00fc\u015f bar\u0259d\u0259 r\u0259smi Bak\u0131n\u0131n noyabr\u0131n 21-d\u0259 elan etdiyi t\u0259klif\u0259 reaksiya ver\u0259r\u0259k, \u0130r\u0259van\u0131n buna haz\u0131r oldu\u011funu bildirib. Hadis\u0259l\u0259rin hans\u0131 istiqam\u0259td\u0259 inki\u015faf ed\u0259c\u0259yini is\u0259 zaman g\u00f6st\u0259r\u0259c\u0259k&#8230;<\/p>\n<p><strong>\u201cReport\u201d \u0130nformasiya Agentliyi<\/strong><\/p>\n","protected":false},"excerpt":{"rendered":"<p>2020-ci ild\u0259 \u0130kinci Qaraba\u011f m\u00fcharib\u0259sind\u0259n sonra C\u0259nubi Qafqazda yeni reall\u0131qlar yarand\u0131. Bu reall\u0131qlar\u0131n m\u00fc\u0259llifi m\u0259hz r\u0259smi Bak\u0131 oldu. Art\u0131q n\u0259inki b\u00f6lg\u0259 \u00f6lk\u0259l\u0259ri, d\u00fcnyadak\u0131 \u0259sas siyasi aktorlar da bunu q\u0259bul edib, hesabla\u015f\u0131rlar. N\u0259z\u0259r\u0259 almaq laz\u0131md\u0131r ki, Erm\u0259nistan r\u0259smil\u0259ri m\u00fcharib\u0259d\u0259n \u0259vv\u0259l \u201cyeni \u0259razil\u0259r u\u011frunda yeni m\u00fcharib\u0259\u201d kimi h\u0259d\u0259l\u0259yici b\u0259yanatla \u00e7\u0131x\u0131\u015f etmi\u015fdil\u0259r. M\u00fcharib\u0259, \u0259sas\u0131 olmayan b\u0259yanatlar\u0131n m\u00fc\u0259llifl\u0259rin\u0259 g\u00fcc nisb\u0259tinin \u0259slind\u0259 kimin xeyrin\u0259 oldu\u011funu \u0259yani n\u00fcmayi\u015f etdirdi. Postm\u00fcharib\u0259 d\u00f6vr\u00fcnd\u0259 is\u0259 r\u0259smi Bak\u0131 \u0130r\u0259van\u0131 maraqlar\u0131m\u0131zla hesabla\u015fma\u011fa m\u0259cbur edib. M\u0259lum oldu\u011fu kimi, bu g\u00fcn Az\u0259rbaycan\u0131n \u0259sas prioriteti s\u00fclh m\u00fcqavil\u0259sinin imzalanmas\u0131 v\u0259 regionda \u0259m\u0259kda\u015fl\u0131q m\u00fchitinin t\u0259min olunmas\u0131d\u0131r.&hellip;<\/p>\n","protected":false},"author":2,"featured_media":660006,"comment_status":"closed","ping_status":"closed","sticky":false,"template":"","format":"standard","meta":{"om_disable_all_campaigns":false,"_monsterinsights_skip_tracking":false,"_monsterinsights_sitenote_active":false,"_monsterinsights_sitenote_note":"","_monsterinsights_sitenote_category":0},"categories":[4],"tags":[],"aioseo_notices":[],"gutentor_comment":0,"rttpg_featured_image_url":{"full":["https:\/\/arantv.az\/wp-content\/uploads\/2023\/11\/b70397c3-bad7-3cd7-ba96-ced1afefec45_850-2.jpg",620,413,false],"landscape":["https:\/\/arantv.az\/wp-content\/uploads\/2023\/11\/b70397c3-bad7-3cd7-ba96-ced1afefec45_850-2.jpg",620,413,false],"portraits":["https:\/\/arantv.az\/wp-content\/uploads\/2023\/11\/b70397c3-bad7-3cd7-ba96-ced1afefec45_850-2.jpg",620,413,false],"thumbnail":["https:\/\/arantv.az\/wp-content\/uploads\/2023\/11\/b70397c3-bad7-3cd7-ba96-ced1afefec45_850-2-500x280.jpg",500,280,true],"medium":["https:\/\/arantv.az\/wp-content\/uploads\/2023\/11\/b70397c3-bad7-3cd7-ba96-ced1afefec45_850-2-548x365.jpg",548,365,true],"large":["https:\/\/arantv.az\/wp-content\/uploads\/2023\/11\/b70397c3-bad7-3cd7-ba96-ced1afefec45_850-2.jpg",620,413,false],"1536x1536":["https:\/\/arantv.az\/wp-content\/uploads\/2023\/11\/b70397c3-bad7-3cd7-ba96-ced1afefec45_850-2.jpg",620,413,false],"2048x2048":["https:\/\/arantv.az\/wp-content\/uploads\/2023\/11\/b70397c3-bad7-3cd7-ba96-ced1afefec45_850-2.jpg",620,413,false],"post-thumbnail":["https:\/\/arantv.az\/wp-content\/uploads\/2023\/11\/b70397c3-bad7-3cd7-ba96-ced1afefec45_850-2-240x172.jpg",240,172,true],"advps-thumb-one":["https:\/\/arantv.az\/wp-content\/uploads\/2023\/11\/b70397c3-bad7-3cd7-ba96-ced1afefec45_850-2.jpg",620,413,false]},"rttpg_author":{"display_name":"V\u00fcsal Rafiqo\u011flu","author_link":"https:\/\/arantv.az\/?author=2"},"rttpg_comment":0,"rttpg_category":"<a href=\"https:\/\/arantv.az\/?cat=4\" rel=\"category\">Siyas\u0259t<\/a>","rttpg_excerpt":"2020-ci ild\u0259 \u0130kinci Qaraba\u011f m\u00fcharib\u0259sind\u0259n sonra C\u0259nubi Qafqazda yeni reall\u0131qlar yarand\u0131. Bu reall\u0131qlar\u0131n m\u00fc\u0259llifi m\u0259hz r\u0259smi Bak\u0131 oldu. Art\u0131q n\u0259inki b\u00f6lg\u0259 \u00f6lk\u0259l\u0259ri, d\u00fcnyadak\u0131 \u0259sas siyasi aktorlar da bunu q\u0259bul edib, hesabla\u015f\u0131rlar. N\u0259z\u0259r\u0259 almaq laz\u0131md\u0131r ki, Erm\u0259nistan r\u0259smil\u0259ri m\u00fcharib\u0259d\u0259n \u0259vv\u0259l \u201cyeni \u0259razil\u0259r u\u011frunda yeni m\u00fcharib\u0259\u201d kimi h\u0259d\u0259l\u0259yici b\u0259yanatla \u00e7\u0131x\u0131\u015f etmi\u015fdil\u0259r. M\u00fcharib\u0259, \u0259sas\u0131 olmayan b\u0259yanatlar\u0131n m\u00fc\u0259llifl\u0259rin\u0259 g\u00fcc&hellip;","_links":{"self":[{"href":"https:\/\/arantv.az\/index.php?rest_route=\/wp\/v2\/posts\/660003"}],"collection":[{"href":"https:\/\/arantv.az\/index.php?rest_route=\/wp\/v2\/posts"}],"about":[{"href":"https:\/\/arantv.az\/index.php?rest_route=\/wp\/v2\/types\/post"}],"author":[{"embeddable":true,"href":"https:\/\/arantv.az\/index.php?rest_route=\/wp\/v2\/users\/2"}],"replies":[{"embeddable":true,"href":"https:\/\/arantv.az\/index.php?rest_route=%2Fwp%2Fv2%2Fcomments&post=660003"}],"version-history":[{"count":0,"href":"https:\/\/arantv.az\/index.php?rest_route=\/wp\/v2\/posts\/660003\/revisions"}],"wp:featuredmedia":[{"embeddable":true,"href":"https:\/\/arantv.az\/index.php?rest_route=\/wp\/v2\/media\/660006"}],"wp:attachment":[{"href":"https:\/\/arantv.az\/index.php?rest_route=%2Fwp%2Fv2%2Fmedia&parent=660003"}],"wp:term":[{"taxonomy":"category","embeddable":true,"href":"https:\/\/arantv.az\/index.php?rest_route=%2Fwp%2Fv2%2Fcategories&post=660003"},{"taxonomy":"post_tag","embeddable":true,"href":"https:\/\/arantv.az\/index.php?rest_route=%2Fwp%2Fv2%2Ftags&post=660003"}],"curies":[{"name":"wp","href":"https:\/\/api.w.org\/{rel}","templated":true}]}}