{"id":660014,"date":"2023-11-22T15:20:57","date_gmt":"2023-11-22T11:20:57","guid":{"rendered":"https:\/\/arantv.az\/?p=660014"},"modified":"2023-11-22T15:20:57","modified_gmt":"2023-11-22T11:20:57","slug":"anna-lobanova-speca-enerji-baglantisi-baximindan-sur%c9%99tl%c9%99-ir%c9%99li-ged%c9%99n-dunyanin-nadir-regionlarindan-biridir","status":"publish","type":"post","link":"https:\/\/arantv.az\/?p=660014","title":{"rendered":"Anna Lobanova: \u201cSPECA enerji ba\u011flant\u0131s\u0131 bax\u0131m\u0131ndan s\u00fcr\u0259tl\u0259 ir\u0259li ged\u0259n d\u00fcnyan\u0131n nadir regionlar\u0131ndan biridir\u201d"},"content":{"rendered":"<p>\u201cSPECA (BMT-nin M\u0259rk\u0259zi Asiya \u00d6lk\u0259l\u0259rinin \u0130qtisadiyyatlar\u0131 \u00fc\u00e7\u00fcn X\u00fcsusi Proqram\u0131) regionu enerji ba\u011flant\u0131s\u0131 bax\u0131m\u0131ndan s\u00fcr\u0259tl\u0259 ir\u0259li ged\u0259 bil\u0259c\u0259yi d\u00fcnyan\u0131n nadir regionlar\u0131ndan biridir\u201d.<\/p>\n<p>\u201cReport\u201d x\u0259b\u0259r verir ki, bunu BMT-nin ESCAP t\u0259\u015fkilat\u0131n\u0131n enerji \u015f\u00f6b\u0259sinin n\u00fcmay\u0259nd\u0259si Anna Lobanova bu g\u00fcn Bak\u0131da ke\u00e7iril\u0259n \u201cSPECA regionun qlobal ba\u011flant\u0131 qov\u015fa\u011f\u0131na \u00e7evrilm\u0259si\u201d m\u00f6vzusunda ba\u015f tutan \u201cSPECA 2023\u201d \u0130qtisadi Forumunda deyib.<\/p>\n<p>\u201cBiz \u0259g\u0259r enerji ke\u00e7idind\u0259n dan\u0131\u015f\u0131r\u0131qsa, burada iki \u0259sas istiqam\u0259t var. Birincisi daha t\u0259miz enerji sisteml\u0259rini qurmal\u0131y\u0131q, ikincisi enerji sisteml\u0259rimizd\u0259 elektrif\u0130kasiyan\u0131 t\u0259min etm\u0259liyik. Bunlar \u00e7ox vacib al\u0259tl\u0259rdir v\u0259 yan-yana getm\u0259lidirl\u0259r. Eyni zamanda enerji sisteml\u0259rinin \u015fax\u0259l\u0259ndirilm\u0259sinin t\u0259min olunmas\u0131 m\u00fch\u00fcm \u0259h\u0259miyy\u0259t k\u0259sb edir. \u018fg\u0259r biz b\u0259rpaolunan resurslar haqq\u0131nda dan\u0131\u015f\u0131r\u0131qsa, biz g\u00fcn\u0259\u015f v\u0259 k\u00fcl\u0259k enerjisinin oldu\u011funu \u0259lb\u0259tt\u0259 ki bilirik, lakin bu zaman enerji ba\u011flant\u0131lar\u0131 nec\u0259 olaca\u011f\u0131, \u015f\u0259b\u0259k\u0259nin formala\u015fd\u0131r\u0131lmas\u0131 vacibdir\u201d, &#8211; dey\u0259 A. Lobanova qeyd edib.<\/p>\n","protected":false},"excerpt":{"rendered":"<p>\u201cSPECA (BMT-nin M\u0259rk\u0259zi Asiya \u00d6lk\u0259l\u0259rinin \u0130qtisadiyyatlar\u0131 \u00fc\u00e7\u00fcn X\u00fcsusi Proqram\u0131) regionu enerji ba\u011flant\u0131s\u0131 bax\u0131m\u0131ndan s\u00fcr\u0259tl\u0259 ir\u0259li ged\u0259 bil\u0259c\u0259yi d\u00fcnyan\u0131n nadir regionlar\u0131ndan biridir\u201d. \u201cReport\u201d x\u0259b\u0259r verir ki, bunu BMT-nin ESCAP t\u0259\u015fkilat\u0131n\u0131n enerji \u015f\u00f6b\u0259sinin n\u00fcmay\u0259nd\u0259si Anna Lobanova bu g\u00fcn Bak\u0131da ke\u00e7iril\u0259n \u201cSPECA regionun qlobal ba\u011flant\u0131 qov\u015fa\u011f\u0131na \u00e7evrilm\u0259si\u201d m\u00f6vzusunda ba\u015f tutan \u201cSPECA 2023\u201d \u0130qtisadi Forumunda deyib. \u201cBiz \u0259g\u0259r enerji ke\u00e7idind\u0259n dan\u0131\u015f\u0131r\u0131qsa, burada iki \u0259sas istiqam\u0259t var. Birincisi daha t\u0259miz enerji sisteml\u0259rini qurmal\u0131y\u0131q, ikincisi enerji sisteml\u0259rimizd\u0259 elektrif\u0130kasiyan\u0131 t\u0259min etm\u0259liyik. Bunlar \u00e7ox vacib al\u0259tl\u0259rdir v\u0259 yan-yana getm\u0259lidirl\u0259r. Eyni zamanda enerji sisteml\u0259rinin \u015fax\u0259l\u0259ndirilm\u0259sinin t\u0259min olunmas\u0131 m\u00fch\u00fcm \u0259h\u0259miyy\u0259t&hellip;<\/p>\n","protected":false},"author":2,"featured_media":660016,"comment_status":"closed","ping_status":"closed","sticky":false,"template":"","format":"standard","meta":{"om_disable_all_campaigns":false,"_monsterinsights_skip_tracking":false,"_monsterinsights_sitenote_active":false,"_monsterinsights_sitenote_note":"","_monsterinsights_sitenote_category":0},"categories":[19],"tags":[],"aioseo_notices":[],"gutentor_comment":0,"rttpg_featured_image_url":{"full":["https:\/\/arantv.az\/wp-content\/uploads\/2023\/11\/ea7bc008-6823-30b9-b2e2-c81a50b2a343_850.jpg",620,413,false],"landscape":["https:\/\/arantv.az\/wp-content\/uploads\/2023\/11\/ea7bc008-6823-30b9-b2e2-c81a50b2a343_850.jpg",620,413,false],"portraits":["https:\/\/arantv.az\/wp-content\/uploads\/2023\/11\/ea7bc008-6823-30b9-b2e2-c81a50b2a343_850.jpg",620,413,false],"thumbnail":["https:\/\/arantv.az\/wp-content\/uploads\/2023\/11\/ea7bc008-6823-30b9-b2e2-c81a50b2a343_850-500x280.jpg",500,280,true],"medium":["https:\/\/arantv.az\/wp-content\/uploads\/2023\/11\/ea7bc008-6823-30b9-b2e2-c81a50b2a343_850-548x365.jpg",548,365,true],"large":["https:\/\/arantv.az\/wp-content\/uploads\/2023\/11\/ea7bc008-6823-30b9-b2e2-c81a50b2a343_850.jpg",620,413,false],"1536x1536":["https:\/\/arantv.az\/wp-content\/uploads\/2023\/11\/ea7bc008-6823-30b9-b2e2-c81a50b2a343_850.jpg",620,413,false],"2048x2048":["https:\/\/arantv.az\/wp-content\/uploads\/2023\/11\/ea7bc008-6823-30b9-b2e2-c81a50b2a343_850.jpg",620,413,false],"post-thumbnail":["https:\/\/arantv.az\/wp-content\/uploads\/2023\/11\/ea7bc008-6823-30b9-b2e2-c81a50b2a343_850-240x172.jpg",240,172,true],"advps-thumb-one":["https:\/\/arantv.az\/wp-content\/uploads\/2023\/11\/ea7bc008-6823-30b9-b2e2-c81a50b2a343_850.jpg",620,413,false]},"rttpg_author":{"display_name":"V\u00fcsal Rafiqo\u011flu","author_link":"https:\/\/arantv.az\/?author=2"},"rttpg_comment":0,"rttpg_category":"<a href=\"https:\/\/arantv.az\/?cat=19\" rel=\"category\">G\u00fcnd\u0259m<\/a>","rttpg_excerpt":"\u201cSPECA (BMT-nin M\u0259rk\u0259zi Asiya \u00d6lk\u0259l\u0259rinin \u0130qtisadiyyatlar\u0131 \u00fc\u00e7\u00fcn X\u00fcsusi Proqram\u0131) regionu enerji ba\u011flant\u0131s\u0131 bax\u0131m\u0131ndan s\u00fcr\u0259tl\u0259 ir\u0259li ged\u0259 bil\u0259c\u0259yi d\u00fcnyan\u0131n nadir regionlar\u0131ndan biridir\u201d. \u201cReport\u201d x\u0259b\u0259r verir ki, bunu BMT-nin ESCAP t\u0259\u015fkilat\u0131n\u0131n enerji \u015f\u00f6b\u0259sinin n\u00fcmay\u0259nd\u0259si Anna Lobanova bu g\u00fcn Bak\u0131da ke\u00e7iril\u0259n \u201cSPECA regionun qlobal ba\u011flant\u0131 qov\u015fa\u011f\u0131na \u00e7evrilm\u0259si\u201d m\u00f6vzusunda ba\u015f tutan \u201cSPECA 2023\u201d \u0130qtisadi Forumunda deyib. \u201cBiz \u0259g\u0259r enerji&hellip;","_links":{"self":[{"href":"https:\/\/arantv.az\/index.php?rest_route=\/wp\/v2\/posts\/660014"}],"collection":[{"href":"https:\/\/arantv.az\/index.php?rest_route=\/wp\/v2\/posts"}],"about":[{"href":"https:\/\/arantv.az\/index.php?rest_route=\/wp\/v2\/types\/post"}],"author":[{"embeddable":true,"href":"https:\/\/arantv.az\/index.php?rest_route=\/wp\/v2\/users\/2"}],"replies":[{"embeddable":true,"href":"https:\/\/arantv.az\/index.php?rest_route=%2Fwp%2Fv2%2Fcomments&post=660014"}],"version-history":[{"count":0,"href":"https:\/\/arantv.az\/index.php?rest_route=\/wp\/v2\/posts\/660014\/revisions"}],"wp:featuredmedia":[{"embeddable":true,"href":"https:\/\/arantv.az\/index.php?rest_route=\/wp\/v2\/media\/660016"}],"wp:attachment":[{"href":"https:\/\/arantv.az\/index.php?rest_route=%2Fwp%2Fv2%2Fmedia&parent=660014"}],"wp:term":[{"taxonomy":"category","embeddable":true,"href":"https:\/\/arantv.az\/index.php?rest_route=%2Fwp%2Fv2%2Fcategories&post=660014"},{"taxonomy":"post_tag","embeddable":true,"href":"https:\/\/arantv.az\/index.php?rest_route=%2Fwp%2Fv2%2Ftags&post=660014"}],"curies":[{"name":"wp","href":"https:\/\/api.w.org\/{rel}","templated":true}]}}