{"id":660015,"date":"2023-11-22T15:21:22","date_gmt":"2023-11-22T11:21:22","guid":{"rendered":"https:\/\/arantv.az\/?p=660015"},"modified":"2023-11-22T15:21:22","modified_gmt":"2023-11-22T11:21:22","slug":"almaniyadaki-diaspor-f%c9%99ali-abs-dovl%c9%99t-katibinin-kom%c9%99kcisin%c9%99-etiraz-edib","status":"publish","type":"post","link":"https:\/\/arantv.az\/?p=660015","title":{"rendered":"Almaniyadak\u0131 diaspor f\u0259al\u0131 AB\u015e d\u00f6vl\u0259t katibinin k\u00f6m\u0259k\u00e7isin\u0259 etiraz edib"},"content":{"rendered":"<p>Almaniyada ya\u015fayan diaspor f\u0259al\u0131, beyn\u0259lxalq h\u00fcquq \u00fczr\u0259 ekspert As\u0259f \u018fsg\u0259r AB\u015e d\u00f6vl\u0259t katibinin Avropa v\u0259 Avrasiya m\u0259s\u0259l\u0259l\u0259ri \u00fczr\u0259 k\u00f6m\u0259k\u00e7isi Ceyms O\u2019Brayen\u0259\u00a0etiraz m\u0259ktubu \u00fcnvanlay\u0131b.<\/p>\n<p>Bu bar\u0259d\u0259\u00a0Diasporla \u0130\u015f \u00fczr\u0259 D\u00f6vl\u0259t Komit\u0259si m\u0259lumat yay\u0131b.<\/p>\n<p>Bildirilib ki, buna s\u0259b\u0259b amerikal\u0131 diplomat\u0131n AB\u015e Konqresinin Xarici \u018flaq\u0259l\u0259r Komit\u0259sind\u0259 ke\u00e7irilmi\u015f dinl\u0259m\u0259l\u0259r zaman\u0131 Az\u0259rbaycan \u0259leyhin\u0259 s\u0259sl\u0259ndirdiyi \u0259sass\u0131z ittihamlar olub. Erm\u0259nistan\u0131n 30 illik i\u015f\u011fal\u0131 d\u00f6vr\u00fcnd\u0259 AB\u015e-nin d\u0259 h\u0259ms\u0259dri oldu\u011fu AT\u018fT-in ke\u00e7mi\u015f Minsk qrupunun f\u0259aliyy\u0259tsiz qald\u0131\u011f\u0131n\u0131 vur\u011fulayan diaspor f\u0259al\u0131 Az\u0259rbaycan\u0131n beyn\u0259lxalq h\u00fcquq normalar\u0131na uy\u011fun olaraq Qaraba\u011f\u0131 i\u015f\u011faldan azad etm\u0259sind\u0259n sonra AB\u015e v\u0259 Fransan\u0131n n\u00fcmayi\u015f etdirdiyi davran\u0131\u015f\u0131 pisl\u0259yib. S\u00fclh, demokratiya v\u0259 insan haqlar\u0131ndan dan\u0131\u015fan amerikal\u0131 m\u0259mur v\u0259 siyas\u0259t\u00e7il\u0259rin erm\u0259ni separatizmini v\u0259 i\u015f\u011fal\u00e7\u0131 Erm\u0259nistan\u0131 d\u0259st\u0259kl\u0259m\u0259si r\u00fcsvay\u00e7\u0131 hal kimi qiym\u0259tl\u0259ndirilib, erm\u0259ni lobbisinin t\u0259\u015f\u0259bb\u00fcs\u00fc il\u0259 AB\u015e Konqresi t\u0259r\u0259find\u0259n \u201cAzadl\u0131\u011fa D\u0259st\u0259k Akt\u0131\u201dna \u0259lav\u0259 edil\u0259n 907-ci d\u00fcz\u0259li\u015fin q\u0259bulunu Amerika tarixin\u0259 l\u0259k\u0259 adland\u0131r\u0131b.<\/p>\n<p>\u201cSiz 30 il m\u00fcdd\u0259tind\u0259 Erm\u0259nistana \u201ci\u015f\u011fal etdiyin Az\u0259rbaycan torpaqlar\u0131ndan \u00e7\u0131xmal\u0131san\u201d s\u00f6z\u00fcn\u00fc dem\u0259misiniz. M\u00fcnaqi\u015f\u0259nin dondurulmas\u0131n\u0131n v\u0259\u00a0Az\u0259rbaycan\u0131n bu i\u015f\u011falla bar\u0131\u015fmas\u0131n\u0131n t\u0259r\u0259fdar\u0131 olmusunuz. \u018fg\u0259r \u0259dal\u0259tli m\u00f6vge s\u0259rgil\u0259s\u0259ydiniz, Qaraba\u011f m\u0259s\u0259l\u0259si \u00e7oxdan h\u0259ll olunmu\u015fdu. D\u00fcnyan\u0131n enerji t\u0259hl\u00fck\u0259sizliyin\u0259 t\u00f6hf\u0259 ver\u0259n Az\u0259rbaycan d\u00f6vl\u0259ti beyn\u0259lxalq terrorizm\u0259 qar\u015f\u0131 AB\u015e il\u0259 birg\u0259 m\u00fcbariz\u0259 apar\u0131r. Amma Qaraba\u011f m\u0259s\u0259l\u0259sin\u0259 g\u0259ldikd\u0259, ikili standartlarla oyun oynan\u0131ld\u0131\u011f\u0131n\u0131 g\u00f6r\u00fcr\u00fck\u201d, &#8211;\u00a0dey\u0259 A.\u018fsg\u0259r qeyd edib.<\/p>\n<p>Diaspor f\u0259al\u0131 xat\u0131rlad\u0131b ki, maraqlar t\u0259l\u0259b ed\u0259nd\u0259 AB\u015e \u0130ran\u0131n dig\u0259r \u00f6lk\u0259l\u0259rd\u0259 dondurulan v\u0259saitinin blokdan \u00e7\u0131xar\u0131lmas\u0131 il\u0259 \u0259laq\u0259dar raz\u0131la\u015fma elan edir, amma Z\u0259ng\u0259zur d\u0259hlizinin a\u00e7\u0131lmas\u0131na Erm\u0259nistan\u0131n raz\u0131 olmamas\u0131 s\u0259b\u0259bind\u0259n (halbuki bu, 10 noyabr 2020-ci il tarixli \u00dc\u00e7t\u0259r\u0259fli B\u0259yannam\u0259d\u0259 \u0259ksini tap\u0131b) Az\u0259rbaycan \u00f6z qon\u015fusu \u0130ranla d\u0259hliz layih\u0259sind\u0259n dan\u0131\u015fanda, buna g\u00fccl\u00fc t\u0259zyiq g\u00f6st\u0259rilir:<\/p>\n<p>\u201cM\u00fcdafi\u0259 etdiyiniz i\u015f\u011fal\u00e7\u0131 Erm\u0259nistan\u0131n \u0259n yax\u0131n dostu \u0130rand\u0131r. N\u0259 \u00fc\u00e7\u00fcn siz bir d\u0259f\u0259 d\u0259 olsun, Erm\u0259nistana \u0130ranla qurulacaq \u0259laq\u0259l\u0259rin u\u011fursuz olaca\u011f\u0131 bar\u0259d\u0259 x\u0259b\u0259rdarl\u0131q etm\u0259misiniz?\u201d<\/p>\n<p>S\u00fclhsev\u0259r Az\u0259rbaycan\u0131n he\u00e7 vaxt ba\u015fqa d\u00f6vl\u0259tin \u0259razisini i\u015f\u011fal etm\u0259diyini, beyn\u0259lxalq h\u00fcquqa \u0259sas\u0259n \u00f6z suverenliyini v\u0259 \u0259razi b\u00fct\u00f6vl\u00fcy\u00fcn\u00fc tamamil\u0259 b\u0259rpa etdiyini, regionda normalla\u015fma prosesinin b\u0259rq\u0259rar olmas\u0131n\u0131 v\u0259 b\u00fct\u00fcn n\u0259qliyyat-kommunikasiya \u0259laq\u0259l\u0259rinin a\u00e7\u0131lmas\u0131n\u0131 ist\u0259diyi bir daha diqq\u0259t\u0259 \u00e7atd\u0131r\u0131l\u0131b:<\/p>\n<p>\u201c\u018fg\u0259r siz, c\u0259nab Ceyms O\u2019Brayen, h\u0259qiq\u0259t\u0259n C\u0259nubi Qafqaz regionunda s\u00fclh\u00fcn b\u0259rpa olunmas\u0131n\u0131 ist\u0259yirsinizs\u0259, Erm\u0259nistana s\u00fclh s\u00f6z\u00fcnd\u0259n manipulyasiya etm\u0259m\u0259yi anlad\u0131n. Amerika v\u0259 Avropa da bilm\u0259lidir ki, Qaraba\u011f Az\u0259rbaycand\u0131r!\u201d<\/p>\n","protected":false},"excerpt":{"rendered":"<p>Almaniyada ya\u015fayan diaspor f\u0259al\u0131, beyn\u0259lxalq h\u00fcquq \u00fczr\u0259 ekspert As\u0259f \u018fsg\u0259r AB\u015e d\u00f6vl\u0259t katibinin Avropa v\u0259 Avrasiya m\u0259s\u0259l\u0259l\u0259ri \u00fczr\u0259 k\u00f6m\u0259k\u00e7isi Ceyms O\u2019Brayen\u0259\u00a0etiraz m\u0259ktubu \u00fcnvanlay\u0131b. Bu bar\u0259d\u0259\u00a0Diasporla \u0130\u015f \u00fczr\u0259 D\u00f6vl\u0259t Komit\u0259si m\u0259lumat yay\u0131b. Bildirilib ki, buna s\u0259b\u0259b amerikal\u0131 diplomat\u0131n AB\u015e Konqresinin Xarici \u018flaq\u0259l\u0259r Komit\u0259sind\u0259 ke\u00e7irilmi\u015f dinl\u0259m\u0259l\u0259r zaman\u0131 Az\u0259rbaycan \u0259leyhin\u0259 s\u0259sl\u0259ndirdiyi \u0259sass\u0131z ittihamlar olub. Erm\u0259nistan\u0131n 30 illik i\u015f\u011fal\u0131 d\u00f6vr\u00fcnd\u0259 AB\u015e-nin d\u0259 h\u0259ms\u0259dri oldu\u011fu AT\u018fT-in ke\u00e7mi\u015f Minsk qrupunun f\u0259aliyy\u0259tsiz qald\u0131\u011f\u0131n\u0131 vur\u011fulayan diaspor f\u0259al\u0131 Az\u0259rbaycan\u0131n beyn\u0259lxalq h\u00fcquq normalar\u0131na uy\u011fun olaraq Qaraba\u011f\u0131 i\u015f\u011faldan azad etm\u0259sind\u0259n sonra AB\u015e v\u0259 Fransan\u0131n n\u00fcmayi\u015f etdirdiyi davran\u0131\u015f\u0131 pisl\u0259yib. S\u00fclh, demokratiya v\u0259&hellip;<\/p>\n","protected":false},"author":2,"featured_media":660018,"comment_status":"closed","ping_status":"closed","sticky":false,"template":"","format":"standard","meta":{"om_disable_all_campaigns":false,"_monsterinsights_skip_tracking":false,"_monsterinsights_sitenote_active":false,"_monsterinsights_sitenote_note":"","_monsterinsights_sitenote_category":0},"categories":[4],"tags":[],"aioseo_notices":[],"gutentor_comment":0,"rttpg_featured_image_url":{"full":["https:\/\/arantv.az\/wp-content\/uploads\/2023\/11\/FotoJet-2023-11-22T131059.418.jpg",620,413,false],"landscape":["https:\/\/arantv.az\/wp-content\/uploads\/2023\/11\/FotoJet-2023-11-22T131059.418.jpg",620,413,false],"portraits":["https:\/\/arantv.az\/wp-content\/uploads\/2023\/11\/FotoJet-2023-11-22T131059.418.jpg",620,413,false],"thumbnail":["https:\/\/arantv.az\/wp-content\/uploads\/2023\/11\/FotoJet-2023-11-22T131059.418-500x280.jpg",500,280,true],"medium":["https:\/\/arantv.az\/wp-content\/uploads\/2023\/11\/FotoJet-2023-11-22T131059.418-548x365.jpg",548,365,true],"large":["https:\/\/arantv.az\/wp-content\/uploads\/2023\/11\/FotoJet-2023-11-22T131059.418.jpg",620,413,false],"1536x1536":["https:\/\/arantv.az\/wp-content\/uploads\/2023\/11\/FotoJet-2023-11-22T131059.418.jpg",620,413,false],"2048x2048":["https:\/\/arantv.az\/wp-content\/uploads\/2023\/11\/FotoJet-2023-11-22T131059.418.jpg",620,413,false],"post-thumbnail":["https:\/\/arantv.az\/wp-content\/uploads\/2023\/11\/FotoJet-2023-11-22T131059.418-240x172.jpg",240,172,true],"advps-thumb-one":["https:\/\/arantv.az\/wp-content\/uploads\/2023\/11\/FotoJet-2023-11-22T131059.418.jpg",620,413,false]},"rttpg_author":{"display_name":"V\u00fcsal Rafiqo\u011flu","author_link":"https:\/\/arantv.az\/?author=2"},"rttpg_comment":0,"rttpg_category":"<a href=\"https:\/\/arantv.az\/?cat=4\" rel=\"category\">Siyas\u0259t<\/a>","rttpg_excerpt":"Almaniyada ya\u015fayan diaspor f\u0259al\u0131, beyn\u0259lxalq h\u00fcquq \u00fczr\u0259 ekspert As\u0259f \u018fsg\u0259r AB\u015e d\u00f6vl\u0259t katibinin Avropa v\u0259 Avrasiya m\u0259s\u0259l\u0259l\u0259ri \u00fczr\u0259 k\u00f6m\u0259k\u00e7isi Ceyms O\u2019Brayen\u0259\u00a0etiraz m\u0259ktubu \u00fcnvanlay\u0131b. Bu bar\u0259d\u0259\u00a0Diasporla \u0130\u015f \u00fczr\u0259 D\u00f6vl\u0259t Komit\u0259si m\u0259lumat yay\u0131b. Bildirilib ki, buna s\u0259b\u0259b amerikal\u0131 diplomat\u0131n AB\u015e Konqresinin Xarici \u018flaq\u0259l\u0259r Komit\u0259sind\u0259 ke\u00e7irilmi\u015f dinl\u0259m\u0259l\u0259r zaman\u0131 Az\u0259rbaycan \u0259leyhin\u0259 s\u0259sl\u0259ndirdiyi \u0259sass\u0131z ittihamlar olub. Erm\u0259nistan\u0131n 30 illik i\u015f\u011fal\u0131&hellip;","_links":{"self":[{"href":"https:\/\/arantv.az\/index.php?rest_route=\/wp\/v2\/posts\/660015"}],"collection":[{"href":"https:\/\/arantv.az\/index.php?rest_route=\/wp\/v2\/posts"}],"about":[{"href":"https:\/\/arantv.az\/index.php?rest_route=\/wp\/v2\/types\/post"}],"author":[{"embeddable":true,"href":"https:\/\/arantv.az\/index.php?rest_route=\/wp\/v2\/users\/2"}],"replies":[{"embeddable":true,"href":"https:\/\/arantv.az\/index.php?rest_route=%2Fwp%2Fv2%2Fcomments&post=660015"}],"version-history":[{"count":0,"href":"https:\/\/arantv.az\/index.php?rest_route=\/wp\/v2\/posts\/660015\/revisions"}],"wp:featuredmedia":[{"embeddable":true,"href":"https:\/\/arantv.az\/index.php?rest_route=\/wp\/v2\/media\/660018"}],"wp:attachment":[{"href":"https:\/\/arantv.az\/index.php?rest_route=%2Fwp%2Fv2%2Fmedia&parent=660015"}],"wp:term":[{"taxonomy":"category","embeddable":true,"href":"https:\/\/arantv.az\/index.php?rest_route=%2Fwp%2Fv2%2Fcategories&post=660015"},{"taxonomy":"post_tag","embeddable":true,"href":"https:\/\/arantv.az\/index.php?rest_route=%2Fwp%2Fv2%2Ftags&post=660015"}],"curies":[{"name":"wp","href":"https:\/\/api.w.org\/{rel}","templated":true}]}}