{"id":660021,"date":"2023-11-22T15:22:46","date_gmt":"2023-11-22T11:22:46","guid":{"rendered":"https:\/\/arantv.az\/?p=660021"},"modified":"2023-11-22T15:22:46","modified_gmt":"2023-11-22T11:22:46","slug":"z%c9%99ng%c9%99zur-d%c9%99hlizi-il%c9%99-bagli-t%c9%99f%c9%99rruat-on-basliq-altinda-foto","status":"publish","type":"post","link":"https:\/\/arantv.az\/?p=660021","title":{"rendered":"Z\u0259ng\u0259zur d\u0259hlizi il\u0259 ba\u011fl\u0131 t\u0259f\u0259rr\u00fcat: On ba\u015fl\u0131q alt\u0131nda &#8211; FOTO"},"content":{"rendered":"<p>T\u00fcrkiy\u0259 il\u0259 Az\u0259rbaycan\u0131 birl\u0259\u015fdir\u0259c\u0259k Z\u0259ng\u0259zur d\u0259hlizi \u00fc\u00e7\u00fcn konkret add\u0131mlar at\u0131l\u0131r. Layih\u0259nin T\u00fcrkiy\u0259 t\u0259r\u0259find\u0259n t\u0259m\u0259li 2024-c\u00fc ild\u0259 qoyulacaq v\u0259 g\u00f6mr\u00fck n\u0259zar\u0259ti Az\u0259rbaycan\u0131n s\u0259lahiyy\u0259tind\u0259 olacaq.<\/p>\n<p><strong>\u201cHaber Global\u201d<\/strong>\u00a0Asiya v\u0259 Avropan\u0131 birl\u0259\u015fdir\u0259c\u0259k layih\u0259nin son detallar\u0131 il\u0259 ba\u011fl\u0131 m\u0259qal\u0259 d\u0259rc edib.<\/p>\n<p>M\u0259qal\u0259d\u0259 T\u00fcrkiy\u0259 v\u0259 Az\u0259rbaycan\u0131n birg\u0259 \u00e7al\u0131\u015fd\u0131\u011f\u0131 layih\u0259nin ilk t\u0259m\u0259linin at\u0131ld\u0131\u011f\u0131 bildirilib. T\u00fcrk d\u00fcnyas\u0131 v\u0259 \u00c7in\u0259 uzanan, ticar\u0259t yollar\u0131 \u00fc\u00e7\u00fcn b\u00f6y\u00fck \u0259h\u0259miyy\u0259t k\u0259sb ed\u0259n layih\u0259nin t\u0259f\u0259rr\u00fcat\u0131 v\u0259 bu istiqam\u0259td\u0259 son yenilikl\u0259r 10 ba\u015fl\u0131q alt\u0131nda toplan\u0131b.<\/p>\n<p><strong>Z\u0259ng\u0259zur d\u0259hlizi haradan ke\u00e7ir?<\/strong><\/p>\n<p>B\u00f6lg\u0259 ad\u0131n\u0131 Az\u0259rbaycan\u0131n Nax\u00e7\u0131van Muxtar Respublikas\u0131 il\u0259 Erm\u0259nistan aras\u0131ndak\u0131 da\u011f silsil\u0259sinin bir hiss\u0259si olan Z\u0259ng\u0259zur da\u011f\u0131ndan g\u00f6t\u00fcr\u00fcb v\u0259 dig\u0259r t\u0259r\u0259find\u0259 h\u0259lledici q\u0259l\u0259b\u0259 il\u0259 Az\u0259rbaycan \u0259razisi oldu\u011fu t\u0259sdiql\u0259n\u0259n Qaraba\u011f yerl\u0259\u015fir. D\u0259hlizin Erm\u0259nistan hiss\u0259sinin \u015f\u0259rqind\u0259, Bak\u0131 istiqam\u0259tind\u0259 Mincivan v\u0259 Horadiz yerl\u0259\u015fir. Q\u0259rbd\u0259 is\u0259 Nax\u00e7\u0131vandan \u0130\u011fd\u0131ra q\u0259d\u0259r uzanan yolda Ordubad v\u0259 V\u0259lida\u011f \u015f\u0259h\u0259rl\u0259ri var.<\/p>\n<p><strong>T\u00fcrk d\u00fcnyas\u0131nda d\u0259hliz ideyas\u0131 ilk d\u0259f\u0259 n\u0259 zaman g\u00fcnd\u0259m\u0259 g\u0259lib?<\/strong><\/p>\n<p>T\u00fcrkiy\u0259 il\u0259 Az\u0259rbaycan aras\u0131nda yol \u0259laq\u0259si yaradacaq d\u0259hliz ideyas\u0131n\u0131n \u0259rs\u0259y\u0259 g\u0259lm\u0259sinin tarixi 1920-ci il\u0259 gedib \u00e7\u0131x\u0131r. D\u0259hliz 1921-ci ild\u0259 T\u00fcrkiy\u0259 il\u0259 Sovet \u0130ttifaq\u0131 aras\u0131nda imzalanan \u201cDostluq v\u0259 qarda\u015fl\u0131q m\u00fcqavil\u0259si\u201dnin \u0259n m\u00fch\u00fcm madd\u0259l\u0259rind\u0259n biri idi. Lakin Z\u0259ng\u0259zur d\u0259hlizi 2020-ci il Qaraba\u011f m\u00fcharib\u0259sind\u0259 Az\u0259rbaycan\u0131n qalib g\u0259lm\u0259sind\u0259n sonra imzalanan \u00dc\u00e7t\u0259r\u0259fli B\u0259yanat\u0131n 9-cu madd\u0259si il\u0259 konkretl\u0259\u015fdi.<\/p>\n<p><strong>D\u0259hliz\u0259 hans\u0131 n\u0259qliyyat x\u0259tl\u0259ri daxil olacaq?<\/strong><\/p>\n<p>Ankaradan ba\u015flayan d\u0259miryol x\u0259tti Qars vasit\u0259sil\u0259 Nax\u00e7\u0131vana birl\u0259\u015fir. Z\u0259ng\u0259zur d\u0259hlizi Az\u0259rbaycan\u0131n Nax\u00e7\u0131van b\u00f6lg\u0259si il\u0259 q\u0259rb rayonlar\u0131 aras\u0131ndak\u0131 43 kilometr m\u0259saf\u0259ni \u0259hat\u0259 edir. D\u0259hlizin a\u00e7\u0131lmas\u0131ndan sonra \u00e7\u0259kil\u0259c\u0259k d\u0259mir yolu Ankara v\u0259 Bak\u0131n\u0131 birba\u015fa bir-birin\u0259 birl\u0259\u015fdir\u0259c\u0259k. D\u0259hliz d\u0259mir yolu il\u0259 yana\u015f\u0131, magistral yolunu da ehtiva edir. Az\u0259rbaycan r\u0259hb\u0259rliyi Z\u0259ng\u0259zura birl\u0259\u015fdiril\u0259c\u0259k \u018fhm\u0259db\u0259yli-Horadiz-Mincivan-A\u011fb\u0259nd avtomobil yolunun in\u015fas\u0131n\u0131 h\u0259yata ke\u00e7irir.<\/p>\n<p><strong>T\u00fcrkiy\u0259 hans\u0131 x\u0259tl\u0259ri in\u015fa edir?<\/strong><\/p>\n<p>T\u00fcrkiy\u0259 Nax\u00e7\u0131van\u0131n V\u0259lida\u011f hiss\u0259sin\u0259 q\u0259d\u0259r olan 158 kilometrlik x\u0259tti yenil\u0259yir. Buradan sonra x\u0259tt Erm\u0259nistan s\u0259rh\u0259din\u0259 q\u0259d\u0259r uzan\u0131r. T\u00fcrkiy\u0259 \u015firk\u0259tl\u0259ri h\u0259m magistral, h\u0259m d\u0259 d\u0259mir yolu tikintisini h\u0259yata ke\u00e7irirl\u0259r. Dilucu, \u0130\u011fd\u0131r v\u0259 Qarsa uzanan 224 kilometrlik x\u0259ttin tenderi d\u0259 ke\u00e7irilib.<\/p>\n<p><strong>X\u0259ttin idar\u0259\u00e7iliyi kimd\u0259 olacaq?<\/strong><\/p>\n<p>Az\u0259rbaycan x\u0259tt boyunca kommunikasiya \u015f\u0259b\u0259k\u0259l\u0259ri quracaq. \u00d6lk\u0259 x\u0259tt \u00fczr\u0259 g\u00f6mr\u00fck prosedurlar\u0131 il\u0259 ba\u011fl\u0131 i\u015fl\u0259ri davam etdirir. Az\u0259rbaycan\u0131n bununla \u0259laq\u0259dar verdiyi son a\u00e7\u0131qlamada ke\u00e7id m\u0259nt\u0259q\u0259l\u0259rind\u0259 g\u00f6mr\u00fck binalar\u0131n\u0131n tikildiyi, yax\u0131n vaxtlarda Az\u0259rbaycan\u0131n g\u00f6mr\u00fckl\u0259 ba\u011fl\u0131 b\u00fct\u00fcn i\u015fl\u0259ri ba\u015fa \u00e7atd\u0131raca\u011f\u0131 bildirilib.<\/p>\n<p><strong>Erm\u0259nistan Z\u0259ng\u0259zura nec\u0259 yana\u015f\u0131r?<\/strong><\/p>\n<p>Z\u0259ng\u0259zur d\u0259hlizinin a\u00e7\u0131lmas\u0131 Qaraba\u011f q\u0259l\u0259b\u0259sind\u0259n sonra Az\u0259rbaycan v\u0259 Erm\u0259nistan aras\u0131nda imzalanan B\u0259yanatda yer al\u0131r. Ankara v\u0259 Bak\u0131 daimi s\u00fclh\u00fcn t\u0259min edilm\u0259si v\u0259 d\u0259hlizin a\u00e7\u0131lmas\u0131n\u0131n Erm\u0259nistan \u0259halisinin d\u0259 xeyrin\u0259 olaca\u011f\u0131n\u0131 h\u0259r f\u00fcrs\u0259td\u0259 dil\u0259 g\u0259tirirl\u0259r.<\/p>\n<p><strong>\u0130ran d\u0259hliz\u0259 nec\u0259 yana\u015f\u0131r?<\/strong><\/p>\n<p>Erm\u0259nistanla dan\u0131\u015f\u0131qlar prosesi davam ed\u0259rk\u0259n d\u0259hlizin \u0130randan da ke\u00e7m\u0259si m\u0259s\u0259l\u0259si g\u00fcnd\u0259m\u0259 g\u0259lmi\u015fdi. \u0130ran administrasiyas\u0131n\u0131n m\u00fcxt\u0259lif s\u0259viyy\u0259l\u0259rind\u0259n \u201cregionda ba\u015f ver\u0259n ist\u0259nil\u0259n geosiyasi d\u0259yi\u015fikliyin t\u0259hl\u00fck\u0259sizliy\u0259 t\u0259hdid yaratd\u0131\u011f\u0131\u201d il\u0259 ba\u011fl\u0131 b\u0259yanatlar verilmi\u015fdi. Ankaran\u0131n is\u0259 m\u00fcmk\u00fcn d\u0259hlizl\u0259 ba\u011fl\u0131 \u0130rana \u201cqazan-qazan\u201d n\u00f6qteyi-n\u0259z\u0259rind\u0259n alternativl\u0259r t\u0259klif etdiyi bildirilir.<\/p>\n<p><strong>X\u0259ttin in\u015fas\u0131 regionda hans\u0131 \u00f6lk\u0259l\u0259r\u0259 hans\u0131 \u00fcst\u00fcnl\u00fckl\u0259r qazand\u0131racaq?<\/strong><\/p>\n<p>Z\u0259ng\u0259zur d\u0259hlizi realla\u015fd\u0131\u011f\u0131 zaman T\u00fcrkiy\u0259 il\u0259 Az\u0259rbaycan aras\u0131nda quru v\u0259 d\u0259mir yolu n\u0259qliyyat\u0131 il\u0259 yana\u015f\u0131, T\u00fcrkiy\u0259 v\u0259 Rusiya aras\u0131nda da Az\u0259rbaycan \u00fcz\u0259rind\u0259n birba\u015fa x\u0259tt a\u00e7\u0131lm\u0131\u015f olacaq. D\u0259hliz G\u00fcrc\u00fcstan \u00fc\u00e7\u00fcn d\u0259 b\u00f6y\u00fck \u0259h\u0259miyy\u0259t k\u0259sb edir.<\/p>\n<p><strong>Z\u0259ng\u0259zur d\u0259hlizi niy\u0259 s\u0259rf\u0259lidir?<\/strong><\/p>\n<p>Z\u0259ng\u0259zur \u00c7inin \u201cBir k\u0259m\u0259r &#8211; bir yol\u201d layih\u0259sinin Orta D\u0259hlizind\u0259 yer al\u0131r. X\u0259tt \u00fcmumilikd\u0259 4 256 kilometr m\u0259saf\u0259d\u0259 d\u0259miryolunu \u0259hat\u0259 edir. \u00c7in mallar\u0131n\u0131n Orta D\u0259hliz vasit\u0259sil\u0259 Q\u0259rb\u0259 da\u015f\u0131nmas\u0131 vaxt bax\u0131m\u0131ndan b\u00f6y\u00fck \u00fcst\u00fcnl\u00fckl\u0259r verir. Z\u0259ng\u0259zur d\u0259hlizi is\u0259 bu x\u0259tt \u00fcz\u0259rind\u0259 tranzit ke\u00e7idi bax\u0131m\u0131ndan m\u00fch\u00fcm m\u00f6vqed\u0259dir.<\/p>\n<p><strong>Layih\u0259 n\u0259 vaxt realla\u015fd\u0131r\u0131la bil\u0259r?<\/strong><\/p>\n<p>T\u00fcrkiy\u0259nin n\u0259qliyyat v\u0259 infrastruktur naziri Abdulkadir Uralo\u011flu d\u0259hlizin \u0259n gec 2028-ci ild\u0259 f\u0259aliyy\u0259t\u0259 ba\u015flaya bil\u0259c\u0259yini deyib.<\/p>\n<p>&nbsp;<\/p>\n<div class=\"gallery\">\n<div class=\"gallery-i\"><img src=\"https:\/\/cdn.oxu.az\/uploads\/W1siZiIsIjIwMjMvMTEvMjIvMTIvMTIvMjkvNTVhYmQxMzYtOGUzZS00N2YxLTk2YjktNjkzNTlkZjM1ODJiLzM2NzM2NjkxOF8yMTM1ODk5OTUxMDY5NjlfNzU4Mzk1OTMyNTY5Njk1MjAwNl9uLnBuZyJdLFsicCIsImVuY29kZSIsImpwZyIsIi1xdWFsaXR5IDgwIl0sWyJwIiwidGh1bWIiLCI1OTB4NTkwXHUwMDNlIl1d?sha=ab133b87390778f0\" alt=\"\" \/><\/p>\n<div class=\"gallery-i-caption\"><\/div>\n<\/div>\n<div class=\"gallery-i\"><img src=\"https:\/\/cdn.oxu.az\/uploads\/W1siZiIsIjIwMjMvMTEvMjIvMTIvMTIvMjkvMTExNGZjZjEtMDM3Ny00ZDFlLThiNTgtMDA0M2Q3ZTAwZDdmLzQwMDcxNjc2N18zMjc1NzI1OTM2MDU4OTY5XzM3MjE0NzAwNjk5MDQyNDExNjVfbi5wbmciXSxbInAiLCJlbmNvZGUiLCJqcGciLCItcXVhbGl0eSA4MCJdLFsicCIsInRodW1iIiwiNTkweDU5MFx1MDAzZSJdXQ?sha=a8d8e98c8b8735d3\" alt=\"\" \/><\/p>\n<div class=\"gallery-i-caption\"><\/div>\n<\/div>\n<div class=\"gallery-i\"><img src=\"https:\/\/cdn.oxu.az\/uploads\/W1siZiIsIjIwMjMvMTEvMjIvMTIvMTIvMjkvOTM1Y2E4Y2MtZmZhMS00NzYyLTk4YTQtZGY5ZmU4NjQ0NmE1LzQwMTAyNzMyMV83MDI2MTMzNDg0NjA1NzlfNjM3MDM2Njk3MzkyMTIxMDMzX24ucG5nIl0sWyJwIiwiZW5jb2RlIiwianBnIiwiLXF1YWxpdHkgODAiXSxbInAiLCJ0aHVtYiIsIjU5MHg1OTBcdTAwM2UiXV0?sha=8ebc74a99c1ba7db\" alt=\"\" \/><\/p>\n<div class=\"gallery-i-caption\"><\/div>\n<\/div>\n<div class=\"gallery-i\"><img src=\"https:\/\/cdn.oxu.az\/uploads\/W1siZiIsIjIwMjMvMTEvMjIvMTIvMTIvMjkvYmUwNzYxMGYtMWVhOC00ZTgyLTk1MmUtYzllOTFkZmFjOGMyLzM3MDIwMTI5Nl8xMDM0MTQzODExMjUwMzg0XzgzNDE1MjA2MTMxMDk3NjYwMDBfbi5wbmciXSxbInAiLCJlbmNvZGUiLCJqcGciLCItcXVhbGl0eSA4MCJdLFsicCIsInRodW1iIiwiNTkweDU5MFx1MDAzZSJdXQ?sha=c86e7fa061acee0b\" alt=\"\" \/><\/div>\n<\/div>\n","protected":false},"excerpt":{"rendered":"<p>T\u00fcrkiy\u0259 il\u0259 Az\u0259rbaycan\u0131 birl\u0259\u015fdir\u0259c\u0259k Z\u0259ng\u0259zur d\u0259hlizi \u00fc\u00e7\u00fcn konkret add\u0131mlar at\u0131l\u0131r. Layih\u0259nin T\u00fcrkiy\u0259 t\u0259r\u0259find\u0259n t\u0259m\u0259li 2024-c\u00fc ild\u0259 qoyulacaq v\u0259 g\u00f6mr\u00fck n\u0259zar\u0259ti Az\u0259rbaycan\u0131n s\u0259lahiyy\u0259tind\u0259 olacaq. \u201cHaber Global\u201d\u00a0Asiya v\u0259 Avropan\u0131 birl\u0259\u015fdir\u0259c\u0259k layih\u0259nin son detallar\u0131 il\u0259 ba\u011fl\u0131 m\u0259qal\u0259 d\u0259rc edib. M\u0259qal\u0259d\u0259 T\u00fcrkiy\u0259 v\u0259 Az\u0259rbaycan\u0131n birg\u0259 \u00e7al\u0131\u015fd\u0131\u011f\u0131 layih\u0259nin ilk t\u0259m\u0259linin at\u0131ld\u0131\u011f\u0131 bildirilib. T\u00fcrk d\u00fcnyas\u0131 v\u0259 \u00c7in\u0259 uzanan, ticar\u0259t yollar\u0131 \u00fc\u00e7\u00fcn b\u00f6y\u00fck \u0259h\u0259miyy\u0259t k\u0259sb ed\u0259n layih\u0259nin t\u0259f\u0259rr\u00fcat\u0131 v\u0259 bu istiqam\u0259td\u0259 son yenilikl\u0259r 10 ba\u015fl\u0131q alt\u0131nda toplan\u0131b. Z\u0259ng\u0259zur d\u0259hlizi haradan ke\u00e7ir? B\u00f6lg\u0259 ad\u0131n\u0131 Az\u0259rbaycan\u0131n Nax\u00e7\u0131van Muxtar Respublikas\u0131 il\u0259 Erm\u0259nistan aras\u0131ndak\u0131 da\u011f silsil\u0259sinin bir hiss\u0259si olan Z\u0259ng\u0259zur da\u011f\u0131ndan&hellip;<\/p>\n","protected":false},"author":2,"featured_media":660024,"comment_status":"closed","ping_status":"closed","sticky":false,"template":"","format":"standard","meta":{"om_disable_all_campaigns":false,"_monsterinsights_skip_tracking":false,"_monsterinsights_sitenote_active":false,"_monsterinsights_sitenote_note":"","_monsterinsights_sitenote_category":0},"categories":[4],"tags":[],"aioseo_notices":[],"gutentor_comment":0,"rttpg_featured_image_url":{"full":["https:\/\/arantv.az\/wp-content\/uploads\/2023\/11\/FotoJet-2023-11-22T121010.226.jpg",620,413,false],"landscape":["https:\/\/arantv.az\/wp-content\/uploads\/2023\/11\/FotoJet-2023-11-22T121010.226.jpg",620,413,false],"portraits":["https:\/\/arantv.az\/wp-content\/uploads\/2023\/11\/FotoJet-2023-11-22T121010.226.jpg",620,413,false],"thumbnail":["https:\/\/arantv.az\/wp-content\/uploads\/2023\/11\/FotoJet-2023-11-22T121010.226-500x280.jpg",500,280,true],"medium":["https:\/\/arantv.az\/wp-content\/uploads\/2023\/11\/FotoJet-2023-11-22T121010.226-548x365.jpg",548,365,true],"large":["https:\/\/arantv.az\/wp-content\/uploads\/2023\/11\/FotoJet-2023-11-22T121010.226.jpg",620,413,false],"1536x1536":["https:\/\/arantv.az\/wp-content\/uploads\/2023\/11\/FotoJet-2023-11-22T121010.226.jpg",620,413,false],"2048x2048":["https:\/\/arantv.az\/wp-content\/uploads\/2023\/11\/FotoJet-2023-11-22T121010.226.jpg",620,413,false],"post-thumbnail":["https:\/\/arantv.az\/wp-content\/uploads\/2023\/11\/FotoJet-2023-11-22T121010.226-240x172.jpg",240,172,true],"advps-thumb-one":["https:\/\/arantv.az\/wp-content\/uploads\/2023\/11\/FotoJet-2023-11-22T121010.226.jpg",620,413,false]},"rttpg_author":{"display_name":"V\u00fcsal Rafiqo\u011flu","author_link":"https:\/\/arantv.az\/?author=2"},"rttpg_comment":0,"rttpg_category":"<a href=\"https:\/\/arantv.az\/?cat=4\" rel=\"category\">Siyas\u0259t<\/a>","rttpg_excerpt":"T\u00fcrkiy\u0259 il\u0259 Az\u0259rbaycan\u0131 birl\u0259\u015fdir\u0259c\u0259k Z\u0259ng\u0259zur d\u0259hlizi \u00fc\u00e7\u00fcn konkret add\u0131mlar at\u0131l\u0131r. Layih\u0259nin T\u00fcrkiy\u0259 t\u0259r\u0259find\u0259n t\u0259m\u0259li 2024-c\u00fc ild\u0259 qoyulacaq v\u0259 g\u00f6mr\u00fck n\u0259zar\u0259ti Az\u0259rbaycan\u0131n s\u0259lahiyy\u0259tind\u0259 olacaq. \u201cHaber Global\u201d\u00a0Asiya v\u0259 Avropan\u0131 birl\u0259\u015fdir\u0259c\u0259k layih\u0259nin son detallar\u0131 il\u0259 ba\u011fl\u0131 m\u0259qal\u0259 d\u0259rc edib. M\u0259qal\u0259d\u0259 T\u00fcrkiy\u0259 v\u0259 Az\u0259rbaycan\u0131n birg\u0259 \u00e7al\u0131\u015fd\u0131\u011f\u0131 layih\u0259nin ilk t\u0259m\u0259linin at\u0131ld\u0131\u011f\u0131 bildirilib. T\u00fcrk d\u00fcnyas\u0131 v\u0259 \u00c7in\u0259 uzanan, ticar\u0259t yollar\u0131 \u00fc\u00e7\u00fcn&hellip;","_links":{"self":[{"href":"https:\/\/arantv.az\/index.php?rest_route=\/wp\/v2\/posts\/660021"}],"collection":[{"href":"https:\/\/arantv.az\/index.php?rest_route=\/wp\/v2\/posts"}],"about":[{"href":"https:\/\/arantv.az\/index.php?rest_route=\/wp\/v2\/types\/post"}],"author":[{"embeddable":true,"href":"https:\/\/arantv.az\/index.php?rest_route=\/wp\/v2\/users\/2"}],"replies":[{"embeddable":true,"href":"https:\/\/arantv.az\/index.php?rest_route=%2Fwp%2Fv2%2Fcomments&post=660021"}],"version-history":[{"count":0,"href":"https:\/\/arantv.az\/index.php?rest_route=\/wp\/v2\/posts\/660021\/revisions"}],"wp:featuredmedia":[{"embeddable":true,"href":"https:\/\/arantv.az\/index.php?rest_route=\/wp\/v2\/media\/660024"}],"wp:attachment":[{"href":"https:\/\/arantv.az\/index.php?rest_route=%2Fwp%2Fv2%2Fmedia&parent=660021"}],"wp:term":[{"taxonomy":"category","embeddable":true,"href":"https:\/\/arantv.az\/index.php?rest_route=%2Fwp%2Fv2%2Fcategories&post=660021"},{"taxonomy":"post_tag","embeddable":true,"href":"https:\/\/arantv.az\/index.php?rest_route=%2Fwp%2Fv2%2Ftags&post=660021"}],"curies":[{"name":"wp","href":"https:\/\/api.w.org\/{rel}","templated":true}]}}