{"id":660027,"date":"2023-11-22T15:33:57","date_gmt":"2023-11-22T11:33:57","guid":{"rendered":"https:\/\/arantv.az\/?p=660027"},"modified":"2023-11-22T15:33:57","modified_gmt":"2023-11-22T11:33:57","slug":"nazir-muavini-qarabagin-azad-edilm%c9%99si-az%c9%99rbaycanla-q%c9%99t%c9%99r-arasinda-munasib%c9%99tl%c9%99r-ucun-yeni-imkanlar-acir","status":"publish","type":"post","link":"https:\/\/arantv.az\/?p=660027","title":{"rendered":"Nazir m\u00fcavini: \u201cQaraba\u011f\u0131n azad edilm\u0259si Az\u0259rbaycanla Q\u0259t\u0259r aras\u0131nda m\u00fcnasib\u0259tl\u0259r \u00fc\u00e7\u00fcn yeni imkanlar a\u00e7\u0131r\u201d"},"content":{"rendered":"<p>\u201cAz\u0259rbaycanla Q\u0259t\u0259r aras\u0131nda iqtisadi \u0259laq\u0259l\u0259ri yax\u015f\u0131la\u015fd\u0131rmaq laz\u0131md\u0131r, bunun \u00fc\u00e7\u00fcn b\u00f6y\u00fck potensial var\u201d.<\/p>\n<p>\u201cReport\u201d x\u0259b\u0259r verir ki, bunu Q\u0259t\u0259rin \u201cThe Peninsula\u201d n\u0259\u015frin\u0259 m\u00fcsahib\u0259sind\u0259 Az\u0259rbaycan xarici i\u015fl\u0259r nazirinin m\u00fcavini Yal\u00e7\u0131n R\u0259fiyev deyib.<\/p>\n<p>\u201cD\u00fc\u015f\u00fcnm\u00fcr\u0259m ki, haz\u0131rda iqtisadi \u0259laq\u0259l\u0259r ist\u0259nil\u0259n s\u0259viyy\u0259d\u0259dir, lakin m\u00fcmk\u00fcn q\u0259d\u0259r tez istifad\u0259 etm\u0259y\u0259 \u00e7al\u0131\u015faca\u011f\u0131m\u0131z b\u00f6y\u00fck potensial var\u201d, &#8211; o vur\u011fulay\u0131b.<\/p>\n<p>Y.R\u0259fiyev \u0259lav\u0259 edib ki, bu m\u0259nada i\u015f\u011faldan azad edilmi\u015f \u0259razil\u0259r \u0259m\u0259kda\u015fl\u0131q \u00fc\u00e7\u00fcn yeni imkanlar a\u00e7\u0131r.<\/p>\n<p>Onun s\u00f6zl\u0259rin\u0259 g\u00f6r\u0259, \u0259m\u0259kda\u015fl\u0131\u011f\u0131n d\u0259rinl\u0259\u015fdirilm\u0259si istiqam\u0259tind\u0259 at\u0131lan bariz add\u0131mlardan biri Q\u0259t\u0259rl\u0259 Az\u0259rbaycan aras\u0131ndak\u0131 birg\u0259 komissiya \u00e7\u0259r\u00e7iv\u0259sind\u0259 investisiya qrupunun yarad\u0131lmas\u0131 olacaq.<\/p>\n<p>Nazir m\u00fcavininin fikrinc\u0259, bu qrup Az\u0259rbaycan\u0131n xarici i\u015fl\u0259r naziri Ceyhun Bayramovun 2024-c\u00fc ild\u0259 Q\u0259t\u0259r\u0259 g\u00f6zl\u0259nil\u0259n s\u0259f\u0259rind\u0259n sonra formala\u015fd\u0131r\u0131la bil\u0259r.<\/p>\n<p>O vur\u011fulay\u0131b ki, Fars K\u00f6rf\u0259zi regionu Az\u0259rbaycan \u00fc\u00e7\u00fcn m\u00fch\u00fcm \u0259h\u0259miyy\u0259t k\u0259sb edir v\u0259 Q\u0259t\u0259r \u00f6lk\u0259nin diqq\u0259t m\u0259rk\u0259zind\u0259dir.<\/p>\n","protected":false},"excerpt":{"rendered":"<p>\u201cAz\u0259rbaycanla Q\u0259t\u0259r aras\u0131nda iqtisadi \u0259laq\u0259l\u0259ri yax\u015f\u0131la\u015fd\u0131rmaq laz\u0131md\u0131r, bunun \u00fc\u00e7\u00fcn b\u00f6y\u00fck potensial var\u201d. \u201cReport\u201d x\u0259b\u0259r verir ki, bunu Q\u0259t\u0259rin \u201cThe Peninsula\u201d n\u0259\u015frin\u0259 m\u00fcsahib\u0259sind\u0259 Az\u0259rbaycan xarici i\u015fl\u0259r nazirinin m\u00fcavini Yal\u00e7\u0131n R\u0259fiyev deyib. \u201cD\u00fc\u015f\u00fcnm\u00fcr\u0259m ki, haz\u0131rda iqtisadi \u0259laq\u0259l\u0259r ist\u0259nil\u0259n s\u0259viyy\u0259d\u0259dir, lakin m\u00fcmk\u00fcn q\u0259d\u0259r tez istifad\u0259 etm\u0259y\u0259 \u00e7al\u0131\u015faca\u011f\u0131m\u0131z b\u00f6y\u00fck potensial var\u201d, &#8211; o vur\u011fulay\u0131b. Y.R\u0259fiyev \u0259lav\u0259 edib ki, bu m\u0259nada i\u015f\u011faldan azad edilmi\u015f \u0259razil\u0259r \u0259m\u0259kda\u015fl\u0131q \u00fc\u00e7\u00fcn yeni imkanlar a\u00e7\u0131r. Onun s\u00f6zl\u0259rin\u0259 g\u00f6r\u0259, \u0259m\u0259kda\u015fl\u0131\u011f\u0131n d\u0259rinl\u0259\u015fdirilm\u0259si istiqam\u0259tind\u0259 at\u0131lan bariz add\u0131mlardan biri Q\u0259t\u0259rl\u0259 Az\u0259rbaycan aras\u0131ndak\u0131 birg\u0259 komissiya \u00e7\u0259r\u00e7iv\u0259sind\u0259 investisiya qrupunun yarad\u0131lmas\u0131 olacaq. Nazir m\u00fcavininin fikrinc\u0259, bu qrup&hellip;<\/p>\n","protected":false},"author":2,"featured_media":660028,"comment_status":"closed","ping_status":"closed","sticky":false,"template":"","format":"standard","meta":{"om_disable_all_campaigns":false,"_monsterinsights_skip_tracking":false,"_monsterinsights_sitenote_active":false,"_monsterinsights_sitenote_note":"","_monsterinsights_sitenote_category":0},"categories":[4],"tags":[],"aioseo_notices":[],"gutentor_comment":0,"rttpg_featured_image_url":{"full":["https:\/\/arantv.az\/wp-content\/uploads\/2023\/11\/e60fe3e6-c24f-38c2-8d3b-2baf38eca0b3_850.jpg",620,413,false],"landscape":["https:\/\/arantv.az\/wp-content\/uploads\/2023\/11\/e60fe3e6-c24f-38c2-8d3b-2baf38eca0b3_850.jpg",620,413,false],"portraits":["https:\/\/arantv.az\/wp-content\/uploads\/2023\/11\/e60fe3e6-c24f-38c2-8d3b-2baf38eca0b3_850.jpg",620,413,false],"thumbnail":["https:\/\/arantv.az\/wp-content\/uploads\/2023\/11\/e60fe3e6-c24f-38c2-8d3b-2baf38eca0b3_850-500x280.jpg",500,280,true],"medium":["https:\/\/arantv.az\/wp-content\/uploads\/2023\/11\/e60fe3e6-c24f-38c2-8d3b-2baf38eca0b3_850-548x365.jpg",548,365,true],"large":["https:\/\/arantv.az\/wp-content\/uploads\/2023\/11\/e60fe3e6-c24f-38c2-8d3b-2baf38eca0b3_850.jpg",620,413,false],"1536x1536":["https:\/\/arantv.az\/wp-content\/uploads\/2023\/11\/e60fe3e6-c24f-38c2-8d3b-2baf38eca0b3_850.jpg",620,413,false],"2048x2048":["https:\/\/arantv.az\/wp-content\/uploads\/2023\/11\/e60fe3e6-c24f-38c2-8d3b-2baf38eca0b3_850.jpg",620,413,false],"post-thumbnail":["https:\/\/arantv.az\/wp-content\/uploads\/2023\/11\/e60fe3e6-c24f-38c2-8d3b-2baf38eca0b3_850-240x172.jpg",240,172,true],"advps-thumb-one":["https:\/\/arantv.az\/wp-content\/uploads\/2023\/11\/e60fe3e6-c24f-38c2-8d3b-2baf38eca0b3_850.jpg",620,413,false]},"rttpg_author":{"display_name":"V\u00fcsal Rafiqo\u011flu","author_link":"https:\/\/arantv.az\/?author=2"},"rttpg_comment":0,"rttpg_category":"<a href=\"https:\/\/arantv.az\/?cat=4\" rel=\"category\">Siyas\u0259t<\/a>","rttpg_excerpt":"\u201cAz\u0259rbaycanla Q\u0259t\u0259r aras\u0131nda iqtisadi \u0259laq\u0259l\u0259ri yax\u015f\u0131la\u015fd\u0131rmaq laz\u0131md\u0131r, bunun \u00fc\u00e7\u00fcn b\u00f6y\u00fck potensial var\u201d. \u201cReport\u201d x\u0259b\u0259r verir ki, bunu Q\u0259t\u0259rin \u201cThe Peninsula\u201d n\u0259\u015frin\u0259 m\u00fcsahib\u0259sind\u0259 Az\u0259rbaycan xarici i\u015fl\u0259r nazirinin m\u00fcavini Yal\u00e7\u0131n R\u0259fiyev deyib. \u201cD\u00fc\u015f\u00fcnm\u00fcr\u0259m ki, haz\u0131rda iqtisadi \u0259laq\u0259l\u0259r ist\u0259nil\u0259n s\u0259viyy\u0259d\u0259dir, lakin m\u00fcmk\u00fcn q\u0259d\u0259r tez istifad\u0259 etm\u0259y\u0259 \u00e7al\u0131\u015faca\u011f\u0131m\u0131z b\u00f6y\u00fck potensial var\u201d, &#8211; o vur\u011fulay\u0131b. Y.R\u0259fiyev \u0259lav\u0259 edib ki, bu&hellip;","_links":{"self":[{"href":"https:\/\/arantv.az\/index.php?rest_route=\/wp\/v2\/posts\/660027"}],"collection":[{"href":"https:\/\/arantv.az\/index.php?rest_route=\/wp\/v2\/posts"}],"about":[{"href":"https:\/\/arantv.az\/index.php?rest_route=\/wp\/v2\/types\/post"}],"author":[{"embeddable":true,"href":"https:\/\/arantv.az\/index.php?rest_route=\/wp\/v2\/users\/2"}],"replies":[{"embeddable":true,"href":"https:\/\/arantv.az\/index.php?rest_route=%2Fwp%2Fv2%2Fcomments&post=660027"}],"version-history":[{"count":0,"href":"https:\/\/arantv.az\/index.php?rest_route=\/wp\/v2\/posts\/660027\/revisions"}],"wp:featuredmedia":[{"embeddable":true,"href":"https:\/\/arantv.az\/index.php?rest_route=\/wp\/v2\/media\/660028"}],"wp:attachment":[{"href":"https:\/\/arantv.az\/index.php?rest_route=%2Fwp%2Fv2%2Fmedia&parent=660027"}],"wp:term":[{"taxonomy":"category","embeddable":true,"href":"https:\/\/arantv.az\/index.php?rest_route=%2Fwp%2Fv2%2Fcategories&post=660027"},{"taxonomy":"post_tag","embeddable":true,"href":"https:\/\/arantv.az\/index.php?rest_route=%2Fwp%2Fv2%2Ftags&post=660027"}],"curies":[{"name":"wp","href":"https:\/\/api.w.org\/{rel}","templated":true}]}}