{"id":660030,"date":"2023-11-22T15:38:56","date_gmt":"2023-11-22T11:38:56","guid":{"rendered":"https:\/\/arantv.az\/?p=660030"},"modified":"2023-11-22T15:38:56","modified_gmt":"2023-11-22T11:38:56","slug":"r%c9%99c%c9%99b-tayyib-%c9%99rdogan-turkiy%c9%99-lir%c9%99sinin-d%c9%99y%c9%99r-itirdiyi-dovr-basa-catdi","status":"publish","type":"post","link":"https:\/\/arantv.az\/?p=660030","title":{"rendered":"R\u0259c\u0259b Tayyib \u018frdo\u011fan: \u201cT\u00fcrkiy\u0259 lir\u0259sinin d\u0259y\u0259r itirdiyi d\u00f6vr ba\u015fa \u00e7atd\u0131\u201d"},"content":{"rendered":"<p>\u201cT\u00fcrk lir\u0259sinin real ifad\u0259d\u0259 d\u0259y\u0259r itirdiyi d\u00f6vr ba\u015fa \u00e7atd\u0131\u201d.<\/p>\n<p>Bu s\u00f6zl\u0259ri T\u00fcrkiy\u0259 Prezidenti R\u0259c\u0259b Tayyib \u018frdo\u011fan \u018flc\u0259zaird\u0259n qay\u0131dan zaman t\u0259yyar\u0259d\u0259 jurnalistl\u0259rin suallar\u0131n\u0131 cavabland\u0131rark\u0259n deyib.<\/p>\n<p>\u201cQar\u015f\u0131dan g\u0259l\u0259n d\u00f6vrd\u0259 h\u0259yata ke\u00e7irdiyimiz sa\u011flam siyas\u0259t v\u0259 struktur islahatlar\u0131 il\u0259\u00a0investorlar\u0131n etibar\u0131n\u0131 qazanaca\u011f\u0131q\u201d, &#8211; dey\u0259 Erdo\u011fan qeyd edib.<\/p>\n<p>M\u0259nb\u0259: Haber Global<\/p>\n","protected":false},"excerpt":{"rendered":"<p>\u201cT\u00fcrk lir\u0259sinin real ifad\u0259d\u0259 d\u0259y\u0259r itirdiyi d\u00f6vr ba\u015fa \u00e7atd\u0131\u201d. Bu s\u00f6zl\u0259ri T\u00fcrkiy\u0259 Prezidenti R\u0259c\u0259b Tayyib \u018frdo\u011fan \u018flc\u0259zaird\u0259n qay\u0131dan zaman t\u0259yyar\u0259d\u0259 jurnalistl\u0259rin suallar\u0131n\u0131 cavabland\u0131rark\u0259n deyib. \u201cQar\u015f\u0131dan g\u0259l\u0259n d\u00f6vrd\u0259 h\u0259yata ke\u00e7irdiyimiz sa\u011flam siyas\u0259t v\u0259 struktur islahatlar\u0131 il\u0259\u00a0investorlar\u0131n etibar\u0131n\u0131 qazanaca\u011f\u0131q\u201d, &#8211; dey\u0259 Erdo\u011fan qeyd edib. M\u0259nb\u0259: Haber Global<\/p>\n","protected":false},"author":2,"featured_media":660031,"comment_status":"closed","ping_status":"closed","sticky":false,"template":"","format":"standard","meta":{"om_disable_all_campaigns":false,"_monsterinsights_skip_tracking":false,"_monsterinsights_sitenote_active":false,"_monsterinsights_sitenote_note":"","_monsterinsights_sitenote_category":0},"categories":[19],"tags":[],"aioseo_notices":[],"gutentor_comment":0,"rttpg_featured_image_url":{"full":["https:\/\/arantv.az\/wp-content\/uploads\/2023\/11\/FotoJet-2023-11-22T141629.188.jpg",620,413,false],"landscape":["https:\/\/arantv.az\/wp-content\/uploads\/2023\/11\/FotoJet-2023-11-22T141629.188.jpg",620,413,false],"portraits":["https:\/\/arantv.az\/wp-content\/uploads\/2023\/11\/FotoJet-2023-11-22T141629.188.jpg",620,413,false],"thumbnail":["https:\/\/arantv.az\/wp-content\/uploads\/2023\/11\/FotoJet-2023-11-22T141629.188-500x280.jpg",500,280,true],"medium":["https:\/\/arantv.az\/wp-content\/uploads\/2023\/11\/FotoJet-2023-11-22T141629.188-548x365.jpg",548,365,true],"large":["https:\/\/arantv.az\/wp-content\/uploads\/2023\/11\/FotoJet-2023-11-22T141629.188.jpg",620,413,false],"1536x1536":["https:\/\/arantv.az\/wp-content\/uploads\/2023\/11\/FotoJet-2023-11-22T141629.188.jpg",620,413,false],"2048x2048":["https:\/\/arantv.az\/wp-content\/uploads\/2023\/11\/FotoJet-2023-11-22T141629.188.jpg",620,413,false],"post-thumbnail":["https:\/\/arantv.az\/wp-content\/uploads\/2023\/11\/FotoJet-2023-11-22T141629.188-240x172.jpg",240,172,true],"advps-thumb-one":["https:\/\/arantv.az\/wp-content\/uploads\/2023\/11\/FotoJet-2023-11-22T141629.188.jpg",620,413,false]},"rttpg_author":{"display_name":"V\u00fcsal Rafiqo\u011flu","author_link":"https:\/\/arantv.az\/?author=2"},"rttpg_comment":0,"rttpg_category":"<a href=\"https:\/\/arantv.az\/?cat=19\" rel=\"category\">G\u00fcnd\u0259m<\/a>","rttpg_excerpt":"\u201cT\u00fcrk lir\u0259sinin real ifad\u0259d\u0259 d\u0259y\u0259r itirdiyi d\u00f6vr ba\u015fa \u00e7atd\u0131\u201d. Bu s\u00f6zl\u0259ri T\u00fcrkiy\u0259 Prezidenti R\u0259c\u0259b Tayyib \u018frdo\u011fan \u018flc\u0259zaird\u0259n qay\u0131dan zaman t\u0259yyar\u0259d\u0259 jurnalistl\u0259rin suallar\u0131n\u0131 cavabland\u0131rark\u0259n deyib. \u201cQar\u015f\u0131dan g\u0259l\u0259n d\u00f6vrd\u0259 h\u0259yata ke\u00e7irdiyimiz sa\u011flam siyas\u0259t v\u0259 struktur islahatlar\u0131 il\u0259\u00a0investorlar\u0131n etibar\u0131n\u0131 qazanaca\u011f\u0131q\u201d, &#8211; dey\u0259 Erdo\u011fan qeyd edib. M\u0259nb\u0259: Haber Global","_links":{"self":[{"href":"https:\/\/arantv.az\/index.php?rest_route=\/wp\/v2\/posts\/660030"}],"collection":[{"href":"https:\/\/arantv.az\/index.php?rest_route=\/wp\/v2\/posts"}],"about":[{"href":"https:\/\/arantv.az\/index.php?rest_route=\/wp\/v2\/types\/post"}],"author":[{"embeddable":true,"href":"https:\/\/arantv.az\/index.php?rest_route=\/wp\/v2\/users\/2"}],"replies":[{"embeddable":true,"href":"https:\/\/arantv.az\/index.php?rest_route=%2Fwp%2Fv2%2Fcomments&post=660030"}],"version-history":[{"count":0,"href":"https:\/\/arantv.az\/index.php?rest_route=\/wp\/v2\/posts\/660030\/revisions"}],"wp:featuredmedia":[{"embeddable":true,"href":"https:\/\/arantv.az\/index.php?rest_route=\/wp\/v2\/media\/660031"}],"wp:attachment":[{"href":"https:\/\/arantv.az\/index.php?rest_route=%2Fwp%2Fv2%2Fmedia&parent=660030"}],"wp:term":[{"taxonomy":"category","embeddable":true,"href":"https:\/\/arantv.az\/index.php?rest_route=%2Fwp%2Fv2%2Fcategories&post=660030"},{"taxonomy":"post_tag","embeddable":true,"href":"https:\/\/arantv.az\/index.php?rest_route=%2Fwp%2Fv2%2Ftags&post=660030"}],"curies":[{"name":"wp","href":"https:\/\/api.w.org\/{rel}","templated":true}]}}