{"id":660033,"date":"2023-11-22T15:49:21","date_gmt":"2023-11-22T11:49:21","guid":{"rendered":"https:\/\/arantv.az\/?p=660033"},"modified":"2023-11-22T15:49:21","modified_gmt":"2023-11-22T11:49:21","slug":"ara-qarisdiran-usaid-direktoru-samanta-pauer-erm%c9%99nil%c9%99rin-caldigi-havaya-oynayir-s%c9%99rh-foto","status":"publish","type":"post","link":"https:\/\/arantv.az\/?p=660033","title":{"rendered":"Ara qar\u0131\u015fd\u0131ran USAID direktoru: Samanta Pauer erm\u0259nil\u0259rin \u00e7ald\u0131\u011f\u0131 havaya oynay\u0131r &#8211; \u015e\u018fRH + FOTO"},"content":{"rendered":"<p>Az\u0259rbaycan\u0131n birba\u015fa dan\u0131\u015f\u0131qlar bar\u0259d\u0259 t\u0259klifin\u0259 Erm\u0259nistan haz\u0131r oldu\u011funu bildirib. \u00d6t\u0259n g\u00fcn AB\u015e D\u00f6vl\u0259t Departamentinin m\u0259tbuat katibi Metyu Miller d\u0259 t\u0259r\u0259fl\u0259r aras\u0131nda birba\u015fa dialoqa t\u0259r\u0259fdar olduqlar\u0131na dair a\u00e7\u0131qlama verib. Bununla da Bak\u0131 il\u0259 \u0130r\u0259van aras\u0131nda bir ne\u00e7\u0259 ayd\u0131r k\u0259silmi\u015f t\u0259mas\u0131n b\u0259rpa ehtimal\u0131 art\u0131b.<\/p>\n<p>Bel\u0259 bir h\u0259ssas \u015f\u0259raitd\u0259 araqar\u0131\u015fd\u0131ranlar da tap\u0131l\u0131r. M\u0259s\u0259l\u0259n, AB\u015e senatoru Marko Rubio sosial \u015f\u0259b\u0259k\u0259d\u0259ki s\u0259hif\u0259sind\u0259 Az\u0259rbaycana yard\u0131m\u0131n edilm\u0259m\u0259sin\u0259 m\u00fcnasib\u0259t bildir\u0259r\u0259k yaz\u0131b ki, AB\u015e-nin vergi \u00f6d\u0259yicil\u0259rinin pulu il\u0259 onlara yard\u0131m edilm\u0259m\u0259lidir.<\/p>\n<p>\u00c7ox t\u0259\u0259cc\u00fcbl\u0259ndirici v\u0259 t\u0259\u0259ss\u00fcfl\u0259ndirici a\u00e7\u0131qlamad\u0131r. Az\u0259rbaycan torpaqlar\u0131n\u0131 i\u015f\u011fal alt\u0131nda saxlayanda Birl\u0259\u015fmi\u015f \u015etatlar\u0131n Erm\u0259nistana etdiyi yard\u0131mlar da vergi \u00f6d\u0259yicil\u0259rinin pulu idi. Yoxsa bel\u0259 yard\u0131mlarla ba\u011fl\u0131 senatorlar\u0131n \u201cqara x\u0259zin\u0259si\u201d var? Odur ki, senatorun bu a\u00e7\u0131qlamas\u0131 yersiz v\u0259 m\u0259ntiqsizdir.<img src=\"https:\/\/cdn.oxu.az\/uploads\/W1siZiIsIjIwMjMvMTEvMjIvMTQvNTYvMDQvYWEzYjY2OWQtODc5ZC00OWFkLTlhZWUtZjFiMjNiYjNiNmRiLzhkYjZmYTgzLTZiNGYtMzc0ZS04ZGM4LWJmNzdjNTViODQwMS5qcGciXSxbInAiLCJlbmNvZGUiLCJqcGciLCItcXVhbGl0eSA4MCJdLFsicCIsInRodW1iIiwiNTkweDU5MFx1MDAzZSJdXQ?sha=c869338d338c75c7\" alt=\"\" \/>Marko Rubio il\u0259 yana\u015f\u0131 duranlardan biri d\u0259 AB\u015e-nin Beyn\u0259lxalq \u0130nki\u015faf Agentliyinin (USAID) direktoru Samanta Pauerdir. O, son iki ayda Qaraba\u011f\u0131 (o, \u201cDa\u011fl\u0131q Qaraba\u011f\u201d deyib) \u201c100 mind\u0259n \u00e7ox sakinin t\u0259rk etdiyini\u201d iddia ed\u0259r\u0259k yaz\u0131b: \u201cAB\u015e Qaraba\u011f\u0131n etnik erm\u0259nil\u0259rini d\u0259st\u0259kl\u0259m\u0259y\u0259 davam ed\u0259c\u0259k\u201d.<\/p>\n<p>O, h\u0259min erm\u0259ni sakinl\u0259r\u0259 Va\u015finqtonun d\u00f6rd milyon dollar \u0259lav\u0259 yard\u0131m etdiyini bildirib. S.Pauerin s\u00f6zl\u0259rin\u0259 g\u00f6r\u0259, AB\u015e 2020-ci ild\u0259n indiy\u0259d\u0259k erm\u0259ni sakinl\u0259r\u0259 28 milyon dollar humanitar yard\u0131m ay\u0131r\u0131b.<\/p>\n<p>Qeyd ed\u0259k ki, Beyn\u0259lxalq \u0130nki\u015faf Agentliyi, \u0259sas\u0259n, m\u00fclki xarici yard\u0131m v\u0259 inki\u015faf\u0131n idar\u0259 edilm\u0259sin\u0259 cavabdehdir. USAID 27 milyard dollardan \u00e7ox b\u00fcdc\u0259 il\u0259 d\u00fcnyan\u0131n \u0259n b\u00f6y\u00fck r\u0259smi yard\u0131m agentlikl\u0259rind\u0259ndir. Bu, AB\u015e-nin b\u00fct\u00fcn xarici yard\u0131m\u0131n\u0131n yar\u0131s\u0131ndan \u00e7oxunu t\u0259\u015fkil edir. Agentlik 1961-ci ilin sentyabr\u0131nda prezident Con Kennedinin s\u0259r\u0259ncam\u0131 il\u0259 yarad\u0131l\u0131b. Yeri g\u0259lmi\u015fk\u0259n, noyabr\u0131n 22-d\u0259 onun q\u0259tl\u0259 yetirilm\u0259sinin 60-c\u0131 ild\u00f6n\u00fcm\u00fcd\u00fcr.<\/p>\n<p>Samanta Pauer adi, s\u0131radan bir v\u0259t\u0259nda\u015f c\u0259miyy\u0259tinin lideri deyil. O, vaxt\u0131 il\u0259 AB\u015e-nin BMT-d\u0259 s\u0259firi olub. H\u0259tta 2016-c\u0131 ilin aprelind\u0259 onun kortejind\u0259ki avtomobill\u0259rd\u0259n biri Kamerundan olan azya\u015fl\u0131 u\u015fa\u011f\u0131n \u00f6l\u00fcm\u00fc il\u0259 n\u0259tic\u0259l\u0259nmi\u015f yol-n\u0259qliyyat hadis\u0259si t\u00f6r\u0259mi\u015fdi.<\/p>\n<p>S.Pauer beyn\u0259lxalq h\u00fcquq v\u0259 m\u00fcnasib\u0259tl\u0259rd\u0259n d\u0259 m\u0259lumats\u0131z deyil. Bu bax\u0131mdan Az\u0259rbaycan daxilind\u0259ki \u0259razinin ad\u0131n\u0131 t\u0259hrif etm\u0259kl\u0259 beyn\u0259lxalq normalar\u0131 pozub. O, Qaraba\u011f b\u00f6lg\u0259sini k\u00f6n\u00fcll\u00fc olaraq t\u0259rk etmi\u015f erm\u0259ni sakinl\u0259rin v\u0259ziyy\u0259tini d\u0259 t\u0259hrif edib. Agentlik direktoru r\u0259smi Bak\u0131n\u0131n h\u0259min sakinl\u0259r\u0259 Az\u0259rbaycana inteqrasiya il\u0259 ba\u011fl\u0131 a\u00e7\u0131qlamalar\u0131n\u0131 he\u00e7 yada da salmay\u0131b.<\/p>\n<p><img src=\"https:\/\/cdn.oxu.az\/uploads\/W1siZiIsIjIwMjMvMTEvMjIvMTQvNTYvMDQvM2JkZmU2OTktYmRmMC00MzE1LWJiNGMtNDk1YjliODFkMjc0L2M2MTYyYTYzLTEyMDctMzU1NC05Njk3LWI5OGY1Y2M5NjAyOS5qcGciXSxbInAiLCJlbmNvZGUiLCJqcGciLCItcXVhbGl0eSA4MCJdLFsicCIsInRodW1iIiwiNTkweDU5MFx1MDAzZSJdXQ?sha=11ccc4d634b37f10\" alt=\"\" \/><\/p>\n<p>USAID r\u0259hb\u0259ri bu ilin sentyabr\u0131nda Bak\u0131da s\u0259f\u0259rd\u0259 olub. O, Erm\u0259nistandan silah v\u0259 g\u00fcc yolu il\u0259 evl\u0259rind\u0259n, tarixi torpaqlar\u0131ndan qovulmu\u015f 300 min\u0259 yax\u0131n Q\u0259rbi az\u0259rbaycanl\u0131n\u0131n he\u00e7 biri il\u0259 g\u00f6r\u00fc\u015fm\u0259yib. USAID 35 ild\u0259 onlara bir sent yard\u0131m etm\u0259diyi halda, bu g\u00fcn k\u00f6n\u00fcll\u00fc olaraq Az\u0259rbaycan\u0131 t\u0259rk etmi\u015f erm\u0259ni sakinl\u0259rin hal\u0131na ac\u0131y\u0131r. Q\u0259rbi az\u0259rbaycanl\u0131lara qar\u015f\u0131 analoji m\u00fcnasib\u0259t he\u00e7 vaxt olmay\u0131b.<\/p>\n<p>S.Pauerin Erm\u0259nistan\u0131n, erm\u0259nil\u0259rin \u00e7ald\u0131\u011f\u0131 havaya oynad\u0131\u011f\u0131 da g\u00f6r\u00fcn\u0259n q\u0259d\u0259rdir. Direktor yaz\u0131b ki, Az\u0259rbaycan\u0131 t\u0259rk etmi\u015f k\u00f6n\u00fcll\u00fc erm\u0259nil\u0259rin say\u0131 100 mind\u0259n \u00e7oxdur. Ox\u015far r\u0259q\u0259mi erm\u0259ni v\u0259 havadarlar\u0131n\u0131n m\u0259nb\u0259yi d\u0259 iddia edir.<\/p>\n<p>USAID kimi n\u00fcfuzlu bir t\u0259\u015fkilat\u0131n ba\u015f\u00e7\u0131s\u0131 humanizm prinsipini erm\u0259ni t\u0259\u0259ss\u00fcbke\u015fliyin\u0259 qurban verib. O, Bak\u0131ya s\u0259f\u0259ri zaman\u0131 Erm\u0259nistanda istehsal olunan v\u0259 erm\u0259nil\u0259r t\u0259r\u0259fd\u0259n basd\u0131r\u0131lan minalar\u0131n qurbanlar\u0131 il\u0259 ba\u011fl\u0131 m\u0259s\u0259l\u0259y\u0259 d\u0259 diqq\u0259t yetirm\u0259k ist\u0259m\u0259yib.<\/p>\n<p><img src=\"https:\/\/cdn.oxu.az\/uploads\/W1siZiIsIjIwMjMvMTEvMjIvMTQvNTYvMDQvMWEyZDk4YjItM2M1Yi00MjdhLTg4MjctNWZmZGE4Mzk4ZTVmLzVjMzQ0MGYyLTkxYWItMzNiOS04NmVkLTdiZDE1MTlhYTNlZS5qcGciXSxbInAiLCJlbmNvZGUiLCJqcGciLCItcXVhbGl0eSA4MCJdLFsicCIsInRodW1iIiwiNTkweDU5MFx1MDAzZSJdXQ?sha=7305ffd2ed10b3e6\" alt=\"\" \/><\/p>\n<p>Qeyd ed\u0259k ki, 2020-ci il noyabr\u0131n 10-dan indiy\u0259d\u0259k Az\u0259rbaycan\u0131n i\u015f\u011faldan azad edilmi\u015f \u0259razil\u0259rind\u0259 ba\u015f vermi\u015f mina hadis\u0259l\u0259ri n\u0259tic\u0259sind\u0259 337 n\u0259f\u0259r minadan z\u0259r\u0259r \u00e7\u0259kib. 2023-c\u00fc ilin 19-20 sentyabr\u0131nda ke\u00e7iril\u0259n antiterror t\u0259dbiri n\u0259tic\u0259sind\u0259 n\u0259zar\u0259t\u0259 g\u00f6t\u00fcr\u00fclm\u00fc\u015f \u0259razil\u0259rd\u0259 daha 500 mind\u0259n art\u0131q mina v\u0259 partlamam\u0131\u015f sursat oldu\u011fu \u00fcz\u0259 \u00e7\u0131x\u0131b.<\/p>\n<p>Az\u0259rbaycanla Erm\u0259nistan aras\u0131nda olduqca h\u0259ssas bir d\u00f6vrd\u00fcr. \u0130ndiki \u015f\u0259raitd\u0259 ist\u0259nil\u0259n q\u0259r\u0259zli a\u00e7\u0131qlama, f\u0259aliyy\u0259t, yersiz \u00e7\u0131x\u0131\u015f v\u0259 ist\u0259nil\u0259n \u015f\u0259kild\u0259 birt\u0259r\u0259fli yard\u0131m q\u0131c\u0131q yarad\u0131r, g\u0259rginliyin artmas\u0131na t\u0259sir g\u00f6st\u0259rir. Bel\u0259 f\u0259aliyy\u0259t r\u0259smi Bak\u0131 v\u0259 \u0130r\u0259van aras\u0131nda normalla\u015fma, s\u0259rh\u0259d, s\u00fclh m\u00fcqavil\u0259si il\u0259 ba\u011fl\u0131 proses\u0259 mane\u0259dir.<\/p>\n<p>Samanta Pauerin f\u0259aliyy\u0259ti v\u0259 a\u00e7\u0131qlamas\u0131 aran\u0131 qar\u0131\u015fd\u0131r\u0131b. Erm\u0259nistanda s\u0259f\u0259rd\u0259 olanda Az\u0259rbaycan\u0131 k\u00f6n\u00fcll\u00fc t\u0259rk etmi\u015f erm\u0259nil\u0259rl\u0259 g\u00f6r\u00fc\u015fd\u0259 sakinl\u0259r ona etiraz ed\u0259r\u0259k q\u0131\u015fq\u0131r\u0131blar: \u201cR\u0259dd olun, gedin \u00f6lk\u0259niz\u0259!\u201d, \u201cB\u0259sdir yalan dan\u0131\u015fd\u0131n\u0131z!\u201d<\/p>\n<p>Dey\u0259s\u0259n, erm\u0259nil\u0259rl\u0259 t\u0259kb\u0259t\u0259k dan\u0131\u015f\u0131qlar \u00fc\u00e7\u00fcn \u0259saslar yaran\u0131r. \u00c7\u00fcnki Samanta Pauer kimi direktora ox\u015far \u015f\u0259kild\u0259 etiraz\u0131 Bak\u0131da da bildir\u0259 bil\u0259rl\u0259r.<\/p>\n<p><strong>\u201cReport\u201d \u0130nformasiya Agentliyi<\/strong><\/p>\n","protected":false},"excerpt":{"rendered":"<p>Az\u0259rbaycan\u0131n birba\u015fa dan\u0131\u015f\u0131qlar bar\u0259d\u0259 t\u0259klifin\u0259 Erm\u0259nistan haz\u0131r oldu\u011funu bildirib. \u00d6t\u0259n g\u00fcn AB\u015e D\u00f6vl\u0259t Departamentinin m\u0259tbuat katibi Metyu Miller d\u0259 t\u0259r\u0259fl\u0259r aras\u0131nda birba\u015fa dialoqa t\u0259r\u0259fdar olduqlar\u0131na dair a\u00e7\u0131qlama verib. Bununla da Bak\u0131 il\u0259 \u0130r\u0259van aras\u0131nda bir ne\u00e7\u0259 ayd\u0131r k\u0259silmi\u015f t\u0259mas\u0131n b\u0259rpa ehtimal\u0131 art\u0131b. Bel\u0259 bir h\u0259ssas \u015f\u0259raitd\u0259 araqar\u0131\u015fd\u0131ranlar da tap\u0131l\u0131r. M\u0259s\u0259l\u0259n, AB\u015e senatoru Marko Rubio sosial \u015f\u0259b\u0259k\u0259d\u0259ki s\u0259hif\u0259sind\u0259 Az\u0259rbaycana yard\u0131m\u0131n edilm\u0259m\u0259sin\u0259 m\u00fcnasib\u0259t bildir\u0259r\u0259k yaz\u0131b ki, AB\u015e-nin vergi \u00f6d\u0259yicil\u0259rinin pulu il\u0259 onlara yard\u0131m edilm\u0259m\u0259lidir. \u00c7ox t\u0259\u0259cc\u00fcbl\u0259ndirici v\u0259 t\u0259\u0259ss\u00fcfl\u0259ndirici a\u00e7\u0131qlamad\u0131r. Az\u0259rbaycan torpaqlar\u0131n\u0131 i\u015f\u011fal alt\u0131nda saxlayanda Birl\u0259\u015fmi\u015f \u015etatlar\u0131n Erm\u0259nistana etdiyi yard\u0131mlar da vergi \u00f6d\u0259yicil\u0259rinin&hellip;<\/p>\n","protected":false},"author":2,"featured_media":660036,"comment_status":"closed","ping_status":"closed","sticky":false,"template":"","format":"standard","meta":{"om_disable_all_campaigns":false,"_monsterinsights_skip_tracking":false,"_monsterinsights_sitenote_active":false,"_monsterinsights_sitenote_note":"","_monsterinsights_sitenote_category":0},"categories":[4],"tags":[],"aioseo_notices":[],"gutentor_comment":0,"rttpg_featured_image_url":{"full":["https:\/\/arantv.az\/wp-content\/uploads\/2023\/11\/dd89b925-d31a-3162-82c1-703837c263d4_850.jpg",620,413,false],"landscape":["https:\/\/arantv.az\/wp-content\/uploads\/2023\/11\/dd89b925-d31a-3162-82c1-703837c263d4_850.jpg",620,413,false],"portraits":["https:\/\/arantv.az\/wp-content\/uploads\/2023\/11\/dd89b925-d31a-3162-82c1-703837c263d4_850.jpg",620,413,false],"thumbnail":["https:\/\/arantv.az\/wp-content\/uploads\/2023\/11\/dd89b925-d31a-3162-82c1-703837c263d4_850-500x280.jpg",500,280,true],"medium":["https:\/\/arantv.az\/wp-content\/uploads\/2023\/11\/dd89b925-d31a-3162-82c1-703837c263d4_850-548x365.jpg",548,365,true],"large":["https:\/\/arantv.az\/wp-content\/uploads\/2023\/11\/dd89b925-d31a-3162-82c1-703837c263d4_850.jpg",620,413,false],"1536x1536":["https:\/\/arantv.az\/wp-content\/uploads\/2023\/11\/dd89b925-d31a-3162-82c1-703837c263d4_850.jpg",620,413,false],"2048x2048":["https:\/\/arantv.az\/wp-content\/uploads\/2023\/11\/dd89b925-d31a-3162-82c1-703837c263d4_850.jpg",620,413,false],"post-thumbnail":["https:\/\/arantv.az\/wp-content\/uploads\/2023\/11\/dd89b925-d31a-3162-82c1-703837c263d4_850-240x172.jpg",240,172,true],"advps-thumb-one":["https:\/\/arantv.az\/wp-content\/uploads\/2023\/11\/dd89b925-d31a-3162-82c1-703837c263d4_850.jpg",620,413,false]},"rttpg_author":{"display_name":"V\u00fcsal Rafiqo\u011flu","author_link":"https:\/\/arantv.az\/?author=2"},"rttpg_comment":0,"rttpg_category":"<a href=\"https:\/\/arantv.az\/?cat=4\" rel=\"category\">Siyas\u0259t<\/a>","rttpg_excerpt":"Az\u0259rbaycan\u0131n birba\u015fa dan\u0131\u015f\u0131qlar bar\u0259d\u0259 t\u0259klifin\u0259 Erm\u0259nistan haz\u0131r oldu\u011funu bildirib. \u00d6t\u0259n g\u00fcn AB\u015e D\u00f6vl\u0259t Departamentinin m\u0259tbuat katibi Metyu Miller d\u0259 t\u0259r\u0259fl\u0259r aras\u0131nda birba\u015fa dialoqa t\u0259r\u0259fdar olduqlar\u0131na dair a\u00e7\u0131qlama verib. Bununla da Bak\u0131 il\u0259 \u0130r\u0259van aras\u0131nda bir ne\u00e7\u0259 ayd\u0131r k\u0259silmi\u015f t\u0259mas\u0131n b\u0259rpa ehtimal\u0131 art\u0131b. Bel\u0259 bir h\u0259ssas \u015f\u0259raitd\u0259 araqar\u0131\u015fd\u0131ranlar da tap\u0131l\u0131r. M\u0259s\u0259l\u0259n, AB\u015e senatoru Marko Rubio sosial&hellip;","_links":{"self":[{"href":"https:\/\/arantv.az\/index.php?rest_route=\/wp\/v2\/posts\/660033"}],"collection":[{"href":"https:\/\/arantv.az\/index.php?rest_route=\/wp\/v2\/posts"}],"about":[{"href":"https:\/\/arantv.az\/index.php?rest_route=\/wp\/v2\/types\/post"}],"author":[{"embeddable":true,"href":"https:\/\/arantv.az\/index.php?rest_route=\/wp\/v2\/users\/2"}],"replies":[{"embeddable":true,"href":"https:\/\/arantv.az\/index.php?rest_route=%2Fwp%2Fv2%2Fcomments&post=660033"}],"version-history":[{"count":0,"href":"https:\/\/arantv.az\/index.php?rest_route=\/wp\/v2\/posts\/660033\/revisions"}],"wp:featuredmedia":[{"embeddable":true,"href":"https:\/\/arantv.az\/index.php?rest_route=\/wp\/v2\/media\/660036"}],"wp:attachment":[{"href":"https:\/\/arantv.az\/index.php?rest_route=%2Fwp%2Fv2%2Fmedia&parent=660033"}],"wp:term":[{"taxonomy":"category","embeddable":true,"href":"https:\/\/arantv.az\/index.php?rest_route=%2Fwp%2Fv2%2Fcategories&post=660033"},{"taxonomy":"post_tag","embeddable":true,"href":"https:\/\/arantv.az\/index.php?rest_route=%2Fwp%2Fv2%2Ftags&post=660033"}],"curies":[{"name":"wp","href":"https:\/\/api.w.org\/{rel}","templated":true}]}}