{"id":660082,"date":"2023-11-22T16:29:16","date_gmt":"2023-11-22T12:29:16","guid":{"rendered":"https:\/\/arantv.az\/?p=660082"},"modified":"2023-11-22T16:29:16","modified_gmt":"2023-11-22T12:29:16","slug":"s%c9%99rh%c9%99dd%c9%99-gorus-t%c9%99klifin%c9%99-iclas-cavabi-erm%c9%99nistanin-hiyl%c9%99si-n%c9%99dir","status":"publish","type":"post","link":"https:\/\/arantv.az\/?p=660082","title":{"rendered":"\u201cS\u0259rh\u0259dd\u0259 g\u00f6r\u00fc\u015f\u201d t\u0259klifin\u0259 \u201ciclas\u201d cavab\u0131 &#8211; Erm\u0259nistan\u0131n hiyl\u0259si n\u0259dir?"},"content":{"rendered":"<p><strong>\u0130r\u0259van Bak\u0131n\u0131n dan\u0131\u015f\u0131qlar\u0131n ikit\u0259r\u0259fli \u0259sasda ba\u015flanmas\u0131 v\u0259 g\u00f6r\u00fc\u015f\u00fcn \u201cqar\u015f\u0131l\u0131ql\u0131 m\u0259qbul m\u0259kanda v\u0259 ya d\u00f6vl\u0259t s\u0259rh\u0259dind\u0259 ba\u015f tutmas\u0131\u201d t\u0259klifin\u0259 cavab verib. Cavabda qeyd olunur ki, \u201ciki \u00f6lk\u0259 aras\u0131nda s\u00fclh\u00fcn b\u0259rq\u0259rar olmas\u0131 \u00fc\u00e7\u00fcn real imkan var v\u0259 bu, h\u0259r iki t\u0259r\u0259fd\u0259n siyasi irad\u0259 olarsa, realla\u015fa bil\u0259r\u201d. V\u0259 \u201cbu irad\u0259nin n\u00fcmayi\u015fi\u201d kimi Az\u0259rbaycana t\u0259klif edirl\u0259r ki, d\u00f6vl\u0259t s\u0259rh\u0259dind\u0259 h\u0259r iki \u00f6lk\u0259nin delimitasiya-demarkasiya komissiyalar\u0131n\u0131n iclas\u0131 ke\u00e7irilsin.<\/strong><\/p>\n<p>Bak\u0131 v\u0259 \u0130r\u0259van ba\u015fqa-ba\u015fqa m\u0259s\u0259l\u0259l\u0259rd\u0259n dan\u0131\u015f\u0131r.<\/p>\n<p>&#8211; Az\u0259rbaycan t\u0259klif edir ki, s\u00fclh dan\u0131\u015f\u0131qlar\u0131 d\u00f6vl\u0259t s\u0259rh\u0259dind\u0259, yaxud h\u0259r iki t\u0259r\u0259fin q\u0259bul ed\u0259c\u0259yi m\u0259kanda vasit\u0259\u00e7isiz ba\u015f tutsun;<br \/>\n&#8211; Erm\u0259nistan t\u0259klif edir ki, s\u0259rh\u0259dd\u0259 demarkasiya komissiyalar\u0131n\u0131n iclas\u0131 ke\u00e7irilsin;<\/p>\n<p>\u018fslind\u0259 \u0130r\u0259van\u0131n Bak\u0131ya \u00fcnvanlad\u0131\u011f\u0131 b\u0259yanat cavab yox, t\u0259klifd\u0259n ibar\u0259tdir. Bu is\u0259 Bak\u0131n\u0131n \u201cikit\u0259r\u0259fli format\u201d ist\u0259yini yax\u0131na buraxmaq ist\u0259m\u0259dikl\u0259rini g\u00f6st\u0259rir. Erm\u0259nistan X\u0130N-in b\u0259yanat\u0131n\u0131n m\u0259tni d\u0259 dan\u0131\u015f\u0131qlar\u0131n Q\u0259rb platformas\u0131nda ke\u00e7irilm\u0259sind\u0259n yana olduqlar\u0131n\u0131 t\u0259sdiq edir. Demarkasiya komissiyalar\u0131n\u0131n iclas\u0131n\u0131n s\u0259rh\u0259dd\u0259 ke\u00e7irilm\u0259si t\u0259klifi is\u0259 Va\u015finqtonun qar\u015f\u0131s\u0131nda \u201cs\u00fclhd\u0259n qa\u00e7an\u201d t\u0259r\u0259f kimi g\u00f6r\u00fcnm\u0259k ist\u0259m\u0259m\u0259l\u0259ridir.<\/p>\n<p>\u0130kit\u0259r\u0259fli formatda g\u00f6r\u00fc\u015f\u00fc AB\u015e t\u0259klif edib. Az\u0259rbaycan bu format\u0131 \u0259vv\u0259ld\u0259n d\u0259st\u0259kl\u0259yir, h\u0259tta m\u0259kan kimi b\u00f6lg\u0259d\u0259 vasit\u0259\u00e7ilik u\u011frunda m\u00fcbariz\u0259 aparan Q\u0259rb v\u0259 Rusiya masas\u0131n\u0131 yox, Tbilisini t\u0259klif edib. Bu formatla ba\u011fl\u0131 son \u00e7a\u011f\u0131r\u0131\u015fdan sonra r\u0259smi Bak\u0131 s\u00fclh dan\u0131\u015f\u0131qlar\u0131n\u0131n d\u00f6vl\u0259t s\u0259rh\u0259dind\u0259 ke\u00e7irilm\u0259si ideyas\u0131n\u0131 ir\u0259li s\u00fcrd\u00fc.<\/p>\n<p>Bu ideya Az\u0259rbaycan-Erm\u0259nistan dan\u0131\u015f\u0131qlar\u0131nda bir ilkdir. Bak\u0131 bununla h\u0259m d\u0259 Q\u0259rb masas\u0131ndan imtina etm\u0259sinin Rusiya il\u0259 ba\u011fl\u0131 olmad\u0131\u011f\u0131n\u0131 n\u00fcmayi\u015f etdirir. Erm\u0259nistan is\u0259 \u201cdemarkasiya komissiyalar\u0131n\u0131n iclas\u0131\u201dn\u0131 ir\u0259li s\u00fcrm\u0259kl\u0259 h\u0259m Bak\u0131n\u0131n t\u0259klifin\u0259 cavab verdiyini g\u00f6st\u0259rir, h\u0259m AB\u015e-\u0131n \u00e7a\u011f\u0131r\u0131\u015f\u0131n\u0131 d\u0259st\u0259kl\u0259diyini. H\u0259r\u00e7\u0259nd, d\u00f6vl\u0259t s\u0259rh\u0259dind\u0259 s\u00fclh dan\u0131\u015f\u0131qlar\u0131 t\u0259klifin\u0259 demarkasiya komissiyalar\u0131n\u0131n iclas\u0131 t\u0259klif il\u0259 cavab verm\u0259k \u0130r\u0259van\u0131n prosesi manipulyasiya etm\u0259k c\u0259hdind\u0259n ba\u015fqa bir \u015fey deyil.<\/p>\n","protected":false},"excerpt":{"rendered":"<p>\u0130r\u0259van Bak\u0131n\u0131n dan\u0131\u015f\u0131qlar\u0131n ikit\u0259r\u0259fli \u0259sasda ba\u015flanmas\u0131 v\u0259 g\u00f6r\u00fc\u015f\u00fcn \u201cqar\u015f\u0131l\u0131ql\u0131 m\u0259qbul m\u0259kanda v\u0259 ya d\u00f6vl\u0259t s\u0259rh\u0259dind\u0259 ba\u015f tutmas\u0131\u201d t\u0259klifin\u0259 cavab verib. Cavabda qeyd olunur ki, \u201ciki \u00f6lk\u0259 aras\u0131nda s\u00fclh\u00fcn b\u0259rq\u0259rar olmas\u0131 \u00fc\u00e7\u00fcn real imkan var v\u0259 bu, h\u0259r iki t\u0259r\u0259fd\u0259n siyasi irad\u0259 olarsa, realla\u015fa bil\u0259r\u201d. V\u0259 \u201cbu irad\u0259nin n\u00fcmayi\u015fi\u201d kimi Az\u0259rbaycana t\u0259klif edirl\u0259r ki, d\u00f6vl\u0259t s\u0259rh\u0259dind\u0259 h\u0259r iki \u00f6lk\u0259nin delimitasiya-demarkasiya komissiyalar\u0131n\u0131n iclas\u0131 ke\u00e7irilsin. Bak\u0131 v\u0259 \u0130r\u0259van ba\u015fqa-ba\u015fqa m\u0259s\u0259l\u0259l\u0259rd\u0259n dan\u0131\u015f\u0131r. &#8211; Az\u0259rbaycan t\u0259klif edir ki, s\u00fclh dan\u0131\u015f\u0131qlar\u0131 d\u00f6vl\u0259t s\u0259rh\u0259dind\u0259, yaxud h\u0259r iki t\u0259r\u0259fin q\u0259bul ed\u0259c\u0259yi m\u0259kanda vasit\u0259\u00e7isiz ba\u015f tutsun; &#8211; Erm\u0259nistan t\u0259klif&hellip;<\/p>\n","protected":false},"author":2,"featured_media":660084,"comment_status":"closed","ping_status":"closed","sticky":false,"template":"","format":"standard","meta":{"om_disable_all_campaigns":false,"_monsterinsights_skip_tracking":false,"_monsterinsights_sitenote_active":false,"_monsterinsights_sitenote_note":"","_monsterinsights_sitenote_category":0},"categories":[4],"tags":[],"aioseo_notices":[],"gutentor_comment":0,"rttpg_featured_image_url":{"full":["https:\/\/arantv.az\/wp-content\/uploads\/2023\/11\/serhed-.jpg",870,500,false],"landscape":["https:\/\/arantv.az\/wp-content\/uploads\/2023\/11\/serhed-.jpg",870,500,false],"portraits":["https:\/\/arantv.az\/wp-content\/uploads\/2023\/11\/serhed-.jpg",870,500,false],"thumbnail":["https:\/\/arantv.az\/wp-content\/uploads\/2023\/11\/serhed--500x280.jpg",500,280,true],"medium":["https:\/\/arantv.az\/wp-content\/uploads\/2023\/11\/serhed--635x365.jpg",635,365,true],"large":["https:\/\/arantv.az\/wp-content\/uploads\/2023\/11\/serhed--840x483.jpg",640,368,true],"1536x1536":["https:\/\/arantv.az\/wp-content\/uploads\/2023\/11\/serhed-.jpg",870,500,false],"2048x2048":["https:\/\/arantv.az\/wp-content\/uploads\/2023\/11\/serhed-.jpg",870,500,false],"post-thumbnail":["https:\/\/arantv.az\/wp-content\/uploads\/2023\/11\/serhed--240x172.jpg",240,172,true],"advps-thumb-one":["https:\/\/arantv.az\/wp-content\/uploads\/2023\/11\/serhed-.jpg",870,500,false]},"rttpg_author":{"display_name":"V\u00fcsal Rafiqo\u011flu","author_link":"https:\/\/arantv.az\/?author=2"},"rttpg_comment":0,"rttpg_category":"<a href=\"https:\/\/arantv.az\/?cat=4\" rel=\"category\">Siyas\u0259t<\/a>","rttpg_excerpt":"\u0130r\u0259van Bak\u0131n\u0131n dan\u0131\u015f\u0131qlar\u0131n ikit\u0259r\u0259fli \u0259sasda ba\u015flanmas\u0131 v\u0259 g\u00f6r\u00fc\u015f\u00fcn \u201cqar\u015f\u0131l\u0131ql\u0131 m\u0259qbul m\u0259kanda v\u0259 ya d\u00f6vl\u0259t s\u0259rh\u0259dind\u0259 ba\u015f tutmas\u0131\u201d t\u0259klifin\u0259 cavab verib. Cavabda qeyd olunur ki, \u201ciki \u00f6lk\u0259 aras\u0131nda s\u00fclh\u00fcn b\u0259rq\u0259rar olmas\u0131 \u00fc\u00e7\u00fcn real imkan var v\u0259 bu, h\u0259r iki t\u0259r\u0259fd\u0259n siyasi irad\u0259 olarsa, realla\u015fa bil\u0259r\u201d. V\u0259 \u201cbu irad\u0259nin n\u00fcmayi\u015fi\u201d kimi Az\u0259rbaycana t\u0259klif edirl\u0259r ki, d\u00f6vl\u0259t s\u0259rh\u0259dind\u0259&hellip;","_links":{"self":[{"href":"https:\/\/arantv.az\/index.php?rest_route=\/wp\/v2\/posts\/660082"}],"collection":[{"href":"https:\/\/arantv.az\/index.php?rest_route=\/wp\/v2\/posts"}],"about":[{"href":"https:\/\/arantv.az\/index.php?rest_route=\/wp\/v2\/types\/post"}],"author":[{"embeddable":true,"href":"https:\/\/arantv.az\/index.php?rest_route=\/wp\/v2\/users\/2"}],"replies":[{"embeddable":true,"href":"https:\/\/arantv.az\/index.php?rest_route=%2Fwp%2Fv2%2Fcomments&post=660082"}],"version-history":[{"count":0,"href":"https:\/\/arantv.az\/index.php?rest_route=\/wp\/v2\/posts\/660082\/revisions"}],"wp:featuredmedia":[{"embeddable":true,"href":"https:\/\/arantv.az\/index.php?rest_route=\/wp\/v2\/media\/660084"}],"wp:attachment":[{"href":"https:\/\/arantv.az\/index.php?rest_route=%2Fwp%2Fv2%2Fmedia&parent=660082"}],"wp:term":[{"taxonomy":"category","embeddable":true,"href":"https:\/\/arantv.az\/index.php?rest_route=%2Fwp%2Fv2%2Fcategories&post=660082"},{"taxonomy":"post_tag","embeddable":true,"href":"https:\/\/arantv.az\/index.php?rest_route=%2Fwp%2Fv2%2Ftags&post=660082"}],"curies":[{"name":"wp","href":"https:\/\/api.w.org\/{rel}","templated":true}]}}