{"id":660083,"date":"2023-11-22T16:29:54","date_gmt":"2023-11-22T12:29:54","guid":{"rendered":"https:\/\/arantv.az\/?p=660083"},"modified":"2023-11-22T16:29:54","modified_gmt":"2023-11-22T12:29:54","slug":"traceca-c%c9%99rciv%c9%99sind%c9%99-yukdasiyicilarina-vahid-icaz%c9%99-s%c9%99n%c9%99di-veril%c9%99c%c9%99k","status":"publish","type":"post","link":"https:\/\/arantv.az\/?p=660083","title":{"rendered":"TRACECA \u00e7\u0259r\u00e7iv\u0259sind\u0259 y\u00fckda\u015f\u0131y\u0131c\u0131lar\u0131na vahid icaz\u0259 s\u0259n\u0259di veril\u0259c\u0259k"},"content":{"rendered":"<p>\u201cAvropa-Qafqaz-Asiya beyn\u0259lxalq n\u0259qliyyat d\u0259hlizi (TRACECA) \u00e7\u0259r\u00e7iv\u0259sind\u0259 y\u00fckda\u015f\u0131y\u0131c\u0131lar\u0131na vahid icaz\u0259 s\u0259n\u0259di veril\u0259c\u0259k\u201d.<\/p>\n<p>Bunu\u00a0\u201cReport\u201da a\u00e7\u0131qlamas\u0131nda TRACECA-n\u0131n Ba\u015f katibi Asset Assavbayev bildirib.<\/p>\n<p>Onun s\u00f6zl\u0259rin\u0259 g\u00f6r\u0259, TRACECA proqram\u0131 \u00e7\u0259r\u00e7iv\u0259sind\u0259 \u00f6lk\u0259l\u0259r aras\u0131nda vahid tranzit icaz\u0259sinin t\u0259tbiqi il\u0259 ba\u011fl\u0131 sazi\u015f haz\u0131rlan\u0131b:<\/p>\n<p>\u201cBu sazi\u015f g\u0259l\u0259n ilin sonuna q\u0259d\u0259r icra edil\u0259 bil\u0259r. Bel\u0259 ki, g\u0259l\u0259n ilin \u0259vv\u0259lind\u0259 biz sazi\u015fi imzalamaq niyy\u0259tind\u0259yik. Bundan sonra s\u0259n\u0259d m\u00fcxt\u0259lif \u00f6lk\u0259l\u0259rd\u0259 ratifikasiya olunmal\u0131d\u0131r. Bu proses ilin sonuna q\u0259d\u0259r uzana bil\u0259r. Biz prosesi tezl\u0259\u015fdirm\u0259k ist\u0259yirik, \u00e7\u00fcnki \u00f6lk\u0259l\u0259r vahid tranzit icaz\u0259sinin t\u0259tbiqind\u0259 maraql\u0131d\u0131r. Haz\u0131rda Az\u0259rbaycan, Qazax\u0131stan v\u0259 Tacikistanla prosedur i\u015fl\u0259ri apar\u0131l\u0131r. T\u00fcrkiy\u0259 v\u0259 \u00d6zb\u0259kistan kimi \u00f6lk\u0259l\u0259r sazi\u015f\u0259 qo\u015fulmaqla ba\u011fl\u0131 m\u0259s\u0259l\u0259l\u0259ri n\u0259z\u0259rd\u0259n ke\u00e7irirl\u0259r\u201d.<\/p>\n<p>A.Assavbayev vur\u011fulay\u0131b ki, sazi\u015fin m\u0259qs\u0259di y\u00fckl\u0259rin TRACECA boyunca ke\u00e7idini asanla\u015fd\u0131rmaqd\u0131r:<\/p>\n<p>\u201cHaz\u0131rda n\u0259qliyyat vasit\u0259l\u0259ri \u00fc\u00e7\u00fcn \u0259n aktual problem h\u0259r bir \u00f6lk\u0259d\u0259 tranzit icaz\u0259sinin al\u0131nmas\u0131 z\u0259rur\u0259tidir. \u00d6lk\u0259l\u0259r tranzit da\u015f\u0131malar c\u0259lb etm\u0259y\u0259 \u00e7al\u0131\u015f\u0131rlar v\u0259 buna laz\u0131mi \u015f\u0259rait yarad\u0131rlar, amma s\u0259n\u0259dl\u0259\u015fm\u0259 il\u0259 ba\u011fl\u0131 prosesl\u0259r da\u015f\u0131y\u0131c\u0131lar\u0131 ruhdan sal\u0131r. M\u0259s\u0259l\u0259n, Tacikistan y\u00fckda\u015f\u0131y\u0131c\u0131s\u0131 y\u00fckl\u0259rini T\u00fcrkiy\u0259 g\u0259tirm\u0259k \u00fc\u00e7\u00fcn Qazax\u0131stan, \u00d6zb\u0259kistan, Az\u0259rbaycan v\u0259 G\u00fcrc\u00fcstandan tranzit icaz\u0259si almal\u0131d\u0131r. Buna g\u00f6r\u0259 d\u0259 biz bu sazi\u015fi q\u0259bul etm\u0259k, icra etm\u0259k ist\u0259yirik. M\u0259qs\u0259dimiz bu m\u0259s\u0259l\u0259ni optimalla\u015fd\u0131rmaqd\u0131r. Sazi\u015fin imzalanmas\u0131ndan sonra TRACECA \u00f6lk\u0259l\u0259rind\u0259n olan da\u015f\u0131y\u0131c\u0131lar bir tranzit s\u0259n\u0259di il\u0259 b\u00fct\u00fcn \u00fczv \u00f6lk\u0259l\u0259rd\u0259n y\u00fckl\u0259rini icaz\u0259 almadan da\u015f\u0131maq \u015fans\u0131n\u0131 \u0259ld\u0259 ed\u0259c\u0259kl\u0259r. Bu icaz\u0259 s\u0259n\u0259di elektron formada veril\u0259c\u0259k. Tranzit s\u0259n\u0259di icra edildikd\u0259n sonra d\u0259hlizd\u0259n ild\u0259 30 000 y\u00fck ma\u015f\u0131n\u0131 ke\u00e7\u0259 bil\u0259c\u0259k\u201d.<\/p>\n<p>Xat\u0131rladaq ki, TRACECA proqram\u0131 1993-c\u00fc ilin may ay\u0131nda Qafqaz v\u0259 M\u0259rk\u0259zi Asiya \u00f6lk\u0259l\u0259rinin (Az\u0259rbaycan, Erm\u0259nistan, G\u00fcrc\u00fcstan, \u00d6zb\u0259kistan, Qazax\u0131stan, Q\u0131r\u011f\u0131z\u0131stan, Tacikistan v\u0259 T\u00fcrkm\u0259nistan) ticar\u0259t v\u0259 n\u0259qliyyat nazirl\u0259rinin i\u015ftirak\u0131 il\u0259 Br\u00fcsseld\u0259 ke\u00e7irilmi\u015f konfransda ir\u0259li s\u00fcr\u00fcl\u00fcb. Konfrans i\u015ftirak\u00e7\u0131lar\u0131 TRACECA texniki yard\u0131m proqram\u0131n\u0131n icras\u0131n\u0131 n\u0259z\u0259rd\u0259 tutan Br\u00fcssel B\u0259yannam\u0259si q\u0259bul edib. 7-8 sentyabr 1998-ci il tarixl\u0259rind\u0259 Bak\u0131da 9 \u00f6lk\u0259nin &#8211; Az\u0259rbaycan, Bolqar\u0131stan, G\u00fcrc\u00fcstan, Q\u0131r\u011f\u0131z\u0131stan, Moldova, Rum\u0131niya, T\u00fcrkiy\u0259, \u00d6zb\u0259kistan v\u0259 Ukraynan\u0131n d\u00f6vl\u0259t ba\u015f\u00e7\u0131lar\u0131, 13 beyn\u0259lxalq t\u0259\u015fkilat v\u0259 32 d\u00f6vl\u0259td\u0259n n\u00fcmay\u0259nd\u0259 hey\u0259tinin i\u015ftirak etdiyi Tarixi \u0130p\u0259k Yolunun b\u0259rpas\u0131na h\u0259sr olunmu\u015f beyn\u0259lxalq konfrans ke\u00e7irilib v\u0259 TRACECA Proqram\u0131 \u0259sas\u0131nda \u201cAvropa &#8211;\u00a0Qafqaz &#8211;\u00a0Asiya d\u0259hlizinin inki\u015faf\u0131 \u00fczr\u0259 beyn\u0259lxalq n\u0259qliyyat haqq\u0131nda \u018fsas \u00c7oxt\u0259r\u0259fli Sazi\u015f\u201d imzalan\u0131b, Bak\u0131 B\u0259yannam\u0259si q\u0259bul edilib.<\/p>\n","protected":false},"excerpt":{"rendered":"<p>\u201cAvropa-Qafqaz-Asiya beyn\u0259lxalq n\u0259qliyyat d\u0259hlizi (TRACECA) \u00e7\u0259r\u00e7iv\u0259sind\u0259 y\u00fckda\u015f\u0131y\u0131c\u0131lar\u0131na vahid icaz\u0259 s\u0259n\u0259di veril\u0259c\u0259k\u201d. Bunu\u00a0\u201cReport\u201da a\u00e7\u0131qlamas\u0131nda TRACECA-n\u0131n Ba\u015f katibi Asset Assavbayev bildirib. Onun s\u00f6zl\u0259rin\u0259 g\u00f6r\u0259, TRACECA proqram\u0131 \u00e7\u0259r\u00e7iv\u0259sind\u0259 \u00f6lk\u0259l\u0259r aras\u0131nda vahid tranzit icaz\u0259sinin t\u0259tbiqi il\u0259 ba\u011fl\u0131 sazi\u015f haz\u0131rlan\u0131b: \u201cBu sazi\u015f g\u0259l\u0259n ilin sonuna q\u0259d\u0259r icra edil\u0259 bil\u0259r. Bel\u0259 ki, g\u0259l\u0259n ilin \u0259vv\u0259lind\u0259 biz sazi\u015fi imzalamaq niyy\u0259tind\u0259yik. Bundan sonra s\u0259n\u0259d m\u00fcxt\u0259lif \u00f6lk\u0259l\u0259rd\u0259 ratifikasiya olunmal\u0131d\u0131r. Bu proses ilin sonuna q\u0259d\u0259r uzana bil\u0259r. Biz prosesi tezl\u0259\u015fdirm\u0259k ist\u0259yirik, \u00e7\u00fcnki \u00f6lk\u0259l\u0259r vahid tranzit icaz\u0259sinin t\u0259tbiqind\u0259 maraql\u0131d\u0131r. Haz\u0131rda Az\u0259rbaycan, Qazax\u0131stan v\u0259 Tacikistanla prosedur i\u015fl\u0259ri apar\u0131l\u0131r. T\u00fcrkiy\u0259 v\u0259 \u00d6zb\u0259kistan kimi&hellip;<\/p>\n","protected":false},"author":2,"featured_media":660087,"comment_status":"closed","ping_status":"closed","sticky":false,"template":"","format":"standard","meta":{"om_disable_all_campaigns":false,"_monsterinsights_skip_tracking":false,"_monsterinsights_sitenote_active":false,"_monsterinsights_sitenote_note":"","_monsterinsights_sitenote_category":0},"categories":[19],"tags":[],"aioseo_notices":[],"gutentor_comment":0,"rttpg_featured_image_url":{"full":["https:\/\/arantv.az\/wp-content\/uploads\/2023\/11\/FotoJet-2023-11-22T151337.300.jpg",620,413,false],"landscape":["https:\/\/arantv.az\/wp-content\/uploads\/2023\/11\/FotoJet-2023-11-22T151337.300.jpg",620,413,false],"portraits":["https:\/\/arantv.az\/wp-content\/uploads\/2023\/11\/FotoJet-2023-11-22T151337.300.jpg",620,413,false],"thumbnail":["https:\/\/arantv.az\/wp-content\/uploads\/2023\/11\/FotoJet-2023-11-22T151337.300-500x280.jpg",500,280,true],"medium":["https:\/\/arantv.az\/wp-content\/uploads\/2023\/11\/FotoJet-2023-11-22T151337.300-548x365.jpg",548,365,true],"large":["https:\/\/arantv.az\/wp-content\/uploads\/2023\/11\/FotoJet-2023-11-22T151337.300.jpg",620,413,false],"1536x1536":["https:\/\/arantv.az\/wp-content\/uploads\/2023\/11\/FotoJet-2023-11-22T151337.300.jpg",620,413,false],"2048x2048":["https:\/\/arantv.az\/wp-content\/uploads\/2023\/11\/FotoJet-2023-11-22T151337.300.jpg",620,413,false],"post-thumbnail":["https:\/\/arantv.az\/wp-content\/uploads\/2023\/11\/FotoJet-2023-11-22T151337.300-240x172.jpg",240,172,true],"advps-thumb-one":["https:\/\/arantv.az\/wp-content\/uploads\/2023\/11\/FotoJet-2023-11-22T151337.300.jpg",620,413,false]},"rttpg_author":{"display_name":"V\u00fcsal Rafiqo\u011flu","author_link":"https:\/\/arantv.az\/?author=2"},"rttpg_comment":0,"rttpg_category":"<a href=\"https:\/\/arantv.az\/?cat=19\" rel=\"category\">G\u00fcnd\u0259m<\/a>","rttpg_excerpt":"\u201cAvropa-Qafqaz-Asiya beyn\u0259lxalq n\u0259qliyyat d\u0259hlizi (TRACECA) \u00e7\u0259r\u00e7iv\u0259sind\u0259 y\u00fckda\u015f\u0131y\u0131c\u0131lar\u0131na vahid icaz\u0259 s\u0259n\u0259di veril\u0259c\u0259k\u201d. Bunu\u00a0\u201cReport\u201da a\u00e7\u0131qlamas\u0131nda TRACECA-n\u0131n Ba\u015f katibi Asset Assavbayev bildirib. Onun s\u00f6zl\u0259rin\u0259 g\u00f6r\u0259, TRACECA proqram\u0131 \u00e7\u0259r\u00e7iv\u0259sind\u0259 \u00f6lk\u0259l\u0259r aras\u0131nda vahid tranzit icaz\u0259sinin t\u0259tbiqi il\u0259 ba\u011fl\u0131 sazi\u015f haz\u0131rlan\u0131b: \u201cBu sazi\u015f g\u0259l\u0259n ilin sonuna q\u0259d\u0259r icra edil\u0259 bil\u0259r. Bel\u0259 ki, g\u0259l\u0259n ilin \u0259vv\u0259lind\u0259 biz sazi\u015fi imzalamaq niyy\u0259tind\u0259yik. Bundan sonra&hellip;","_links":{"self":[{"href":"https:\/\/arantv.az\/index.php?rest_route=\/wp\/v2\/posts\/660083"}],"collection":[{"href":"https:\/\/arantv.az\/index.php?rest_route=\/wp\/v2\/posts"}],"about":[{"href":"https:\/\/arantv.az\/index.php?rest_route=\/wp\/v2\/types\/post"}],"author":[{"embeddable":true,"href":"https:\/\/arantv.az\/index.php?rest_route=\/wp\/v2\/users\/2"}],"replies":[{"embeddable":true,"href":"https:\/\/arantv.az\/index.php?rest_route=%2Fwp%2Fv2%2Fcomments&post=660083"}],"version-history":[{"count":0,"href":"https:\/\/arantv.az\/index.php?rest_route=\/wp\/v2\/posts\/660083\/revisions"}],"wp:featuredmedia":[{"embeddable":true,"href":"https:\/\/arantv.az\/index.php?rest_route=\/wp\/v2\/media\/660087"}],"wp:attachment":[{"href":"https:\/\/arantv.az\/index.php?rest_route=%2Fwp%2Fv2%2Fmedia&parent=660083"}],"wp:term":[{"taxonomy":"category","embeddable":true,"href":"https:\/\/arantv.az\/index.php?rest_route=%2Fwp%2Fv2%2Fcategories&post=660083"},{"taxonomy":"post_tag","embeddable":true,"href":"https:\/\/arantv.az\/index.php?rest_route=%2Fwp%2Fv2%2Ftags&post=660083"}],"curies":[{"name":"wp","href":"https:\/\/api.w.org\/{rel}","templated":true}]}}