{"id":660086,"date":"2023-11-22T16:30:28","date_gmt":"2023-11-22T12:30:28","guid":{"rendered":"https:\/\/arantv.az\/?p=660086"},"modified":"2023-11-22T16:30:28","modified_gmt":"2023-11-22T12:30:28","slug":"turkiy%c9%99nin-m%c9%99shur-televiziya-proqrami-geri-donur-mehmet-ali-erbilin-yerin%c9%99-aparici-kim-olacaq-foto","status":"publish","type":"post","link":"https:\/\/arantv.az\/?p=660086","title":{"rendered":"T\u00fcrkiy\u0259nin m\u0259\u015fhur televiziya proqram\u0131 geri d\u00f6n\u00fcr: Mehmet Ali Erbilin yerin\u0259 apar\u0131c\u0131 kim olacaq? &#8211; FOTO"},"content":{"rendered":"<p>Bir d\u00f6vr\u0259 dam\u011fas\u0131n\u0131 vuran T\u00fcrkiy\u0259nin m\u0259\u015fhur televiziya proqram\u0131 \u201c\u00c7ark\u0131felek\u201d uzun m\u00fcdd\u0259td\u0259n sonra yenid\u0259n ekranlara qay\u0131d\u0131r.<\/p>\n<p>\u015eoumen Mehmet Ali Erbilin t\u0259qdimat\u0131 il\u0259 yadda\u015flara h\u0259kk olunan proqram\u0131n yeni apar\u0131c\u0131s\u0131n\u0131n ad\u0131 m\u0259lum olub.<\/p>\n<p>\u0130lk d\u0259f\u0259 1975-ci il yanvar\u0131n 6-da yay\u0131mlanma\u011fa ba\u015flayan v\u0259 ilk apar\u0131c\u0131s\u0131 G\u00fcner \u00dcmit olan, \u0259n son is\u0259 Mehmet Ali Erbilin apar\u0131c\u0131s\u0131 oldu\u011fu proqram TV8 kanal\u0131nda ekranlara \u00e7\u0131xacaq, yeni apar\u0131c\u0131s\u0131 is\u0259 tan\u0131nm\u0131\u015f t\u00fcrkiy\u0259li aktyor Cem Davran olacaq.<\/p>\n<p>Cem Davran \u201cA\u015fk\u0131n tarifi\u201d, \u201cKarde\u015f \u00e7ocuklar\u0131\u201d, \u201cRuhsar\u201d, Babam s\u0131n\u0131fta kald\u0131\u201d, \u201cYedikule\u201d, \u201cHayat yoku\u015fu\u201d, \u201cBizim okul\u201d, \u201c\u0130zmir \u00e7etesi\u201d, \u201cA\u015fk meydan sava\u015f\u0131\u201d, \u201c\u015ea\u015f\u0131felek \u00e7\u0131kmaz\u0131\u201d, \u201cVay anam, vay\u201d, \u201cTatl\u0131 Bet\u00fc\u015f\u201d, \u201cFesupanallah\u201d, \u201cDeli-dolu\u201d, \u201c\u0130lk g\u00f6z a\u011fr\u0131s\u0131\u201d, \u201c\u00c7ocu\u011fun var, derdin var\u201d, \u201cYuvam y\u0131k\u0131lmas\u0131n\u201d, \u201cPatron kim\u201d, \u201cBana abi de\u201d kimi serial v\u0259 filml\u0259rd\u0259 rol al\u0131b.<\/p>\n<p>&nbsp;<\/p>\n<div class=\"gallery\">\n<div class=\"gallery-i\"><img src=\"https:\/\/cdn.oxu.az\/uploads\/W1siZiIsIjIwMjMvMTEvMjIvMTMvMzQvNDIvNjJhYjUzMmYtYmY2ZC00NDNjLTk1OTItNWUwZWQ4ODFhMzBjLzQwMTEzMDkzNl83NTIyMjYxMTMzOTc0MjhfNDAzMTgyNzc4NTA1NzE4MzA2M19uLnBuZyJdLFsicCIsImVuY29kZSIsImpwZyIsIi1xdWFsaXR5IDgwIl0sWyJwIiwidGh1bWIiLCI1OTB4NTkwXHUwMDNlIl1d?sha=6827259ddc1fbe4d\" alt=\"\" \/><\/p>\n<div class=\"gallery-i-caption\"><\/div>\n<\/div>\n<div class=\"gallery-i\"><img src=\"https:\/\/cdn.oxu.az\/uploads\/W1siZiIsIjIwMjMvMTEvMjIvMTMvMzQvNDIvZDEzZmU0NmMtOTBkNi00OTA2LWEzNGYtODMxNzk3YzdkZDNhLzM3MDE5OTY2OF8yMTQ0OTc1MTE2MDAzMDFfMzI1MTc1ODEwMjgxNDMxNjIyNV9uLnBuZyJdLFsicCIsImVuY29kZSIsImpwZyIsIi1xdWFsaXR5IDgwIl0sWyJwIiwidGh1bWIiLCI1OTB4NTkwXHUwMDNlIl1d?sha=c6436f6a87b060db\" alt=\"\" \/><\/p>\n<div class=\"gallery-i-caption\"><\/div>\n<\/div>\n<\/div>\n<p>M\u0259nb\u0259: Haber Global<\/p>\n","protected":false},"excerpt":{"rendered":"<p>Bir d\u00f6vr\u0259 dam\u011fas\u0131n\u0131 vuran T\u00fcrkiy\u0259nin m\u0259\u015fhur televiziya proqram\u0131 \u201c\u00c7ark\u0131felek\u201d uzun m\u00fcdd\u0259td\u0259n sonra yenid\u0259n ekranlara qay\u0131d\u0131r. \u015eoumen Mehmet Ali Erbilin t\u0259qdimat\u0131 il\u0259 yadda\u015flara h\u0259kk olunan proqram\u0131n yeni apar\u0131c\u0131s\u0131n\u0131n ad\u0131 m\u0259lum olub. \u0130lk d\u0259f\u0259 1975-ci il yanvar\u0131n 6-da yay\u0131mlanma\u011fa ba\u015flayan v\u0259 ilk apar\u0131c\u0131s\u0131 G\u00fcner \u00dcmit olan, \u0259n son is\u0259 Mehmet Ali Erbilin apar\u0131c\u0131s\u0131 oldu\u011fu proqram TV8 kanal\u0131nda ekranlara \u00e7\u0131xacaq, yeni apar\u0131c\u0131s\u0131 is\u0259 tan\u0131nm\u0131\u015f t\u00fcrkiy\u0259li aktyor Cem Davran olacaq. Cem Davran \u201cA\u015fk\u0131n tarifi\u201d, \u201cKarde\u015f \u00e7ocuklar\u0131\u201d, \u201cRuhsar\u201d, Babam s\u0131n\u0131fta kald\u0131\u201d, \u201cYedikule\u201d, \u201cHayat yoku\u015fu\u201d, \u201cBizim okul\u201d, \u201c\u0130zmir \u00e7etesi\u201d, \u201cA\u015fk meydan sava\u015f\u0131\u201d, \u201c\u015ea\u015f\u0131felek \u00e7\u0131kmaz\u0131\u201d, \u201cVay anam,&hellip;<\/p>\n","protected":false},"author":2,"featured_media":660090,"comment_status":"closed","ping_status":"closed","sticky":false,"template":"","format":"standard","meta":{"om_disable_all_campaigns":false,"_monsterinsights_skip_tracking":false,"_monsterinsights_sitenote_active":false,"_monsterinsights_sitenote_note":"","_monsterinsights_sitenote_category":0},"categories":[20],"tags":[],"aioseo_notices":[],"gutentor_comment":0,"rttpg_featured_image_url":{"full":["https:\/\/arantv.az\/wp-content\/uploads\/2023\/11\/FotoJet-2023-11-22T133329.224.jpg",620,413,false],"landscape":["https:\/\/arantv.az\/wp-content\/uploads\/2023\/11\/FotoJet-2023-11-22T133329.224.jpg",620,413,false],"portraits":["https:\/\/arantv.az\/wp-content\/uploads\/2023\/11\/FotoJet-2023-11-22T133329.224.jpg",620,413,false],"thumbnail":["https:\/\/arantv.az\/wp-content\/uploads\/2023\/11\/FotoJet-2023-11-22T133329.224-500x280.jpg",500,280,true],"medium":["https:\/\/arantv.az\/wp-content\/uploads\/2023\/11\/FotoJet-2023-11-22T133329.224-548x365.jpg",548,365,true],"large":["https:\/\/arantv.az\/wp-content\/uploads\/2023\/11\/FotoJet-2023-11-22T133329.224.jpg",620,413,false],"1536x1536":["https:\/\/arantv.az\/wp-content\/uploads\/2023\/11\/FotoJet-2023-11-22T133329.224.jpg",620,413,false],"2048x2048":["https:\/\/arantv.az\/wp-content\/uploads\/2023\/11\/FotoJet-2023-11-22T133329.224.jpg",620,413,false],"post-thumbnail":["https:\/\/arantv.az\/wp-content\/uploads\/2023\/11\/FotoJet-2023-11-22T133329.224-240x172.jpg",240,172,true],"advps-thumb-one":["https:\/\/arantv.az\/wp-content\/uploads\/2023\/11\/FotoJet-2023-11-22T133329.224.jpg",620,413,false]},"rttpg_author":{"display_name":"V\u00fcsal Rafiqo\u011flu","author_link":"https:\/\/arantv.az\/?author=2"},"rttpg_comment":0,"rttpg_category":"<a href=\"https:\/\/arantv.az\/?cat=20\" rel=\"category\">\u015eou biznes<\/a>","rttpg_excerpt":"Bir d\u00f6vr\u0259 dam\u011fas\u0131n\u0131 vuran T\u00fcrkiy\u0259nin m\u0259\u015fhur televiziya proqram\u0131 \u201c\u00c7ark\u0131felek\u201d uzun m\u00fcdd\u0259td\u0259n sonra yenid\u0259n ekranlara qay\u0131d\u0131r. \u015eoumen Mehmet Ali Erbilin t\u0259qdimat\u0131 il\u0259 yadda\u015flara h\u0259kk olunan proqram\u0131n yeni apar\u0131c\u0131s\u0131n\u0131n ad\u0131 m\u0259lum olub. \u0130lk d\u0259f\u0259 1975-ci il yanvar\u0131n 6-da yay\u0131mlanma\u011fa ba\u015flayan v\u0259 ilk apar\u0131c\u0131s\u0131 G\u00fcner \u00dcmit olan, \u0259n son is\u0259 Mehmet Ali Erbilin apar\u0131c\u0131s\u0131 oldu\u011fu proqram TV8 kanal\u0131nda&hellip;","_links":{"self":[{"href":"https:\/\/arantv.az\/index.php?rest_route=\/wp\/v2\/posts\/660086"}],"collection":[{"href":"https:\/\/arantv.az\/index.php?rest_route=\/wp\/v2\/posts"}],"about":[{"href":"https:\/\/arantv.az\/index.php?rest_route=\/wp\/v2\/types\/post"}],"author":[{"embeddable":true,"href":"https:\/\/arantv.az\/index.php?rest_route=\/wp\/v2\/users\/2"}],"replies":[{"embeddable":true,"href":"https:\/\/arantv.az\/index.php?rest_route=%2Fwp%2Fv2%2Fcomments&post=660086"}],"version-history":[{"count":0,"href":"https:\/\/arantv.az\/index.php?rest_route=\/wp\/v2\/posts\/660086\/revisions"}],"wp:featuredmedia":[{"embeddable":true,"href":"https:\/\/arantv.az\/index.php?rest_route=\/wp\/v2\/media\/660090"}],"wp:attachment":[{"href":"https:\/\/arantv.az\/index.php?rest_route=%2Fwp%2Fv2%2Fmedia&parent=660086"}],"wp:term":[{"taxonomy":"category","embeddable":true,"href":"https:\/\/arantv.az\/index.php?rest_route=%2Fwp%2Fv2%2Fcategories&post=660086"},{"taxonomy":"post_tag","embeddable":true,"href":"https:\/\/arantv.az\/index.php?rest_route=%2Fwp%2Fv2%2Ftags&post=660086"}],"curies":[{"name":"wp","href":"https:\/\/api.w.org\/{rel}","templated":true}]}}