{"id":660089,"date":"2023-11-22T16:35:18","date_gmt":"2023-11-22T12:35:18","guid":{"rendered":"https:\/\/arantv.az\/?p=660089"},"modified":"2023-11-22T16:35:18","modified_gmt":"2023-11-22T12:35:18","slug":"fransanin-bir-regionundan-az%c9%99rbaycana-g%c9%99tiril%c9%99n-heyvan-m%c9%99hsullarina-m%c9%99hdudiyy%c9%99t-qoyulub","status":"publish","type":"post","link":"https:\/\/arantv.az\/?p=660089","title":{"rendered":"Fransan\u0131n bir regionundan Az\u0259rbaycana g\u0259tiril\u0259n heyvan m\u0259hsullar\u0131na m\u0259hdudiyy\u0259t qoyulub"},"content":{"rendered":"<p>Az\u0259rbaycan Qida T\u0259hl\u00fck\u0259sizliyi Agentliyi (AQTA) ba\u015fqa \u00f6lk\u0259l\u0259rd\u0259n Az\u0259rbaycan \u0259razisin\u0259 ke\u00e7\u0259 bil\u0259c\u0259k yoluxucu heyvan x\u0259st\u0259likl\u0259rind\u0259n qorunmaq m\u0259qs\u0259dil\u0259 \u00dcmumd\u00fcnya Heyvan Sa\u011flaml\u0131\u011f\u0131 T\u0259\u015fkilat\u0131ndan (WOAH) daxil olan m\u0259lumatlar \u0259sas\u0131nda d\u00fcnyadak\u0131 epizootik v\u0259ziyy\u0259t\u0259 uy\u011fun Avropan\u0131n b\u0259zi regionlar\u0131ndan g\u0259tiril\u0259n heyvan m\u0259hsullar\u0131na m\u0259hdudiyy\u0259tl\u0259r qoyub.<\/p>\n<p>Bu bar\u0259d\u0259 Qida T\u0259hl\u00fck\u0259sizliyi Agentliyi m\u0259lumat yay\u0131b.<\/p>\n<p>Bildirilib ki, \u00dcmumd\u00fcnya Heyvan Sa\u011flaml\u0131\u011f\u0131 T\u0259\u015fkilat\u0131n\u0131n r\u0259smi m\u0259lumatlar\u0131na \u0259sas\u0259n, Fransa Respublikas\u0131n\u0131n Pey de la Luar regionunda epizootik homorraji, Xorvatiya Respublikas\u0131n\u0131n Brodsko-Posavska inzibati \u0259razi vahidind\u0259 is\u0259 y\u00fcks\u0259k patogen qu\u015f qripi x\u0259st\u0259liyi qeyd\u0259 al\u0131n\u0131b.<\/p>\n<p>Respublika \u0259razisinin qeyd olunan yoluxucu x\u0259st\u0259likl\u0259rd\u0259n qorunmas\u0131 \u00fc\u00e7\u00fcn Fransa Respublikas\u0131n\u0131n Pey\u00a0de la Luar regionundan b\u00fct\u00fcn n\u00f6v diri g\u00f6v\u015f\u0259y\u0259n heyvanlar\u0131n, h\u0259m\u00e7inin onlara aid genetik materiallar\u0131n, Xorvatiya Respublikas\u0131n\u0131n Brodsko-Posavska inzibati \u0259razi vahidind\u0259, zonala\u015fma prinsipi n\u0259z\u0259r\u0259 al\u0131nmaqla, x\u0259st\u0259lik ba\u015f vermi\u015f t\u0259s\u0259rr\u00fcfat\u0131n 10 km radiusda olan m\u0259saf\u0259d\u0259 yerl\u0259\u015f\u0259n m\u00fc\u0259ssis\u0259l\u0259rd\u0259n diri qu\u015f v\u0259 inkubasiya yumurtalar\u0131n\u0131n, qu\u015f \u0259tinin, t\u0259rkibind\u0259 qu\u015f emal\u0131 m\u0259hsullar\u0131 olan qu\u015f \u0259tind\u0259n v\u0259 b\u00fct\u00fcn n\u00f6v qu\u015f\u00e7uluq m\u0259hsulundan al\u0131nan haz\u0131r \u0259t m\u0259hsullar\u0131n\u0131n (qu\u015f qripi viruslar\u0131n\u0131n m\u0259hv edilm\u0259sini t\u0259min ed\u0259n termik emala m\u0259ruz qalan mallar istisna olmaqla), qu\u015f yeml\u0259ri v\u0259 qu\u015f \u00fc\u00e7\u00fcn yem \u0259lav\u0259l\u0259rinin (bitki m\u0259n\u015f\u0259li, kimy\u0259vi v\u0259 mikrobioloji sintez yolu il\u0259 al\u0131nm\u0131\u015f yeml\u0259r v\u0259 yem \u0259lav\u0259l\u0259ri istisna olmaqla), qu\u015flar\u0131n saxlanmas\u0131, k\u0259silm\u0259si v\u0259 emal\u0131 \u00fc\u00e7\u00fcn istifad\u0259 olunmu\u015f avadanl\u0131qlar\u0131n idxal\u0131na WOAH-nin \u201cQuruda ya\u015fayan heyvanlar\u0131n sa\u011flaml\u0131q M\u0259c\u0259ll\u0259si\u201dn\u0259 uy\u011fun olaraq m\u00fcv\u0259qq\u0259ti m\u0259hdudiyy\u0259t t\u0259tbiq olunub.<\/p>\n<p>Eyni zamanda n\u0259zar\u0259t t\u0259dbirl\u0259rinin g\u00fccl\u0259ndirilm\u0259si m\u0259qs\u0259dil\u0259 qeyd olunan inzibati \u0259razi vahidl\u0259rind\u0259n g\u0259l\u0259n, yaxud tranzitl\u0259 ke\u00e7ib respublikam\u0131za daxil olan n\u0259qliyyat vasit\u0259l\u0259ri il\u0259 ba\u011fl\u0131 m\u00fcvafiq t\u0259dbirl\u0259rin g\u00f6r\u00fclm\u0259si \u00fc\u00e7\u00fcn Az\u0259rbaycan Respublikas\u0131n\u0131n D\u00f6vl\u0259t G\u00f6mr\u00fck Komit\u0259sin\u0259 m\u00fcraci\u0259t olunub.<\/p>\n","protected":false},"excerpt":{"rendered":"<p>Az\u0259rbaycan Qida T\u0259hl\u00fck\u0259sizliyi Agentliyi (AQTA) ba\u015fqa \u00f6lk\u0259l\u0259rd\u0259n Az\u0259rbaycan \u0259razisin\u0259 ke\u00e7\u0259 bil\u0259c\u0259k yoluxucu heyvan x\u0259st\u0259likl\u0259rind\u0259n qorunmaq m\u0259qs\u0259dil\u0259 \u00dcmumd\u00fcnya Heyvan Sa\u011flaml\u0131\u011f\u0131 T\u0259\u015fkilat\u0131ndan (WOAH) daxil olan m\u0259lumatlar \u0259sas\u0131nda d\u00fcnyadak\u0131 epizootik v\u0259ziyy\u0259t\u0259 uy\u011fun Avropan\u0131n b\u0259zi regionlar\u0131ndan g\u0259tiril\u0259n heyvan m\u0259hsullar\u0131na m\u0259hdudiyy\u0259tl\u0259r qoyub. Bu bar\u0259d\u0259 Qida T\u0259hl\u00fck\u0259sizliyi Agentliyi m\u0259lumat yay\u0131b. Bildirilib ki, \u00dcmumd\u00fcnya Heyvan Sa\u011flaml\u0131\u011f\u0131 T\u0259\u015fkilat\u0131n\u0131n r\u0259smi m\u0259lumatlar\u0131na \u0259sas\u0259n, Fransa Respublikas\u0131n\u0131n Pey de la Luar regionunda epizootik homorraji, Xorvatiya Respublikas\u0131n\u0131n Brodsko-Posavska inzibati \u0259razi vahidind\u0259 is\u0259 y\u00fcks\u0259k patogen qu\u015f qripi x\u0259st\u0259liyi qeyd\u0259 al\u0131n\u0131b. Respublika \u0259razisinin qeyd olunan yoluxucu x\u0259st\u0259likl\u0259rd\u0259n qorunmas\u0131 \u00fc\u00e7\u00fcn Fransa Respublikas\u0131n\u0131n Pey\u00a0de la Luar regionundan&hellip;<\/p>\n","protected":false},"author":2,"featured_media":660096,"comment_status":"closed","ping_status":"closed","sticky":false,"template":"","format":"standard","meta":{"om_disable_all_campaigns":false,"_monsterinsights_skip_tracking":false,"_monsterinsights_sitenote_active":false,"_monsterinsights_sitenote_note":"","_monsterinsights_sitenote_category":0},"categories":[1],"tags":[],"aioseo_notices":[],"gutentor_comment":0,"rttpg_featured_image_url":{"full":["https:\/\/arantv.az\/wp-content\/uploads\/2023\/11\/b37060a1-60ec-3b47-a314-0abef3906d50_850-2.jpg",620,413,false],"landscape":["https:\/\/arantv.az\/wp-content\/uploads\/2023\/11\/b37060a1-60ec-3b47-a314-0abef3906d50_850-2.jpg",620,413,false],"portraits":["https:\/\/arantv.az\/wp-content\/uploads\/2023\/11\/b37060a1-60ec-3b47-a314-0abef3906d50_850-2.jpg",620,413,false],"thumbnail":["https:\/\/arantv.az\/wp-content\/uploads\/2023\/11\/b37060a1-60ec-3b47-a314-0abef3906d50_850-2-500x280.jpg",500,280,true],"medium":["https:\/\/arantv.az\/wp-content\/uploads\/2023\/11\/b37060a1-60ec-3b47-a314-0abef3906d50_850-2-548x365.jpg",548,365,true],"large":["https:\/\/arantv.az\/wp-content\/uploads\/2023\/11\/b37060a1-60ec-3b47-a314-0abef3906d50_850-2.jpg",620,413,false],"1536x1536":["https:\/\/arantv.az\/wp-content\/uploads\/2023\/11\/b37060a1-60ec-3b47-a314-0abef3906d50_850-2.jpg",620,413,false],"2048x2048":["https:\/\/arantv.az\/wp-content\/uploads\/2023\/11\/b37060a1-60ec-3b47-a314-0abef3906d50_850-2.jpg",620,413,false],"post-thumbnail":["https:\/\/arantv.az\/wp-content\/uploads\/2023\/11\/b37060a1-60ec-3b47-a314-0abef3906d50_850-2-240x172.jpg",240,172,true],"advps-thumb-one":["https:\/\/arantv.az\/wp-content\/uploads\/2023\/11\/b37060a1-60ec-3b47-a314-0abef3906d50_850-2.jpg",620,413,false]},"rttpg_author":{"display_name":"V\u00fcsal Rafiqo\u011flu","author_link":"https:\/\/arantv.az\/?author=2"},"rttpg_comment":0,"rttpg_category":"<a href=\"https:\/\/arantv.az\/?cat=1\" rel=\"category\">C\u0259miyy\u0259t<\/a>","rttpg_excerpt":"Az\u0259rbaycan Qida T\u0259hl\u00fck\u0259sizliyi Agentliyi (AQTA) ba\u015fqa \u00f6lk\u0259l\u0259rd\u0259n Az\u0259rbaycan \u0259razisin\u0259 ke\u00e7\u0259 bil\u0259c\u0259k yoluxucu heyvan x\u0259st\u0259likl\u0259rind\u0259n qorunmaq m\u0259qs\u0259dil\u0259 \u00dcmumd\u00fcnya Heyvan Sa\u011flaml\u0131\u011f\u0131 T\u0259\u015fkilat\u0131ndan (WOAH) daxil olan m\u0259lumatlar \u0259sas\u0131nda d\u00fcnyadak\u0131 epizootik v\u0259ziyy\u0259t\u0259 uy\u011fun Avropan\u0131n b\u0259zi regionlar\u0131ndan g\u0259tiril\u0259n heyvan m\u0259hsullar\u0131na m\u0259hdudiyy\u0259tl\u0259r qoyub. Bu bar\u0259d\u0259 Qida T\u0259hl\u00fck\u0259sizliyi Agentliyi m\u0259lumat yay\u0131b. Bildirilib ki, \u00dcmumd\u00fcnya Heyvan Sa\u011flaml\u0131\u011f\u0131 T\u0259\u015fkilat\u0131n\u0131n r\u0259smi m\u0259lumatlar\u0131na \u0259sas\u0259n, Fransa Respublikas\u0131n\u0131n&hellip;","_links":{"self":[{"href":"https:\/\/arantv.az\/index.php?rest_route=\/wp\/v2\/posts\/660089"}],"collection":[{"href":"https:\/\/arantv.az\/index.php?rest_route=\/wp\/v2\/posts"}],"about":[{"href":"https:\/\/arantv.az\/index.php?rest_route=\/wp\/v2\/types\/post"}],"author":[{"embeddable":true,"href":"https:\/\/arantv.az\/index.php?rest_route=\/wp\/v2\/users\/2"}],"replies":[{"embeddable":true,"href":"https:\/\/arantv.az\/index.php?rest_route=%2Fwp%2Fv2%2Fcomments&post=660089"}],"version-history":[{"count":0,"href":"https:\/\/arantv.az\/index.php?rest_route=\/wp\/v2\/posts\/660089\/revisions"}],"wp:featuredmedia":[{"embeddable":true,"href":"https:\/\/arantv.az\/index.php?rest_route=\/wp\/v2\/media\/660096"}],"wp:attachment":[{"href":"https:\/\/arantv.az\/index.php?rest_route=%2Fwp%2Fv2%2Fmedia&parent=660089"}],"wp:term":[{"taxonomy":"category","embeddable":true,"href":"https:\/\/arantv.az\/index.php?rest_route=%2Fwp%2Fv2%2Fcategories&post=660089"},{"taxonomy":"post_tag","embeddable":true,"href":"https:\/\/arantv.az\/index.php?rest_route=%2Fwp%2Fv2%2Ftags&post=660089"}],"curies":[{"name":"wp","href":"https:\/\/api.w.org\/{rel}","templated":true}]}}