{"id":660100,"date":"2023-11-22T16:42:04","date_gmt":"2023-11-22T12:42:04","guid":{"rendered":"https:\/\/arantv.az\/?p=660100"},"modified":"2023-11-22T16:42:04","modified_gmt":"2023-11-22T12:42:04","slug":"bu-il-az%c9%99rbaycanda-qis-s%c9%99rt-kec%c9%99c%c9%99k-bakiya-qar-yagacaqmi","status":"publish","type":"post","link":"https:\/\/arantv.az\/?p=660100","title":{"rendered":"Bu il Az\u0259rbaycanda q\u0131\u015f s\u0259rt ke\u00e7\u0259c\u0259k: Bak\u0131ya qar ya\u011facaqm\u0131?"},"content":{"rendered":"<p>Son g\u00fcnl\u0259r Az\u0259rbaycanda q\u0131\u015f\u0131n s\u0259rt ke\u00e7\u0259c\u0259yi il\u0259 ba\u011fl\u0131 r\u0259smi qurumlar t\u0259r\u0259find\u0259n iclaslar ke\u00e7irilir, qar t\u0259mizl\u0259y\u0259n texnikalar haz\u0131r v\u0259ziyy\u0259t\u0259 g\u0259tirilir.<\/p>\n<p>Lakin bir m\u0259s\u0259l\u0259 var ki, haz\u0131rda sonuncu pay\u0131z ay\u0131 olmas\u0131na baxmayaraq, temperatur m\u00f6vs\u00fcm normalar\u0131n\u0131n \u00fcz\u0259rind\u0259dir. Bu zaman a\u011f\u0131llara bir sual g\u0259lir. Bu il Az\u0259rbaycanda q\u0131\u015f \u00e7ox s\u0259rt ke\u00e7\u0259c\u0259k? Yoxsa qurumlar \u00f6t\u0259n il ya\u011fan qara g\u00f6r\u0259 iflic v\u0259ziyy\u0259t\u0259 d\u00fc\u015f\u0259n yollardan sonra bu il \u00fc\u00e7\u00fcn \u00f6nc\u0259d\u0259n daha yax\u015f\u0131 haz\u0131rla\u015f\u0131r?<\/p>\n<p>Baku.ws x\u0259b\u0259r verir ki, \u00f6lk\u0259miz\u0259 soyuq hava k\u00fctl\u0259l\u0259ri eyni zamanda h\u0259m \u015f\u0259rqd\u0259n, h\u0259m d\u0259 q\u0259rbd\u0259n m\u00fcdaxil\u0259 edir. Bu zaman respublikan\u0131n b\u00fct\u00fcn rayonlar\u0131nda bol ya\u011f\u0131nt\u0131lar d\u00fc\u015f\u00fcr, da\u011f \u00e7aylar\u0131nda selyaranma ehtimal\u0131 \u00e7oxal\u0131r, el\u0259c\u0259 d\u0259 qar ya\u011f\u0131r.<\/p>\n<p>Bel\u0259 \u00e7\u0131x\u0131r ki, qon\u015fu \u00f6lk\u0259l\u0259rd\u0259, T\u00fcrkiy\u0259d\u0259 v\u0259 Rusiyan\u0131n Avropa hiss\u0259sind\u0259 m\u00fc\u015fahid\u0259 edil\u0259c\u0259k hava eyni zamanda Az\u0259rbaycandak\u0131 q\u0131\u015f\u0131n siqnallar\u0131n\u0131 verir.<\/p>\n<p>Bu il d\u00fcnya, el\u0259c\u0259 d\u0259 T\u00fcrkiy\u0259 \u201cEl Nino\u201d hava ax\u0131n\u0131n\u0131n t\u0259sirind\u0259dir. T\u0259cr\u00fcb\u0259l\u0259r\u0259 g\u00f6r\u0259, \u201cEl Nino\u201d ax\u0131n\u0131n\u0131n hakim oldu\u011fu ill\u0259rd\u0259 \u015e\u0259rqi Aral\u0131q d\u0259nizi h\u00f6vz\u0259sind\u0259, \u00fcmumiyy\u0259tl\u0259, bol ya\u011f\u0131\u015fl\u0131 q\u0131\u015f f\u0259sli olur.<\/p>\n<p>2023-2024-c\u00fc ill\u0259rin q\u0131\u015f\u0131 T\u00fcrkiy\u0259d\u0259 ya\u011f\u0131\u015fl\u0131 v\u0259 soyuq ke\u00e7\u0259c\u0259k. Noyabrdan ba\u015flayaraq ya\u011f\u0131nt\u0131lar\u0131n artaca\u011f\u0131, temperaturun a\u015fa\u011f\u0131 d\u00fc\u015f\u0259c\u0259yi g\u00f6zl\u0259nilir. Dekabrdan ba\u015flayaraq qar\u0131n ya\u011fma ehtimal\u0131 var.<\/p>\n<p>Bu q\u0131\u015f T\u00fcrkiy\u0259d\u0259 ya\u011f\u0131nt\u0131n\u0131n, \u00fcmumiyy\u0259tl\u0259, orta v\u0259 ya yuxar\u0131 s\u0259viyy\u0259sind\u0259 olaca\u011f\u0131 g\u00f6zl\u0259nilir. Bu, x\u00fcsusil\u0259 \u015fimal v\u0259 \u015fimal-\u015f\u0259rq rayonlar\u0131nda qar\u0131n ya\u011fma ehtimal\u0131n\u0131 art\u0131r\u0131r.<\/p>\n<p>Qon\u015fu Rusiyada da v\u0259ziyy\u0259t, dem\u0259k olar ki, ox\u015fard\u0131r. Bu il Rusiyada temperatur iqlim normalar\u0131na yax\u0131n, b\u0259z\u0259n is\u0259 y\u00fcks\u0259kdir. Yerli meteoroloqlar bunu qlobal istil\u0259\u015fm\u0259 il\u0259 \u0259laq\u0259l\u0259ndirirl\u0259r. Lakin bu o dem\u0259k deyil ki, Rusiyada qar ya\u011fmayacaq. H\u0259r il paytaxt Moskvada ilk \u015faxtalar noyabr\u0131n sonunda yaran\u0131rd\u0131sa, bu m\u00f6vs\u00fcm hava yaln\u0131z dekabr\u0131n son g\u00fcnl\u0259rind\u0259 \u0259h\u0259miyy\u0259tli d\u0259r\u0259c\u0259d\u0259 soyuqla\u015facaq. Yanvar\u0131n ilk g\u00fcnl\u0259rind\u0259 Moskvada \u015fidd\u0259tli \u015faxta g\u00f6zl\u0259nilmir, lakin qar \u00f6rt\u00fcy\u00fc kifay\u0259t q\u0259d\u0259r s\u0131x v\u0259 sabit olacaq.<\/p>\n<p>G\u00f6r\u00fcn\u0259n odur ki, Az\u0259rbaycanda soyuq havan\u0131n formala\u015fmas\u0131nda birba\u015fa t\u0259siri olan iki \u00f6lk\u0259d\u0259 d\u0259 temperatur \u00f6t\u0259n ill\u0259rd\u0259ki il\u0259 m\u00fcqayis\u0259d\u0259 \u00e7ox da f\u0259rql\u0259nmir.<\/p>\n<p>Qeyd ed\u0259k ki, son zamanlar q\u0131\u015f aylar\u0131n\u0131n s\u0259rt ke\u00e7\u0259c\u0259yi il\u0259 ba\u011fl\u0131 Bak\u0131 \u015e\u0259h\u0259r \u0130cra Hakimiyy\u0259tind\u0259 aidiyy\u0259ti \u00fczr\u0259 m\u00fcvafiq m\u00fc\u015favir\u0259l\u0259r ke\u00e7irilib. Ehtimal olunur ki, proqnozlar \u00f6nc\u0259d\u0259n Ekologiya v\u0259 T\u0259bii S\u0259rv\u0259tl\u0259r Nazirliyinin tabeliyind\u0259ki m\u00fcvafiq qurumlar t\u0259r\u0259find\u0259n g\u00f6nd\u0259rilir.<\/p>\n","protected":false},"excerpt":{"rendered":"<p>Son g\u00fcnl\u0259r Az\u0259rbaycanda q\u0131\u015f\u0131n s\u0259rt ke\u00e7\u0259c\u0259yi il\u0259 ba\u011fl\u0131 r\u0259smi qurumlar t\u0259r\u0259find\u0259n iclaslar ke\u00e7irilir, qar t\u0259mizl\u0259y\u0259n texnikalar haz\u0131r v\u0259ziyy\u0259t\u0259 g\u0259tirilir. Lakin bir m\u0259s\u0259l\u0259 var ki, haz\u0131rda sonuncu pay\u0131z ay\u0131 olmas\u0131na baxmayaraq, temperatur m\u00f6vs\u00fcm normalar\u0131n\u0131n \u00fcz\u0259rind\u0259dir. Bu zaman a\u011f\u0131llara bir sual g\u0259lir. Bu il Az\u0259rbaycanda q\u0131\u015f \u00e7ox s\u0259rt ke\u00e7\u0259c\u0259k? Yoxsa qurumlar \u00f6t\u0259n il ya\u011fan qara g\u00f6r\u0259 iflic v\u0259ziyy\u0259t\u0259 d\u00fc\u015f\u0259n yollardan sonra bu il \u00fc\u00e7\u00fcn \u00f6nc\u0259d\u0259n daha yax\u015f\u0131 haz\u0131rla\u015f\u0131r? Baku.ws x\u0259b\u0259r verir ki, \u00f6lk\u0259miz\u0259 soyuq hava k\u00fctl\u0259l\u0259ri eyni zamanda h\u0259m \u015f\u0259rqd\u0259n, h\u0259m d\u0259 q\u0259rbd\u0259n m\u00fcdaxil\u0259 edir. Bu zaman respublikan\u0131n b\u00fct\u00fcn rayonlar\u0131nda bol ya\u011f\u0131nt\u0131lar&hellip;<\/p>\n","protected":false},"author":2,"featured_media":553298,"comment_status":"closed","ping_status":"closed","sticky":false,"template":"","format":"standard","meta":{"om_disable_all_campaigns":false,"_monsterinsights_skip_tracking":false,"_monsterinsights_sitenote_active":false,"_monsterinsights_sitenote_note":"","_monsterinsights_sitenote_category":0},"categories":[1],"tags":[],"aioseo_notices":[],"gutentor_comment":0,"rttpg_featured_image_url":{"full":["https:\/\/arantv.az\/wp-content\/uploads\/2023\/01\/qar_gif_1.gif",1080,608,false],"landscape":["https:\/\/arantv.az\/wp-content\/uploads\/2023\/01\/qar_gif_1.gif",1080,608,false],"portraits":["https:\/\/arantv.az\/wp-content\/uploads\/2023\/01\/qar_gif_1.gif",1080,608,false],"thumbnail":["https:\/\/arantv.az\/wp-content\/uploads\/2023\/01\/qar_gif_1-500x280.gif",500,280,true],"medium":["https:\/\/arantv.az\/wp-content\/uploads\/2023\/01\/qar_gif_1-648x365.gif",648,365,true],"large":["https:\/\/arantv.az\/wp-content\/uploads\/2023\/01\/qar_gif_1-840x473.gif",640,360,true],"1536x1536":["https:\/\/arantv.az\/wp-content\/uploads\/2023\/01\/qar_gif_1.gif",1080,608,false],"2048x2048":["https:\/\/arantv.az\/wp-content\/uploads\/2023\/01\/qar_gif_1.gif",1080,608,false],"post-thumbnail":["https:\/\/arantv.az\/wp-content\/uploads\/2023\/01\/qar_gif_1-240x172.gif",240,172,true],"advps-thumb-one":["https:\/\/arantv.az\/wp-content\/uploads\/2023\/01\/qar_gif_1.gif",1080,608,false]},"rttpg_author":{"display_name":"V\u00fcsal Rafiqo\u011flu","author_link":"https:\/\/arantv.az\/?author=2"},"rttpg_comment":0,"rttpg_category":"<a href=\"https:\/\/arantv.az\/?cat=1\" rel=\"category\">C\u0259miyy\u0259t<\/a>","rttpg_excerpt":"Son g\u00fcnl\u0259r Az\u0259rbaycanda q\u0131\u015f\u0131n s\u0259rt ke\u00e7\u0259c\u0259yi il\u0259 ba\u011fl\u0131 r\u0259smi qurumlar t\u0259r\u0259find\u0259n iclaslar ke\u00e7irilir, qar t\u0259mizl\u0259y\u0259n texnikalar haz\u0131r v\u0259ziyy\u0259t\u0259 g\u0259tirilir. Lakin bir m\u0259s\u0259l\u0259 var ki, haz\u0131rda sonuncu pay\u0131z ay\u0131 olmas\u0131na baxmayaraq, temperatur m\u00f6vs\u00fcm normalar\u0131n\u0131n \u00fcz\u0259rind\u0259dir. Bu zaman a\u011f\u0131llara bir sual g\u0259lir. Bu il Az\u0259rbaycanda q\u0131\u015f \u00e7ox s\u0259rt ke\u00e7\u0259c\u0259k? Yoxsa qurumlar \u00f6t\u0259n il ya\u011fan qara g\u00f6r\u0259 iflic&hellip;","_links":{"self":[{"href":"https:\/\/arantv.az\/index.php?rest_route=\/wp\/v2\/posts\/660100"}],"collection":[{"href":"https:\/\/arantv.az\/index.php?rest_route=\/wp\/v2\/posts"}],"about":[{"href":"https:\/\/arantv.az\/index.php?rest_route=\/wp\/v2\/types\/post"}],"author":[{"embeddable":true,"href":"https:\/\/arantv.az\/index.php?rest_route=\/wp\/v2\/users\/2"}],"replies":[{"embeddable":true,"href":"https:\/\/arantv.az\/index.php?rest_route=%2Fwp%2Fv2%2Fcomments&post=660100"}],"version-history":[{"count":0,"href":"https:\/\/arantv.az\/index.php?rest_route=\/wp\/v2\/posts\/660100\/revisions"}],"wp:featuredmedia":[{"embeddable":true,"href":"https:\/\/arantv.az\/index.php?rest_route=\/wp\/v2\/media\/553298"}],"wp:attachment":[{"href":"https:\/\/arantv.az\/index.php?rest_route=%2Fwp%2Fv2%2Fmedia&parent=660100"}],"wp:term":[{"taxonomy":"category","embeddable":true,"href":"https:\/\/arantv.az\/index.php?rest_route=%2Fwp%2Fv2%2Fcategories&post=660100"},{"taxonomy":"post_tag","embeddable":true,"href":"https:\/\/arantv.az\/index.php?rest_route=%2Fwp%2Fv2%2Ftags&post=660100"}],"curies":[{"name":"wp","href":"https:\/\/api.w.org\/{rel}","templated":true}]}}