{"id":660174,"date":"2023-11-23T09:50:40","date_gmt":"2023-11-23T05:50:40","guid":{"rendered":"https:\/\/arantv.az\/?p=660174"},"modified":"2023-11-23T09:50:40","modified_gmt":"2023-11-23T05:50:40","slug":"baki-m%c9%99kt%c9%99bind%c9%99-biabirciliq-dogum-gunun%c9%99-pul-yigdigi-iddia-olunan-direktor-danisdi","status":"publish","type":"post","link":"https:\/\/arantv.az\/?p=660174","title":{"rendered":"Bak\u0131 m\u0259kt\u0259bind\u0259 B\u0130ABIR\u00c7ILIQ: Do\u011fum g\u00fcn\u00fcn\u0259 pul y\u0131\u011fd\u0131\u011f\u0131 iddia olunan direktor DANI\u015eDI"},"content":{"rendered":"<p>Bak\u0131 m\u0259kt\u0259bind\u0259 direktorun do\u011fum g\u00fcn\u00fc il\u0259 ba\u011fl\u0131 pul y\u0131\u011f\u0131ld\u0131\u011f\u0131 iddia olunur.\u00a0S\u00f6hb\u0259t X\u0259z\u0259r rayonu, T\u00fcrkan q\u0259s\u0259b\u0259sind\u0259 yerl\u0259\u015f\u0259n 262 sayl\u0131 tam orta m\u0259kt\u0259bd\u0259n gedir.<\/p>\n<p>Bu bar\u0259d\u0259\u00a0Bizim.media-ya T\u00fcrkan q\u0259s\u0259b\u0259 sakini, \u201cYeni bax\u0131\u015f ictimai n\u0259zar\u0259t\u201d t\u0259\u015fkilat\u0131n\u0131n m\u0259tbuat katibi V\u00fcqar \u018fmirov m\u0259lumat verib.<\/p>\n<p>Onun s\u00f6zl\u0259rin\u0259 g\u00f6r\u0259, m\u0259kt\u0259bin direktoru K\u0259mal\u0259 Babayevan\u0131n noyabr\u0131n 24-d\u0259 do\u011fum g\u00fcn\u00fc il\u0259 ba\u011fl\u0131 m\u00fc\u0259llim hey\u0259ti v\u0259 \u015fagirdl\u0259r aras\u0131nda pul y\u0131\u011f\u0131l\u0131r:<\/p>\n<p>\u201cAy\u0131n 24-\u00fc direktorun ad g\u00fcn\u00fcd\u00fcr. \u0130btidai sinifl\u0259rd\u0259 h\u0259r \u015fagirdd\u0259n iki\u00a0manat, yuxar\u0131 sinifl\u0259rd\u0259n \u00fc\u00e7 &#8211; be\u015f\u00a0manat, m\u00fc\u0259lliml\u0259rd\u0259n is\u0259 hans\u0131sa m\u0259bl\u0259\u011fd\u0259 pul y\u0131\u011f\u0131l\u0131r\u201d.<\/p>\n<p>M\u0259s\u0259l\u0259 il\u0259 ba\u011fl\u0131 m\u00fcnasib\u0259t \u00f6yr\u0259nm\u0259k \u00fc\u00e7\u00fcn s\u00f6z\u00fcged\u0259n m\u0259kt\u0259bin direktoru K\u0259mal\u0259 Babayeva il\u0259 \u0259laq\u0259 saxlan\u0131l\u0131b. Direktor bu bar\u0259d\u0259 m\u0259lumat\u0131 yeni e\u015fitdiyini diqq\u0259t\u0259 \u00e7atd\u0131raraq, daha \u0259trafl\u0131 m\u0259lumat \u0259ld\u0259 etm\u0259k \u00fc\u00e7\u00fcn Bak\u0131 \u015e\u0259h\u0259r T\u0259hsil \u0130dar\u0259si (B\u015eT\u0130) il\u0259 \u0259laq\u0259 yaratma\u011f\u0131 t\u00f6vsiy\u0259 edib. K.Babayeva do\u011fum g\u00fcn\u00fcn\u00fcn noyabr\u0131n 24-d\u0259 olub-olmamas\u0131n\u0131\u00a0n\u0259 t\u0259sdiq, n\u0259 d\u0259 inkar edib.<\/p>\n<p>B\u015eT\u0130-d\u0259n is\u0259\u00a0bildirib ki, m\u0259s\u0259l\u0259nin ara\u015fd\u0131r\u0131lacaq.<\/p>\n","protected":false},"excerpt":{"rendered":"<p>Bak\u0131 m\u0259kt\u0259bind\u0259 direktorun do\u011fum g\u00fcn\u00fc il\u0259 ba\u011fl\u0131 pul y\u0131\u011f\u0131ld\u0131\u011f\u0131 iddia olunur.\u00a0S\u00f6hb\u0259t X\u0259z\u0259r rayonu, T\u00fcrkan q\u0259s\u0259b\u0259sind\u0259 yerl\u0259\u015f\u0259n 262 sayl\u0131 tam orta m\u0259kt\u0259bd\u0259n gedir. Bu bar\u0259d\u0259\u00a0Bizim.media-ya T\u00fcrkan q\u0259s\u0259b\u0259 sakini, \u201cYeni bax\u0131\u015f ictimai n\u0259zar\u0259t\u201d t\u0259\u015fkilat\u0131n\u0131n m\u0259tbuat katibi V\u00fcqar \u018fmirov m\u0259lumat verib. Onun s\u00f6zl\u0259rin\u0259 g\u00f6r\u0259, m\u0259kt\u0259bin direktoru K\u0259mal\u0259 Babayevan\u0131n noyabr\u0131n 24-d\u0259 do\u011fum g\u00fcn\u00fc il\u0259 ba\u011fl\u0131 m\u00fc\u0259llim hey\u0259ti v\u0259 \u015fagirdl\u0259r aras\u0131nda pul y\u0131\u011f\u0131l\u0131r: \u201cAy\u0131n 24-\u00fc direktorun ad g\u00fcn\u00fcd\u00fcr. \u0130btidai sinifl\u0259rd\u0259 h\u0259r \u015fagirdd\u0259n iki\u00a0manat, yuxar\u0131 sinifl\u0259rd\u0259n \u00fc\u00e7 &#8211; be\u015f\u00a0manat, m\u00fc\u0259lliml\u0259rd\u0259n is\u0259 hans\u0131sa m\u0259bl\u0259\u011fd\u0259 pul y\u0131\u011f\u0131l\u0131r\u201d. M\u0259s\u0259l\u0259 il\u0259 ba\u011fl\u0131 m\u00fcnasib\u0259t \u00f6yr\u0259nm\u0259k \u00fc\u00e7\u00fcn s\u00f6z\u00fcged\u0259n m\u0259kt\u0259bin direktoru K\u0259mal\u0259 Babayeva&hellip;<\/p>\n","protected":false},"author":2,"featured_media":660175,"comment_status":"closed","ping_status":"closed","sticky":false,"template":"","format":"standard","meta":{"om_disable_all_campaigns":false,"_monsterinsights_skip_tracking":false,"_monsterinsights_sitenote_active":false,"_monsterinsights_sitenote_note":"","_monsterinsights_sitenote_category":0},"categories":[1],"tags":[],"aioseo_notices":[],"gutentor_comment":0,"rttpg_featured_image_url":{"full":["https:\/\/arantv.az\/wp-content\/uploads\/2023\/11\/FotoJet-7-6.jpg",620,413,false],"landscape":["https:\/\/arantv.az\/wp-content\/uploads\/2023\/11\/FotoJet-7-6.jpg",620,413,false],"portraits":["https:\/\/arantv.az\/wp-content\/uploads\/2023\/11\/FotoJet-7-6.jpg",620,413,false],"thumbnail":["https:\/\/arantv.az\/wp-content\/uploads\/2023\/11\/FotoJet-7-6-500x280.jpg",500,280,true],"medium":["https:\/\/arantv.az\/wp-content\/uploads\/2023\/11\/FotoJet-7-6-548x365.jpg",548,365,true],"large":["https:\/\/arantv.az\/wp-content\/uploads\/2023\/11\/FotoJet-7-6.jpg",620,413,false],"1536x1536":["https:\/\/arantv.az\/wp-content\/uploads\/2023\/11\/FotoJet-7-6.jpg",620,413,false],"2048x2048":["https:\/\/arantv.az\/wp-content\/uploads\/2023\/11\/FotoJet-7-6.jpg",620,413,false],"post-thumbnail":["https:\/\/arantv.az\/wp-content\/uploads\/2023\/11\/FotoJet-7-6-240x172.jpg",240,172,true],"advps-thumb-one":["https:\/\/arantv.az\/wp-content\/uploads\/2023\/11\/FotoJet-7-6.jpg",620,413,false]},"rttpg_author":{"display_name":"V\u00fcsal Rafiqo\u011flu","author_link":"https:\/\/arantv.az\/?author=2"},"rttpg_comment":0,"rttpg_category":"<a href=\"https:\/\/arantv.az\/?cat=1\" rel=\"category\">C\u0259miyy\u0259t<\/a>","rttpg_excerpt":"Bak\u0131 m\u0259kt\u0259bind\u0259 direktorun do\u011fum g\u00fcn\u00fc il\u0259 ba\u011fl\u0131 pul y\u0131\u011f\u0131ld\u0131\u011f\u0131 iddia olunur.\u00a0S\u00f6hb\u0259t X\u0259z\u0259r rayonu, T\u00fcrkan q\u0259s\u0259b\u0259sind\u0259 yerl\u0259\u015f\u0259n 262 sayl\u0131 tam orta m\u0259kt\u0259bd\u0259n gedir. Bu bar\u0259d\u0259\u00a0Bizim.media-ya T\u00fcrkan q\u0259s\u0259b\u0259 sakini, \u201cYeni bax\u0131\u015f ictimai n\u0259zar\u0259t\u201d t\u0259\u015fkilat\u0131n\u0131n m\u0259tbuat katibi V\u00fcqar \u018fmirov m\u0259lumat verib. Onun s\u00f6zl\u0259rin\u0259 g\u00f6r\u0259, m\u0259kt\u0259bin direktoru K\u0259mal\u0259 Babayevan\u0131n noyabr\u0131n 24-d\u0259 do\u011fum g\u00fcn\u00fc il\u0259 ba\u011fl\u0131 m\u00fc\u0259llim hey\u0259ti v\u0259 \u015fagirdl\u0259r&hellip;","_links":{"self":[{"href":"https:\/\/arantv.az\/index.php?rest_route=\/wp\/v2\/posts\/660174"}],"collection":[{"href":"https:\/\/arantv.az\/index.php?rest_route=\/wp\/v2\/posts"}],"about":[{"href":"https:\/\/arantv.az\/index.php?rest_route=\/wp\/v2\/types\/post"}],"author":[{"embeddable":true,"href":"https:\/\/arantv.az\/index.php?rest_route=\/wp\/v2\/users\/2"}],"replies":[{"embeddable":true,"href":"https:\/\/arantv.az\/index.php?rest_route=%2Fwp%2Fv2%2Fcomments&post=660174"}],"version-history":[{"count":0,"href":"https:\/\/arantv.az\/index.php?rest_route=\/wp\/v2\/posts\/660174\/revisions"}],"wp:featuredmedia":[{"embeddable":true,"href":"https:\/\/arantv.az\/index.php?rest_route=\/wp\/v2\/media\/660175"}],"wp:attachment":[{"href":"https:\/\/arantv.az\/index.php?rest_route=%2Fwp%2Fv2%2Fmedia&parent=660174"}],"wp:term":[{"taxonomy":"category","embeddable":true,"href":"https:\/\/arantv.az\/index.php?rest_route=%2Fwp%2Fv2%2Fcategories&post=660174"},{"taxonomy":"post_tag","embeddable":true,"href":"https:\/\/arantv.az\/index.php?rest_route=%2Fwp%2Fv2%2Ftags&post=660174"}],"curies":[{"name":"wp","href":"https:\/\/api.w.org\/{rel}","templated":true}]}}