{"id":660230,"date":"2023-11-23T10:10:55","date_gmt":"2023-11-23T06:10:55","guid":{"rendered":"https:\/\/arantv.az\/?p=660230"},"modified":"2023-11-23T10:10:55","modified_gmt":"2023-11-23T06:10:55","slug":"agdamin-%c9%99vv%c9%99lki-sohr%c9%99ti-b%c9%99rpa-olunacaq","status":"publish","type":"post","link":"https:\/\/arantv.az\/?p=660230","title":{"rendered":"A\u011fdam\u0131n \u0259vv\u0259lki \u015f\u00f6hr\u0259ti b\u0259rpa olunacaq"},"content":{"rendered":"<p>2020-ci ilin noyabr\u0131n 10-da Az\u0259rbaycan, Rusiya prezidentl\u0259rinin v\u0259 Erm\u0259nistan ba\u015f nazirinin imzalad\u0131qlar\u0131 birg\u0259 B\u0259yanatla 30 il\u0259 yax\u0131n davam ed\u0259n m\u00fcnaqi\u015f\u0259y\u0259 son qoyuldu, d\u00fc\u015fm\u0259n s\u00fclh\u0259 m\u0259cbur edildi. 44 g\u00fcnl\u00fck \u0130kinci V\u0259t\u0259n m\u00fcharib\u0259si Q\u0259l\u0259b\u0259mizl\u0259 ba\u015fa \u00e7atd\u0131. Ali Ba\u015f Komandan\u0131n Az\u0259rbaycan xalq\u0131na tarixi Q\u0259l\u0259b\u0259 m\u00fcraci\u0259tind\u0259 d\u0259 deyildiyi kimi, bu b\u0259yanat bizim \u015fanl\u0131 q\u0259l\u0259b\u0259mizdir. M\u00fcqavil\u0259nin \u015f\u0259rtl\u0259rin\u0259 \u0259sas\u0259n noyabr\u0131n 20-d\u0259 A\u011fdam rayonunda h\u0259rbi \u0259m\u0259liyyat ke\u00e7irm\u0259d\u0259n A\u011fdam rayonunun i\u015f\u011fal olunmu\u015f \u0259razisi Az\u0259rbaycana t\u0259hvil verildi, bununla da \u0259sasl\u0131 \u015f\u0259kild\u0259 insan t\u0259l\u0259fat\u0131n\u0131n qar\u015f\u0131s\u0131 al\u0131nd\u0131, siyasi yolla i\u015f\u011faldan azad ed\u0259r\u0259k \u00f6z yurisdiksiyas\u0131na qaytard\u0131. Bu g\u00fcn \u2013 A\u011fdam \u015f\u0259h\u0259rinin i\u015f\u011faldan azad olunmas\u0131n\u0131n \u00fc\u00e7\u00fcnc\u00fc ild\u00f6n\u00fcm\u00fcd\u00fcr.<\/p>\n<p>Az\u0259rbaycan h\u0259m d\u00f6y\u00fc\u015f meydan\u0131nda, h\u0259m d\u0259 siyasi m\u00fcst\u0259vid\u0259 Erm\u0259nistan \u00fcz\u0259rind\u0259 q\u0259l\u0259b\u0259 qazand\u0131. Prezident c\u0259nab \u0130lham \u018fliyevin m\u00fcdrik, q\u0259tiyy\u0259tli siyas\u0259ti say\u0259sind\u0259, imzalanm\u0131\u015f \u00fc\u00e7t\u0259r\u0259fli B\u0259yanata \u0259sas\u0259n A\u011fdam rayonunun i\u015f\u011fal olunmu\u015f \u0259razil\u0259ri Az\u0259rbaycana t\u0259hvil verildi.<\/p>\n<p>Prezident \u0130lham \u018fliyevin bu il iyulun 31-d\u0259 imzalad\u0131\u011f\u0131 s\u0259r\u0259ncama \u0259sas\u0259n, h\u0259r il noyabr\u0131n 20-d\u0259 A\u011fdam \u015e\u0259h\u0259ri G\u00fcn\u00fc t\u0259nt\u0259n\u0259li \u015f\u0259kild\u0259 qeyd edil\u0259c\u0259k.<\/p>\n<p>A\u011fdam q\u0259dim insan m\u0259sk\u0259nl\u0259rind\u0259n olmu\u015fdur. Aliml\u0259r \u00dcz\u0259rlikt\u0259p\u0259ni Qafqazda ilk \u015f\u0259h\u0259r tipli ya\u015fay\u0131\u015f m\u0259sk\u0259ni hedab edirl\u0259r. Alban tayfalar\u0131ndan olan Qarqarlar A\u011fdamda Qarqarcay boyunca m\u0259sk\u0259n salm\u0131\u015flar. \u00dcz\u0259rlikt\u0259p\u0259, Qutlu, Musao\u011flu k\u00fcnb\u0259zi, Paprav\u0259nd k\u0259ndind\u0259ki t\u00fcrb\u0259l\u0259r, Qaraba\u011f xan\u0131 P\u0259nah\u0259li xan\u0131n A\u011fdam \u015f\u0259h\u0259rind\u0259ki imar\u0259ti, (XVIII) \u015eahbulaq qalas\u0131, A\u011fdam\u0131n tarixi abid\u0259l\u0259rind\u0259ndir. A\u011fdam bir \u00e7ox f\u0259rqli memarl\u0131q abid\u0259l\u0259rinin yerl\u0259\u015fdiyi q\u0259dim diyar\u0131m\u0131zd\u0131r. \u00d6z f\u0259rqli memarl\u0131\u011f\u0131 il\u0259 se\u00e7il\u0259n cay evi d\u0259 bunlardan biridir. Onun ba\u015f memar\u0131 Natiq S\u0259m\u0259dov bu qeyri-adi abid\u0259ni d\u0259mir instruksiyalardan in\u015fa etmi\u015fdir. Bu g\u00f6z\u0259l tikili d\u0259 erm\u0259ni vandallar\u0131n\u0131n i\u015f\u011fal zaman\u0131 yand\u0131r\u0131b m\u0259hv etdiyi abid\u0259l\u0259r s\u0131ras\u0131ndad\u0131r. A\u011fdam\u0131n g\u00f6z\u0259lliyin\u0259 t\u00f6vh\u0259 ver\u0259n daha bir memariyy\u0259 A\u011fdam\u0131n \u00e7\u00f6r\u0259k muzeyidir.<\/p>\n<p>Ali Ba\u015f Komandan \u0130lham \u018fliyevin diplomatik m\u0259har\u0259ti il\u0259 bir g\u00fcll\u0259 at\u0131lmadan d\u00fc\u015fm\u0259nin geri qaytard\u0131\u011f\u0131 A\u011fdam indi quruculu\u011fun ba\u015f meydan\u0131na \u00e7evrilib. \u00dc\u00e7 il \u00f6nc\u0259 Prezident \u0130lham \u018fliyev noyabr\u0131n 20-d\u0259 xalqa m\u00fcraci\u0259tind\u0259 A\u011fdam \u00fc\u00e7\u00fcn yeni d\u00f6vr\u00fcn ba\u015fland\u0131\u011f\u0131n\u0131, rayonun b\u0259rpas\u0131n\u0131n g\u0259l\u0259c\u0259k planlarda x\u00fcsusi yer tutaca\u011f\u0131n\u0131 bildirmi\u015fdi: &#8220;Biz A\u011fdam \u015f\u0259h\u0259rini d\u0259 b\u0259rpa ed\u0259c\u0259yik. \u018flb\u0259tt\u0259 ki, bunun \u00fc\u00e7\u00fcn biz b\u00fct\u00fcn i\u015fl\u0259ri \u0259sasl\u0131 \u015f\u0259kild\u0259 etm\u0259liyik. Ba\u015f plan haz\u0131rlanacaq, m\u00fct\u0259x\u0259ssisl\u0259r c\u0259lb olunacaq, infrastruktur layih\u0259l\u0259ri planl\u0131 \u015f\u0259kild\u0259 icra edil\u0259c\u0259k, inzibati binalar, sosial obyektl\u0259r, yollar v\u0259 dig\u0259r laz\u0131m olan i\u015fl\u0259r g\u00f6r\u00fcl\u0259c\u0259k. V\u0259t\u0259nda\u015flara oraya qay\u0131tmaq \u00fc\u00e7\u00fcn d\u00f6vl\u0259t t\u0259r\u0259find\u0259n k\u00f6m\u0259k g\u00f6st\u0259ril\u0259c\u0259k. Ona g\u00f6r\u0259 A\u011fdam rayonunun b\u0259rpas\u0131 bizim g\u0259l\u0259c\u0259k planlar\u0131m\u0131zda x\u00fcsusi yer tutacaq. \u00c7\u00fcnki h\u0259m \u0259razi bax\u0131m\u0131ndan b\u00f6y\u00fck rayondur, eyni zamanda, dediyim kimi, \u0259hali bax\u0131m\u0131ndan \u0259n b\u00f6y\u00fck rayondur&#8221;.<\/p>\n<p>Az\u0259rbaycan Respublikas\u0131n\u0131n Prezidenti c\u0259nab \u0130lham \u018fliyev 2020-ci il noyabr\u0131n 23-d\u0259 A\u011fdam \u015f\u0259h\u0259rind\u0259 D\u00f6vl\u0259t Bayra\u011f\u0131m\u0131z\u0131 ucaltd\u0131, C\u00fcm\u0259 m\u0259scidini ziyar\u0259t etdi. Onun dediyi fikirl\u0259ri ictimaiyy\u0259t tarixi Z\u0259f\u0259rin davam\u0131 bildi: \u00a0\u201cA\u011fdam\u0131n i\u015f\u011faldan azad edilm\u0259si \u015fanl\u0131 h\u0259rbi Q\u0259l\u0259b\u0259 n\u0259ti\u00adc\u0259\u00adsind\u0259 m\u00fcmk\u00fcn olmu\u015fdur. \u018fg\u0259r Az\u0259rbaycan Erm\u0259nistan\u0131 d\u00f6y\u00fc\u015f meydan\u0131nda m\u0259\u011flub etm\u0259s\u0259ydi, Erm\u0259nistan \u00f6z xo\u015fu il\u0259 bizim torpaqlar\u0131m\u0131zdan \u00e7\u0131xmayacaqd\u0131. Bunu dem\u0259y\u0259 \u0259sas ver\u0259n bir \u00e7ox amill\u0259r var. \u0130lk n\u00f6vb\u0259d\u0259, o b\u00f6lg\u0259l\u0259rd\u0259 &#8211; i\u015f\u011fal edilmi\u015f torpaqlarda qurulmu\u015f istehkamlar, oraya b\u00f6y\u00fck v\u0259sait x\u0259rcl\u0259nib. O istehkamlar el\u0259 qurulub ki, Az\u0259rbaycan Ordusu oradan ke\u00e7\u0259 bilm\u0259sin. Amma yen\u0259 d\u0259 s\u0259hv etdil\u0259r. Bizim g\u00fcc\u00fcm\u00fcz\u00fc d\u00fczg\u00fcn hesablaya bilm\u0259dil\u0259r. Bilmirdil\u0259r ki, bu g\u00fcn Az\u0259rbaycan Ordusu, Az\u0259rbaycan v\u0259t\u0259nda\u015f\u0131 n\u0259y\u0259 qadirdir. Bilmirdil\u0259r ki, bizi o Q\u0259l\u0259b\u0259y\u0259 aparan h\u0259m g\u00fcc\u00fcm\u00fczd\u00fcr, texniki t\u0259chizat\u0131m\u0131zd\u0131r, h\u0259m d\u0259 m\u0259n\u0259vi ruhumuzdur. Bilmirdil\u0259r ki, Az\u0259rbaycan xalq\u0131 b\u00fct\u00fcn bu ill\u0259r \u0259rzind\u0259 bir arzu il\u0259 ya\u015fay\u0131r ki, \u00f6z d\u0259d\u0259-baba torpa\u011f\u0131na qay\u0131ts\u0131n.\u00a0B\u00fct\u00fcn bu amill\u0259r v\u0259 dig\u0259r amill\u0259r bu Q\u0259l\u0259b\u0259ni \u015f\u0259rtl\u0259ndirdi\u201d.<\/p>\n<p>Bel\u0259likl\u0259, bu g\u00fcn A\u011fdam \u015f\u0259h\u0259ri \u00f6z \u015f\u0259r\u0259fli inki\u015faf d\u00f6vr\u00fcn\u00fc ya\u015fay\u0131r. Bu inki\u015faf Qaraba\u011f iqtisadi zonas\u0131 il\u0259 yana\u015f\u0131 olaraq, b\u00fct\u00f6vl\u00fckd\u0259 Az\u0259rbaycan\u0131n davaml\u0131 inki\u015faf\u0131n\u0131n t\u0259min olunmas\u0131na \u00f6z faydas\u0131n\u0131 ver\u0259c\u0259kdir.<\/p>\n<p><strong>Arzu \u018fliyeva,<\/strong><br \/>\n<u>YAP Pirallah\u0131 rayon t\u0259\u015fkilat\u0131 Aparat\u0131n\u0131n m\u0259sul\u0259m\u0259kda\u015f\u0131<\/u><\/p>\n","protected":false},"excerpt":{"rendered":"<p>2020-ci ilin noyabr\u0131n 10-da Az\u0259rbaycan, Rusiya prezidentl\u0259rinin v\u0259 Erm\u0259nistan ba\u015f nazirinin imzalad\u0131qlar\u0131 birg\u0259 B\u0259yanatla 30 il\u0259 yax\u0131n davam ed\u0259n m\u00fcnaqi\u015f\u0259y\u0259 son qoyuldu, d\u00fc\u015fm\u0259n s\u00fclh\u0259 m\u0259cbur edildi. 44 g\u00fcnl\u00fck \u0130kinci V\u0259t\u0259n m\u00fcharib\u0259si Q\u0259l\u0259b\u0259mizl\u0259 ba\u015fa \u00e7atd\u0131. Ali Ba\u015f Komandan\u0131n Az\u0259rbaycan xalq\u0131na tarixi Q\u0259l\u0259b\u0259 m\u00fcraci\u0259tind\u0259 d\u0259 deyildiyi kimi, bu b\u0259yanat bizim \u015fanl\u0131 q\u0259l\u0259b\u0259mizdir. M\u00fcqavil\u0259nin \u015f\u0259rtl\u0259rin\u0259 \u0259sas\u0259n noyabr\u0131n 20-d\u0259 A\u011fdam rayonunda h\u0259rbi \u0259m\u0259liyyat ke\u00e7irm\u0259d\u0259n A\u011fdam rayonunun i\u015f\u011fal olunmu\u015f \u0259razisi Az\u0259rbaycana t\u0259hvil verildi, bununla da \u0259sasl\u0131 \u015f\u0259kild\u0259 insan t\u0259l\u0259fat\u0131n\u0131n qar\u015f\u0131s\u0131 al\u0131nd\u0131, siyasi yolla i\u015f\u011faldan azad ed\u0259r\u0259k \u00f6z yurisdiksiyas\u0131na qaytard\u0131. Bu g\u00fcn \u2013 A\u011fdam \u015f\u0259h\u0259rinin i\u015f\u011faldan&hellip;<\/p>\n","protected":false},"author":2,"featured_media":660233,"comment_status":"closed","ping_status":"closed","sticky":false,"template":"","format":"standard","meta":{"om_disable_all_campaigns":false,"_monsterinsights_skip_tracking":false,"_monsterinsights_sitenote_active":false,"_monsterinsights_sitenote_note":"","_monsterinsights_sitenote_category":0},"categories":[1],"tags":[],"aioseo_notices":[],"gutentor_comment":0,"rttpg_featured_image_url":{"full":["https:\/\/arantv.az\/wp-content\/uploads\/2023\/11\/1368ba1a169770513493358485710453322.jpg",975,540,false],"landscape":["https:\/\/arantv.az\/wp-content\/uploads\/2023\/11\/1368ba1a169770513493358485710453322.jpg",975,540,false],"portraits":["https:\/\/arantv.az\/wp-content\/uploads\/2023\/11\/1368ba1a169770513493358485710453322.jpg",975,540,false],"thumbnail":["https:\/\/arantv.az\/wp-content\/uploads\/2023\/11\/1368ba1a169770513493358485710453322-500x280.jpg",500,280,true],"medium":["https:\/\/arantv.az\/wp-content\/uploads\/2023\/11\/1368ba1a169770513493358485710453322-660x365.jpg",660,365,true],"large":["https:\/\/arantv.az\/wp-content\/uploads\/2023\/11\/1368ba1a169770513493358485710453322-840x465.jpg",640,354,true],"1536x1536":["https:\/\/arantv.az\/wp-content\/uploads\/2023\/11\/1368ba1a169770513493358485710453322.jpg",975,540,false],"2048x2048":["https:\/\/arantv.az\/wp-content\/uploads\/2023\/11\/1368ba1a169770513493358485710453322.jpg",975,540,false],"post-thumbnail":["https:\/\/arantv.az\/wp-content\/uploads\/2023\/11\/1368ba1a169770513493358485710453322-240x172.jpg",240,172,true],"advps-thumb-one":["https:\/\/arantv.az\/wp-content\/uploads\/2023\/11\/1368ba1a169770513493358485710453322.jpg",975,540,false]},"rttpg_author":{"display_name":"V\u00fcsal Rafiqo\u011flu","author_link":"https:\/\/arantv.az\/?author=2"},"rttpg_comment":0,"rttpg_category":"<a href=\"https:\/\/arantv.az\/?cat=1\" rel=\"category\">C\u0259miyy\u0259t<\/a>","rttpg_excerpt":"2020-ci ilin noyabr\u0131n 10-da Az\u0259rbaycan, Rusiya prezidentl\u0259rinin v\u0259 Erm\u0259nistan ba\u015f nazirinin imzalad\u0131qlar\u0131 birg\u0259 B\u0259yanatla 30 il\u0259 yax\u0131n davam ed\u0259n m\u00fcnaqi\u015f\u0259y\u0259 son qoyuldu, d\u00fc\u015fm\u0259n s\u00fclh\u0259 m\u0259cbur edildi. 44 g\u00fcnl\u00fck \u0130kinci V\u0259t\u0259n m\u00fcharib\u0259si Q\u0259l\u0259b\u0259mizl\u0259 ba\u015fa \u00e7atd\u0131. Ali Ba\u015f Komandan\u0131n Az\u0259rbaycan xalq\u0131na tarixi Q\u0259l\u0259b\u0259 m\u00fcraci\u0259tind\u0259 d\u0259 deyildiyi kimi, bu b\u0259yanat bizim \u015fanl\u0131 q\u0259l\u0259b\u0259mizdir. M\u00fcqavil\u0259nin \u015f\u0259rtl\u0259rin\u0259 \u0259sas\u0259n noyabr\u0131n 20-d\u0259&hellip;","_links":{"self":[{"href":"https:\/\/arantv.az\/index.php?rest_route=\/wp\/v2\/posts\/660230"}],"collection":[{"href":"https:\/\/arantv.az\/index.php?rest_route=\/wp\/v2\/posts"}],"about":[{"href":"https:\/\/arantv.az\/index.php?rest_route=\/wp\/v2\/types\/post"}],"author":[{"embeddable":true,"href":"https:\/\/arantv.az\/index.php?rest_route=\/wp\/v2\/users\/2"}],"replies":[{"embeddable":true,"href":"https:\/\/arantv.az\/index.php?rest_route=%2Fwp%2Fv2%2Fcomments&post=660230"}],"version-history":[{"count":0,"href":"https:\/\/arantv.az\/index.php?rest_route=\/wp\/v2\/posts\/660230\/revisions"}],"wp:featuredmedia":[{"embeddable":true,"href":"https:\/\/arantv.az\/index.php?rest_route=\/wp\/v2\/media\/660233"}],"wp:attachment":[{"href":"https:\/\/arantv.az\/index.php?rest_route=%2Fwp%2Fv2%2Fmedia&parent=660230"}],"wp:term":[{"taxonomy":"category","embeddable":true,"href":"https:\/\/arantv.az\/index.php?rest_route=%2Fwp%2Fv2%2Fcategories&post=660230"},{"taxonomy":"post_tag","embeddable":true,"href":"https:\/\/arantv.az\/index.php?rest_route=%2Fwp%2Fv2%2Ftags&post=660230"}],"curies":[{"name":"wp","href":"https:\/\/api.w.org\/{rel}","templated":true}]}}