{"id":660250,"date":"2023-11-23T10:23:26","date_gmt":"2023-11-23T06:23:26","guid":{"rendered":"https:\/\/arantv.az\/?p=660250"},"modified":"2023-11-23T10:23:26","modified_gmt":"2023-11-23T06:23:26","slug":"v%c9%99t%c9%99n-muharib%c9%99sinin-istirakcisi-olan-direktor-q%c9%99fil-v%c9%99fat-etdi-foto","status":"publish","type":"post","link":"https:\/\/arantv.az\/?p=660250","title":{"rendered":"V\u0259t\u0259n m\u00fcharib\u0259sinin i\u015ftirak\u00e7\u0131s\u0131 olan direktor q\u0259fil v\u0259fat etdi &#8211; FOTO"},"content":{"rendered":"<p>Saatl\u0131 rayon \u018fhm\u0259db\u0259yli k\u0259nd orta m\u0259kt\u0259binin direktoru, V\u0259t\u0259n m\u00fcharib\u0259si i\u015ftirak\u00e7\u0131s\u0131 Eldost Azayev q\u0259fil d\u00fcnyas\u0131n\u0131 d\u0259yi\u015fib.<\/p>\n<p><strong>ARANTV.AZ<\/strong>-\u0131n m\u0259lumat\u0131na g\u00f6r\u0259, bu bar\u0259d\u0259 sosial \u015f\u0259b\u0259k\u0259d\u0259 onun yax\u0131nlar\u0131 m\u0259lumat yay\u0131blar.<\/p>\n<p>Bel\u0259 ki, 44 ya\u015fl\u0131 direktor \u00f6t\u0259n gec\u0259 ya\u015fad\u0131\u011f\u0131 evd\u0259 v\u0259fat edib.<\/p>\n<p>Qeyd ed\u0259k ki, Eldost Azayev V\u0259t\u0259n m\u00fcharib\u0259sin\u0259 k\u00f6n\u00fcll\u00fc yollan\u0131b v\u0259 d\u00f6y\u00fc\u015fl\u0259rd\u0259 leytenant kimi i\u015ftirak edib. Ona m\u00fcharib\u0259nin gedi\u015find\u0259 ba\u015f leytenant r\u00fctb\u0259si verilib. E.Azayev V\u0259t\u0259n m\u00fcharib\u0259sind\u0259n sonra \u201cQubadl\u0131n\u0131n azad edilm\u0259sin\u0259 g\u00f6r\u0259\u201d, \u201cC\u0259bray\u0131l\u0131n azad edilm\u0259sin\u0259 g\u00f6r\u0259\u201d medallar\u0131 il\u0259 t\u0259ltif edilib. Evli idi, iki \u00f6vlad\u0131 qal\u0131b.<\/p>\n<p>&nbsp;<\/p>\n<div class=\"gallery\">\n<div class=\"gallery-i\"><img src=\"https:\/\/cdn.oxu.az\/uploads\/W1siZiIsIjIwMjMvMTEvMjMvMTAvMDcvMjYvYzFjZWJkMzctZmRiMi00MWIwLTgzZjktY2ZmYzZjNzM5ZWRmLzg3MzAxMy5qcGciXSxbInAiLCJlbmNvZGUiLCJqcGciLCItcXVhbGl0eSA4MCJdLFsicCIsInRodW1iIiwiNTkweDU5MFx1MDAzZSJdXQ?sha=60c4ea1546d92652\" alt=\"\" \/><\/p>\n<div class=\"gallery-i-caption\"><\/div>\n<\/div>\n<div class=\"gallery-i\"><img src=\"https:\/\/cdn.oxu.az\/uploads\/W1siZiIsIjIwMjMvMTEvMjMvMTAvMDcvMjcvZjhjNzQ5YjctMmU4OC00N2UwLTlkMGQtODJiMjVlNTkwNjJlL3R5amdoamdoLnBuZyJdLFsicCIsImVuY29kZSIsImpwZyIsIi1xdWFsaXR5IDgwIl0sWyJwIiwidGh1bWIiLCI1OTB4NTkwXHUwMDNlIl1d?sha=0d0db78b7e26db05\" alt=\"\" \/><\/p>\n<div class=\"gallery-i-caption\"><\/div>\n<\/div>\n<div class=\"gallery-i\"><img src=\"https:\/\/cdn.oxu.az\/uploads\/W1siZiIsIjIwMjMvMTEvMjMvMTAvMDcvMjcvODA5MmY3NTItMmEwMC00ZDY3LWJlM2ItM2ZlZGMwYzFiNzA5L3J0Z2ZoZmdoLnBuZyJdLFsicCIsImVuY29kZSIsImpwZyIsIi1xdWFsaXR5IDgwIl0sWyJwIiwidGh1bWIiLCI1OTB4NTkwXHUwMDNlIl1d?sha=52a3a0254a197c47\" alt=\"\" \/><\/div>\n<\/div>\n","protected":false},"excerpt":{"rendered":"<p>Saatl\u0131 rayon \u018fhm\u0259db\u0259yli k\u0259nd orta m\u0259kt\u0259binin direktoru, V\u0259t\u0259n m\u00fcharib\u0259si i\u015ftirak\u00e7\u0131s\u0131 Eldost Azayev q\u0259fil d\u00fcnyas\u0131n\u0131 d\u0259yi\u015fib. ARANTV.AZ-\u0131n m\u0259lumat\u0131na g\u00f6r\u0259, bu bar\u0259d\u0259 sosial \u015f\u0259b\u0259k\u0259d\u0259 onun yax\u0131nlar\u0131 m\u0259lumat yay\u0131blar. Bel\u0259 ki, 44 ya\u015fl\u0131 direktor \u00f6t\u0259n gec\u0259 ya\u015fad\u0131\u011f\u0131 evd\u0259 v\u0259fat edib. Qeyd ed\u0259k ki, Eldost Azayev V\u0259t\u0259n m\u00fcharib\u0259sin\u0259 k\u00f6n\u00fcll\u00fc yollan\u0131b v\u0259 d\u00f6y\u00fc\u015fl\u0259rd\u0259 leytenant kimi i\u015ftirak edib. Ona m\u00fcharib\u0259nin gedi\u015find\u0259 ba\u015f leytenant r\u00fctb\u0259si verilib. E.Azayev V\u0259t\u0259n m\u00fcharib\u0259sind\u0259n sonra \u201cQubadl\u0131n\u0131n azad edilm\u0259sin\u0259 g\u00f6r\u0259\u201d, \u201cC\u0259bray\u0131l\u0131n azad edilm\u0259sin\u0259 g\u00f6r\u0259\u201d medallar\u0131 il\u0259 t\u0259ltif edilib. Evli idi, iki \u00f6vlad\u0131 qal\u0131b. &nbsp;<\/p>\n","protected":false},"author":2,"featured_media":660251,"comment_status":"closed","ping_status":"closed","sticky":false,"template":"","format":"standard","meta":{"om_disable_all_campaigns":false,"_monsterinsights_skip_tracking":false,"_monsterinsights_sitenote_active":false,"_monsterinsights_sitenote_note":"","_monsterinsights_sitenote_category":0},"categories":[1],"tags":[],"aioseo_notices":[],"gutentor_comment":0,"rttpg_featured_image_url":{"full":["https:\/\/arantv.az\/wp-content\/uploads\/2023\/11\/eldosttt.jpg",620,413,false],"landscape":["https:\/\/arantv.az\/wp-content\/uploads\/2023\/11\/eldosttt.jpg",620,413,false],"portraits":["https:\/\/arantv.az\/wp-content\/uploads\/2023\/11\/eldosttt.jpg",620,413,false],"thumbnail":["https:\/\/arantv.az\/wp-content\/uploads\/2023\/11\/eldosttt-500x280.jpg",500,280,true],"medium":["https:\/\/arantv.az\/wp-content\/uploads\/2023\/11\/eldosttt-548x365.jpg",548,365,true],"large":["https:\/\/arantv.az\/wp-content\/uploads\/2023\/11\/eldosttt.jpg",620,413,false],"1536x1536":["https:\/\/arantv.az\/wp-content\/uploads\/2023\/11\/eldosttt.jpg",620,413,false],"2048x2048":["https:\/\/arantv.az\/wp-content\/uploads\/2023\/11\/eldosttt.jpg",620,413,false],"post-thumbnail":["https:\/\/arantv.az\/wp-content\/uploads\/2023\/11\/eldosttt-240x172.jpg",240,172,true],"advps-thumb-one":["https:\/\/arantv.az\/wp-content\/uploads\/2023\/11\/eldosttt.jpg",620,413,false]},"rttpg_author":{"display_name":"V\u00fcsal Rafiqo\u011flu","author_link":"https:\/\/arantv.az\/?author=2"},"rttpg_comment":0,"rttpg_category":"<a href=\"https:\/\/arantv.az\/?cat=1\" rel=\"category\">C\u0259miyy\u0259t<\/a>","rttpg_excerpt":"Saatl\u0131 rayon \u018fhm\u0259db\u0259yli k\u0259nd orta m\u0259kt\u0259binin direktoru, V\u0259t\u0259n m\u00fcharib\u0259si i\u015ftirak\u00e7\u0131s\u0131 Eldost Azayev q\u0259fil d\u00fcnyas\u0131n\u0131 d\u0259yi\u015fib. ARANTV.AZ-\u0131n m\u0259lumat\u0131na g\u00f6r\u0259, bu bar\u0259d\u0259 sosial \u015f\u0259b\u0259k\u0259d\u0259 onun yax\u0131nlar\u0131 m\u0259lumat yay\u0131blar. Bel\u0259 ki, 44 ya\u015fl\u0131 direktor \u00f6t\u0259n gec\u0259 ya\u015fad\u0131\u011f\u0131 evd\u0259 v\u0259fat edib. Qeyd ed\u0259k ki, Eldost Azayev V\u0259t\u0259n m\u00fcharib\u0259sin\u0259 k\u00f6n\u00fcll\u00fc yollan\u0131b v\u0259 d\u00f6y\u00fc\u015fl\u0259rd\u0259 leytenant kimi i\u015ftirak edib. Ona m\u00fcharib\u0259nin gedi\u015find\u0259&hellip;","_links":{"self":[{"href":"https:\/\/arantv.az\/index.php?rest_route=\/wp\/v2\/posts\/660250"}],"collection":[{"href":"https:\/\/arantv.az\/index.php?rest_route=\/wp\/v2\/posts"}],"about":[{"href":"https:\/\/arantv.az\/index.php?rest_route=\/wp\/v2\/types\/post"}],"author":[{"embeddable":true,"href":"https:\/\/arantv.az\/index.php?rest_route=\/wp\/v2\/users\/2"}],"replies":[{"embeddable":true,"href":"https:\/\/arantv.az\/index.php?rest_route=%2Fwp%2Fv2%2Fcomments&post=660250"}],"version-history":[{"count":0,"href":"https:\/\/arantv.az\/index.php?rest_route=\/wp\/v2\/posts\/660250\/revisions"}],"wp:featuredmedia":[{"embeddable":true,"href":"https:\/\/arantv.az\/index.php?rest_route=\/wp\/v2\/media\/660251"}],"wp:attachment":[{"href":"https:\/\/arantv.az\/index.php?rest_route=%2Fwp%2Fv2%2Fmedia&parent=660250"}],"wp:term":[{"taxonomy":"category","embeddable":true,"href":"https:\/\/arantv.az\/index.php?rest_route=%2Fwp%2Fv2%2Fcategories&post=660250"},{"taxonomy":"post_tag","embeddable":true,"href":"https:\/\/arantv.az\/index.php?rest_route=%2Fwp%2Fv2%2Ftags&post=660250"}],"curies":[{"name":"wp","href":"https:\/\/api.w.org\/{rel}","templated":true}]}}