{"id":660259,"date":"2023-11-23T10:43:46","date_gmt":"2023-11-23T06:43:46","guid":{"rendered":"https:\/\/arantv.az\/?p=660259"},"modified":"2023-11-23T10:44:11","modified_gmt":"2023-11-23T06:44:11","slug":"v%c9%99t%c9%99n%c9%99-sevgi-xalqa-xidm%c9%99t-ruhu","status":"publish","type":"post","link":"https:\/\/arantv.az\/?p=660259","title":{"rendered":"V\u0259t\u0259n\u0259 sevgi, xalqa xidm\u0259t ruhu"},"content":{"rendered":"<p><strong>Ayd\u0131n \u0130SLAMZAD\u018f,<\/strong><br \/>\n<strong>Bak\u0131 D\u00f6vl\u0259t Universitetinin t\u0259l\u0259b\u0259si<\/strong><\/p>\n<p>D\u00f6vl\u0259t el\u0259 bir n\u0259sil formala\u015fd\u0131rmal\u0131d\u0131r ki, g\u0259l\u0259c\u0259yini ona etibar ed\u0259 bilsin. Az\u0259rbaycanda da d\u00f6vl\u0259t g\u0259ncl\u0259r siyas\u0259ti bu t\u0259m\u0259ll\u0259r \u00fcz\u0259rind\u0259 qurulmu\u015fdur. T\u0259sad\u00fcfi deyil ki, Ulu \u00d6nd\u0259r Heyd\u0259r \u018fliyevin xalq\u0131n t\u0259kidli t\u0259l\u0259bi il\u0259 siyasi hakimiyy\u0259t\u0259 qay\u0131d\u0131\u015f\u0131ndan sonra d\u00f6vl\u0259tin diqq\u0259t yetirdiyi sah\u0259l\u0259rd\u0259n biri d\u0259 g\u0259ncl\u0259r siyas\u0259ti oldu.<br \/>\n\u00dcmummilli Lider g\u0259nc n\u0259slin inki\u015faf\u0131 \u00fc\u00e7\u00fcn m\u00fch\u00fcm add\u0131mlar atd\u0131. 1993-c\u00fc il sentyabr\u0131n 22-d\u0259 h\u0259l\u0259 Ali Sovetin S\u0259dri olark\u0259n g\u0259ncl\u0259rl\u0259 g\u00f6r\u00fc\u015fd\u00fc, onlara inam v\u0259 etibar\u0131n\u0131 bildirdi, \u00f6lk\u0259nin inki\u015faf\u0131nda f\u0259al i\u015ftirak etm\u0259li olduqlar\u0131n\u0131 qeyd etdi. Heyd\u0259r \u018fliyevin g\u0259ncl\u0259rl\u0259 n\u00f6vb\u0259ti g\u00f6r\u00fc\u015f\u00fc 1995-ci ilin mart\u0131nda ke\u00e7irildi. \u00c7\u0131x\u0131\u015f\u0131nda h\u0259r zaman g\u0259ncl\u0259rin yan\u0131nda olaca\u011f\u0131n\u0131 vur\u011fulad\u0131, onlar\u0131n yeti\u015fm\u0259si \u00fc\u00e7\u00fcn \u0259zml\u0259 \u00e7al\u0131\u015faca\u011f\u0131n\u0131 bildirdi.<br \/>\nUlu \u00d6nd\u0259rin Az\u0259rbaycan g\u0259ncliyi il\u0259 ba\u011fl\u0131 h\u0259d\u0259fl\u0259rini biz onun nitql\u0259rind\u0259 a\u00e7\u0131q-ayd\u0131n g\u00f6r\u0259 bilirik: &#8220;\u00d6lk\u0259mizin bug\u00fcnk\u00fc g\u0259ncl\u0259ri, g\u0259nc n\u0259sli Az\u0259rbaycan\u0131n parlaq g\u0259l\u0259c\u0259yi yolunda \u00f6z xidm\u0259tl\u0259rini g\u00f6st\u0259r\u0259c\u0259k v\u0259 Az\u0259rbaycan\u0131 g\u0259l\u0259c\u0259kd\u0259 inki\u015faf etdir\u0259c\u0259kdir&#8221;.<br \/>\nHeyd\u0259r \u018fliyev 1994-c\u00fc il iyulun 26-da G\u0259ncl\u0259r v\u0259 \u0130dman Nazirliyinin yarad\u0131lmas\u0131 haqq\u0131nda f\u0259rman imzalad\u0131. Az\u0259rbaycan\u00e7\u0131l\u0131q v\u0259 d\u00f6vl\u0259t\u00e7ilik prinsipl\u0259ri \u0259sas\u0131nda yeni n\u0259slin formala\u015fmas\u0131, g\u0259ncl\u0259rin inki\u015faf\u0131n\u0131n t\u0259min edilm\u0259si, y\u00fcks\u0259k s\u0259viyy\u0259d\u0259 t\u0259hsil almas\u0131, vaxtlar\u0131n\u0131 s\u0259m\u0259r\u0259li ke\u00e7irm\u0259si nazirliyin qar\u015f\u0131s\u0131nda duran \u0259sas m\u0259s\u0259l\u0259l\u0259r oldu. Bu f\u0259rmandan sonra \u00f6lk\u0259d\u0259 geni\u015f t\u0259dbirl\u0259rin h\u0259yata ke\u00e7irilm\u0259sin\u0259 ba\u015flan\u0131ld\u0131. 1996-c\u0131 il fevral\u0131n 2-d\u0259 iki mind\u0259n \u00e7ox g\u0259ncin i\u015ftirak\u0131 il\u0259 Az\u0259rbaycan G\u0259ncl\u0259rinin 1-ci Forumu ke\u00e7irildi. T\u0259l\u0259b\u0259l\u0259r, h\u0259rb\u00e7il\u0259r, jurnalistl\u0259r, siyasi partiya v\u0259 dig\u0259r t\u0259\u015fkilatlardan olan g\u0259ncl\u0259rin i\u015ftirak etdikl\u0259ri forumda \u00e7\u0131x\u0131\u015f ed\u0259n Ulu \u00d6nd\u0259r Az\u0259rbaycan g\u0259ncliyin\u0259 xitab ed\u0259r\u0259k onlara olan g\u00fcv\u0259nini bir daha vur\u011fulad\u0131, yerin\u0259 yetirm\u0259li olduqlar\u0131 m\u0259s\u0259l\u0259l\u0259ri diqq\u0259t\u0259 \u00e7atd\u0131rd\u0131: &#8220;G\u0259ncl\u0259rin qar\u015f\u0131s\u0131nda duran v\u0259zif\u0259l\u0259r birinci n\u00f6vb\u0259d\u0259 c\u0259miyy\u0259td\u0259 \u00f6z yerini tutmaqdan, maarifl\u0259nm\u0259kd\u0259n, t\u0259hsilini art\u0131rmaqdan, c\u0259miyy\u0259t \u00fc\u00e7\u00fcn faydal\u0131 olmaqdan ibar\u0259tdir&#8221;.<br \/>\nD\u00f6vl\u0259t g\u0259ncl\u0259r siyas\u0259tinin davam\u0131 olaraq 1997-ci ild\u0259 verilmi\u015f f\u0259rmana \u0259sas\u0259n, 2 Fevral G\u0259ncl\u0259r G\u00fcn\u00fc elan edildi. Daha sonra G\u0259nc \u0130stedadlara Yard\u0131m Fondu yarad\u0131ld\u0131. Az\u0259rbaycan g\u0259ncl\u0259rinin ikinci forumu 1999-cu il mart\u0131n 2-3-d\u0259 ke\u00e7irildi. 1999-cu il iyulun 29-da &#8220;D\u00f6vl\u0259t g\u0259ncl\u0259r siyas\u0259ti haqq\u0131nda&#8221; f\u0259rman imzaland\u0131. F\u0259rmanda Az\u0259rbaycan g\u0259ncliyinin inki\u015faf\u0131 il\u0259 ba\u011fl\u0131 olduqca m\u00fch\u00fcm m\u0259s\u0259l\u0259l\u0259r \u0259ksini tapd\u0131. \u018flav\u0259 olaraq 1996-2002-ci ill\u0259r \u0259rzind\u0259 Heyd\u0259r \u018fliyev &#8220;B\u0259d\u0259n t\u0259rbiy\u0259si v\u0259 idman haqq\u0131nda&#8221;, &#8220;Az\u0259rbaycan\u0131n g\u0259nc istedadlar\u0131na d\u00f6vl\u0259t qay\u011f\u0131s\u0131 haqq\u0131nda&#8221;, &#8220;G\u0259nc istedadlar \u00fc\u00e7\u00fcn x\u00fcsusi t\u0259qa\u00fcdl\u0259rin t\u0259sis edilm\u0259si haqq\u0131nda&#8221; f\u0259rman v\u0259 s\u0259r\u0259ncamlar imzalad\u0131. G\u00f6r\u00fcl\u0259n t\u0259dbirl\u0259r n\u0259tic\u0259sind\u0259 Az\u0259rbaycan g\u0259ncl\u0259ri c\u0259miyy\u0259tin apar\u0131c\u0131 q\u00fcvv\u0259sin\u0259 \u00e7evrildi.<br \/>\nHeyd\u0259r \u018fliyev siyasi kursunu layiqinc\u0259 davam etdir\u0259n Prezident \u0130lham \u018fliyev t\u0259r\u0259find\u0259n g\u0259ncl\u0259r siyas\u0259ti bu g\u00fcn d\u0259 u\u011furla apar\u0131l\u0131r. Prezident 2005-ci il avqustun 30-da &#8220;Az\u0259rbaycan G\u0259ncliyi D\u00f6vl\u0259t Proqram\u0131n\u0131n t\u0259sdiq edilm\u0259si haqq\u0131nda&#8221; S\u0259r\u0259ncam imzalad\u0131. 2005-2009-cu ill\u0259ri \u0259hat\u0259 ed\u0259n proqramda Az\u0259rbaycan g\u0259ncliyinin inki\u015faf etdirilm\u0259si n\u0259z\u0259rd\u0259 tutulmu\u015fdur. \u00d6lk\u0259 Prezidentinin f\u0259rman\u0131 il\u0259 2006-c\u0131 ild\u0259 G\u0259ncl\u0259r v\u0259 \u0130dman Nazirliyi yenid\u0259n t\u0259\u015fkil edilmi\u015f, 2007-ci il is\u0259 \u00f6lk\u0259mizd\u0259 &#8220;G\u0259ncl\u0259r ili&#8221; kimi qeyd olunmu\u015fdur. &#8220;2007-2015-ci ill\u0259rd\u0259 Az\u0259rbaycan g\u0259ncl\u0259rinin xarici \u00f6lk\u0259l\u0259rd\u0259 t\u0259hsili \u00fczr\u0259 D\u00f6vl\u0259t Proqram\u0131&#8221;n\u0131n t\u0259sdiq edilm\u0259si il\u0259 5000-\u0259 q\u0259d\u0259r g\u0259ncimizin xarici \u00f6lk\u0259l\u0259rd\u0259 t\u0259hsil almas\u0131 imkan\u0131 yarad\u0131lm\u0131\u015fd\u0131r. G\u0259ncl\u0259rin m\u0259\u015f\u011fulluq sah\u0259sin\u0259 daim b\u00f6y\u00fck diqq\u0259t g\u00f6st\u0259r\u0259n \u00f6lk\u0259miz 2008-ci ilin sentyabr\u0131nda Heyd\u0259r \u018fliyev Fondunun d\u0259st\u0259yi il\u0259 &#8220;G\u0259ncl\u0259rin m\u0259\u015f\u011fulluq sammiti&#8221;n\u0259 evsahibliyi etmi\u015fdir. 2011-2015-ci ill\u0259rd\u0259 n\u00f6vb\u0259ti g\u0259ncl\u0259r siyas\u0259ti il\u0259 ba\u011fl\u0131 proqram u\u011furla h\u0259yata ke\u00e7irilmi\u015fdir. Prezident \u0130lham \u018fliyevin 15 sentyabr 2017-ci il tarixli &#8220;Az\u0259rbaycan g\u0259ncliyi 2017-2021-ci ill\u0259rd\u0259&#8221; D\u00f6vl\u0259t Proqram\u0131 il\u0259 ba\u011fl\u0131 s\u0259r\u0259ncam\u0131n\u0131n icras\u0131 da y\u00fcks\u0259k s\u0259viyy\u0259d\u0259 t\u0259min edilmi\u015fdir. 2020-ci il Az\u0259rbaycanda &#8220;K\u00f6n\u00fcll\u00fcl\u0259r ili&#8221; kimi ke\u00e7irilmi\u015fdir.<br \/>\n44 g\u00fcnl\u00fck V\u0259t\u0259n muharib\u0259sind\u0259 Az\u0259rbaycan Ordusu 30 il\u0259 yax\u0131n i\u015f\u011fal alt\u0131nda qalan torpaqlar\u0131m\u0131z\u0131 azad etmi\u015fdir. F\u0259xr edirik ki, qalib ordumuzun \u0259sg\u0259r v\u0259 zabitl\u0259ri s\u0131ras\u0131nda g\u0259ncl\u0259rimiz az deyil.<br \/>\nPrezident \u0130lham \u018fliyev bildirmi\u015fdir: &#8220;Bu g\u00fcn Az\u0259rbaycan t\u0259bii ki, inamla ir\u0259liy\u0259 bax\u0131r, \u00f6lk\u0259 qar\u015f\u0131s\u0131ndak\u0131 \u0259sas v\u0259zif\u0259l\u0259r \u00f6z h\u0259llini tapm\u0131\u015fd\u0131r. M\u0259n, \u0259lb\u0259tt\u0259, Qaraba\u011f m\u0259s\u0259l\u0259sini n\u0259z\u0259rd\u0259 tuturam. Dig\u0259r sah\u0259l\u0259rd\u0259 inamla add\u0131mlay\u0131r\u0131q. Biz haql\u0131 olaraq f\u0259xr edirik ki, Az\u0259rbaycan v\u0259t\u0259nda\u015flar\u0131y\u0131q v\u0259 g\u0259ncl\u0259r h\u0259m \u00f6z g\u0259l\u0259c\u0259k h\u0259yat\u0131n\u0131 d\u00fczg\u00fcn m\u00fc\u0259yy\u0259n etm\u0259k \u00fc\u00e7\u00fcn v\u0259 eyni zamanda d\u00f6vl\u0259t\u0259 maksimum xeyir verm\u0259k \u00fc\u00e7\u00fcn f\u0259al olmal\u0131d\u0131rlar. M\u0259n bu s\u00f6zl\u0259ri dem\u0259kl\u0259 eyni zamanda Az\u0259rbaycan g\u0259ncl\u0259rin\u0259 h\u0259m \u00fcr\u0259k s\u00f6zl\u0259rimi deyir\u0259m, h\u0259m d\u0259 t\u0259\u015f\u0259kk\u00fcr s\u00f6z\u00fcm\u00fc deyir\u0259m. \u00c7\u00fcnki bir \u00e7ox hallarda, x\u00fcsusil\u0259 V\u0259t\u0259n m\u00fcharib\u0259sind\u0259 g\u0259ncl\u0259rin rolu h\u0259lledici olmu\u015fdur v\u0259 biz haql\u0131 olaraq g\u0259ncl\u0259rimizl\u0259 f\u0259xr ed\u0259 bil\u0259rik&#8221;.<\/p>\n<p><img loading=\"lazy\" class=\"alignnone size-medium wp-image-660264\" src=\"https:\/\/arantv.az\/wp-content\/uploads\/2023\/11\/373468131_1095598681444483_9141338709875405660_n-643x365.jpg\" alt=\"\" width=\"643\" height=\"365\" \/><\/p>\n<p><strong>ARANTV.AZ\u00a0<\/strong><\/p>\n<p><strong>Niluf\u0259r \u018fliyeva<\/strong><\/p>\n","protected":false},"excerpt":{"rendered":"<p>Ayd\u0131n \u0130SLAMZAD\u018f, Bak\u0131 D\u00f6vl\u0259t Universitetinin t\u0259l\u0259b\u0259si D\u00f6vl\u0259t el\u0259 bir n\u0259sil formala\u015fd\u0131rmal\u0131d\u0131r ki, g\u0259l\u0259c\u0259yini ona etibar ed\u0259 bilsin. Az\u0259rbaycanda da d\u00f6vl\u0259t g\u0259ncl\u0259r siyas\u0259ti bu t\u0259m\u0259ll\u0259r \u00fcz\u0259rind\u0259 qurulmu\u015fdur. T\u0259sad\u00fcfi deyil ki, Ulu \u00d6nd\u0259r Heyd\u0259r \u018fliyevin xalq\u0131n t\u0259kidli t\u0259l\u0259bi il\u0259 siyasi hakimiyy\u0259t\u0259 qay\u0131d\u0131\u015f\u0131ndan sonra d\u00f6vl\u0259tin diqq\u0259t yetirdiyi sah\u0259l\u0259rd\u0259n biri d\u0259 g\u0259ncl\u0259r siyas\u0259ti oldu. \u00dcmummilli Lider g\u0259nc n\u0259slin inki\u015faf\u0131 \u00fc\u00e7\u00fcn m\u00fch\u00fcm add\u0131mlar atd\u0131. 1993-c\u00fc il sentyabr\u0131n 22-d\u0259 h\u0259l\u0259 Ali Sovetin S\u0259dri olark\u0259n g\u0259ncl\u0259rl\u0259 g\u00f6r\u00fc\u015fd\u00fc, onlara inam v\u0259 etibar\u0131n\u0131 bildirdi, \u00f6lk\u0259nin inki\u015faf\u0131nda f\u0259al i\u015ftirak etm\u0259li olduqlar\u0131n\u0131 qeyd etdi. Heyd\u0259r \u018fliyevin g\u0259ncl\u0259rl\u0259 n\u00f6vb\u0259ti g\u00f6r\u00fc\u015f\u00fc 1995-ci ilin&hellip;<\/p>\n","protected":false},"author":2,"featured_media":660262,"comment_status":"closed","ping_status":"closed","sticky":false,"template":"","format":"standard","meta":{"om_disable_all_campaigns":false,"_monsterinsights_skip_tracking":false,"_monsterinsights_sitenote_active":false,"_monsterinsights_sitenote_note":"","_monsterinsights_sitenote_category":0},"categories":[2],"tags":[],"aioseo_notices":[],"gutentor_comment":0,"rttpg_featured_image_url":{"full":["https:\/\/arantv.az\/wp-content\/uploads\/2023\/11\/387488558_700332245396073_1497930130076623818_n.jpg",655,1080,false],"landscape":["https:\/\/arantv.az\/wp-content\/uploads\/2023\/11\/387488558_700332245396073_1497930130076623818_n.jpg",655,1080,false],"portraits":["https:\/\/arantv.az\/wp-content\/uploads\/2023\/11\/387488558_700332245396073_1497930130076623818_n.jpg",655,1080,false],"thumbnail":["https:\/\/arantv.az\/wp-content\/uploads\/2023\/11\/387488558_700332245396073_1497930130076623818_n-500x280.jpg",500,280,true],"medium":["https:\/\/arantv.az\/wp-content\/uploads\/2023\/11\/387488558_700332245396073_1497930130076623818_n-221x365.jpg",221,365,true],"large":["https:\/\/arantv.az\/wp-content\/uploads\/2023\/11\/387488558_700332245396073_1497930130076623818_n-509x840.jpg",509,840,true],"1536x1536":["https:\/\/arantv.az\/wp-content\/uploads\/2023\/11\/387488558_700332245396073_1497930130076623818_n.jpg",655,1080,false],"2048x2048":["https:\/\/arantv.az\/wp-content\/uploads\/2023\/11\/387488558_700332245396073_1497930130076623818_n.jpg",655,1080,false],"post-thumbnail":["https:\/\/arantv.az\/wp-content\/uploads\/2023\/11\/387488558_700332245396073_1497930130076623818_n-240x172.jpg",240,172,true],"advps-thumb-one":["https:\/\/arantv.az\/wp-content\/uploads\/2023\/11\/387488558_700332245396073_1497930130076623818_n-655x620.jpg",655,620,true]},"rttpg_author":{"display_name":"V\u00fcsal Rafiqo\u011flu","author_link":"https:\/\/arantv.az\/?author=2"},"rttpg_comment":0,"rttpg_category":"<a href=\"https:\/\/arantv.az\/?cat=2\" rel=\"category\">Region X\u0259b\u0259rl\u0259ri<\/a>","rttpg_excerpt":"Ayd\u0131n \u0130SLAMZAD\u018f, Bak\u0131 D\u00f6vl\u0259t Universitetinin t\u0259l\u0259b\u0259si D\u00f6vl\u0259t el\u0259 bir n\u0259sil formala\u015fd\u0131rmal\u0131d\u0131r ki, g\u0259l\u0259c\u0259yini ona etibar ed\u0259 bilsin. Az\u0259rbaycanda da d\u00f6vl\u0259t g\u0259ncl\u0259r siyas\u0259ti bu t\u0259m\u0259ll\u0259r \u00fcz\u0259rind\u0259 qurulmu\u015fdur. T\u0259sad\u00fcfi deyil ki, Ulu \u00d6nd\u0259r Heyd\u0259r \u018fliyevin xalq\u0131n t\u0259kidli t\u0259l\u0259bi il\u0259 siyasi hakimiyy\u0259t\u0259 qay\u0131d\u0131\u015f\u0131ndan sonra d\u00f6vl\u0259tin diqq\u0259t yetirdiyi sah\u0259l\u0259rd\u0259n biri d\u0259 g\u0259ncl\u0259r siyas\u0259ti oldu. \u00dcmummilli Lider g\u0259nc n\u0259slin inki\u015faf\u0131&hellip;","_links":{"self":[{"href":"https:\/\/arantv.az\/index.php?rest_route=\/wp\/v2\/posts\/660259"}],"collection":[{"href":"https:\/\/arantv.az\/index.php?rest_route=\/wp\/v2\/posts"}],"about":[{"href":"https:\/\/arantv.az\/index.php?rest_route=\/wp\/v2\/types\/post"}],"author":[{"embeddable":true,"href":"https:\/\/arantv.az\/index.php?rest_route=\/wp\/v2\/users\/2"}],"replies":[{"embeddable":true,"href":"https:\/\/arantv.az\/index.php?rest_route=%2Fwp%2Fv2%2Fcomments&post=660259"}],"version-history":[{"count":0,"href":"https:\/\/arantv.az\/index.php?rest_route=\/wp\/v2\/posts\/660259\/revisions"}],"wp:featuredmedia":[{"embeddable":true,"href":"https:\/\/arantv.az\/index.php?rest_route=\/wp\/v2\/media\/660262"}],"wp:attachment":[{"href":"https:\/\/arantv.az\/index.php?rest_route=%2Fwp%2Fv2%2Fmedia&parent=660259"}],"wp:term":[{"taxonomy":"category","embeddable":true,"href":"https:\/\/arantv.az\/index.php?rest_route=%2Fwp%2Fv2%2Fcategories&post=660259"},{"taxonomy":"post_tag","embeddable":true,"href":"https:\/\/arantv.az\/index.php?rest_route=%2Fwp%2Fv2%2Ftags&post=660259"}],"curies":[{"name":"wp","href":"https:\/\/api.w.org\/{rel}","templated":true}]}}