{"id":661033,"date":"2023-11-24T21:16:57","date_gmt":"2023-11-24T17:16:57","guid":{"rendered":"https:\/\/arantv.az\/?p=661033"},"modified":"2023-11-24T21:16:57","modified_gmt":"2023-11-24T17:16:57","slug":"13-yasli-yeniyetm%c9%99-onu-atan-anasini-bagislayacaqmi-video","status":"publish","type":"post","link":"https:\/\/arantv.az\/?p=661033","title":{"rendered":"13 ya\u015fl\u0131 yeniyetm\u0259 onu atan anas\u0131n\u0131 ba\u011f\u0131\u015flayacaqm\u0131? &#8211; V\u0130DEO"},"content":{"rendered":"<article class=\"news\">\n<div class=\"news-inner\">\n<p>Baku TV-d\u0259 yay\u0131mlanan \u201cArzunun vaxt\u0131\u201d verili\u015finin yeni burax\u0131l\u0131\u015f\u0131 efir\u0259 gedib.<\/p>\n<p>Verili\u015fin bud\u0259f\u0259ki burax\u0131l\u0131\u015f\u0131nda atas\u0131 v\u0259fat etdikd\u0259n sonra anas\u0131 t\u0259r\u0259find\u0259n t\u0259rk edil\u0259n 13 ya\u015fl\u0131 V\u00fcsal (ad \u015f\u0259rtidir) \u00f6z h\u0259yat hekay\u0259sini dan\u0131\u015f\u0131b.<\/p>\n<p>N\u0259n\u0259sinin v\u0259 babas\u0131n\u0131n himay\u0259sind\u0259 ya\u015fayan azya\u015fl\u0131n\u0131n s\u00f6zl\u0259rin\u0259 g\u00f6r\u0259, anas\u0131 onu 6 ya\u015f\u0131nda ik\u0259n at\u0131b gedib v\u0259 ba\u015fqas\u0131 il\u0259 ail\u0259 qurub. \u0130kinci u\u015fa\u011f\u0131n\u0131 d\u00fcnyaya g\u0259tir\u0259nd\u0259n bir m\u00fcdd\u0259t sonra is\u0259 iflic olub.<\/p>\n<p>\u201cAnam\u0131n iflic oldu\u011funu n\u0259n\u0259mgild\u0259n \u00f6yr\u0259ndim, pis olmad\u0131m. G\u0259lib m\u0259nl\u0259 ya\u015famaq ist\u0259s\u0259, q\u0259bul etm\u0259r\u0259m\u201d, &#8211;\u00a0o s\u00f6yl\u0259yib.<\/p>\n<p>V\u00fcsal\u0131n \u0259n b\u00f6y\u00fck arzular\u0131ndan biri \u015f\u0259xsi komp\u00fcterinin olmas\u0131d\u0131r. Lakin ail\u0259nin maddi imkan\u0131 onun bu ist\u0259yini yerin\u0259 yetirm\u0259y\u0259 imkan vermir.<\/p>\n<p>\u018ftrafl\u0131 s\u00fcjetd\u0259:<\/p>\n<div><iframe loading=\"lazy\" title=\"YouTube video player\" src=\"https:\/\/www.youtube.com\/embed\/2r-dSgxIQgY?si=J5KDfoiLXNTGDBb0\" width=\"560\" height=\"315\" frameborder=\"0\" allowfullscreen=\"allowfullscreen\" data-mce-fragment=\"1\"><\/iframe><\/div>\n<\/div>\n<\/article>\n","protected":false},"excerpt":{"rendered":"<p>Baku TV-d\u0259 yay\u0131mlanan \u201cArzunun vaxt\u0131\u201d verili\u015finin yeni burax\u0131l\u0131\u015f\u0131 efir\u0259 gedib. Verili\u015fin bud\u0259f\u0259ki burax\u0131l\u0131\u015f\u0131nda atas\u0131 v\u0259fat etdikd\u0259n sonra anas\u0131 t\u0259r\u0259find\u0259n t\u0259rk edil\u0259n 13 ya\u015fl\u0131 V\u00fcsal (ad \u015f\u0259rtidir) \u00f6z h\u0259yat hekay\u0259sini dan\u0131\u015f\u0131b. N\u0259n\u0259sinin v\u0259 babas\u0131n\u0131n himay\u0259sind\u0259 ya\u015fayan azya\u015fl\u0131n\u0131n s\u00f6zl\u0259rin\u0259 g\u00f6r\u0259, anas\u0131 onu 6 ya\u015f\u0131nda ik\u0259n at\u0131b gedib v\u0259 ba\u015fqas\u0131 il\u0259 ail\u0259 qurub. \u0130kinci u\u015fa\u011f\u0131n\u0131 d\u00fcnyaya g\u0259tir\u0259nd\u0259n bir m\u00fcdd\u0259t sonra is\u0259 iflic olub. \u201cAnam\u0131n iflic oldu\u011funu n\u0259n\u0259mgild\u0259n \u00f6yr\u0259ndim, pis olmad\u0131m. G\u0259lib m\u0259nl\u0259 ya\u015famaq ist\u0259s\u0259, q\u0259bul etm\u0259r\u0259m\u201d, &#8211;\u00a0o s\u00f6yl\u0259yib. V\u00fcsal\u0131n \u0259n b\u00f6y\u00fck arzular\u0131ndan biri \u015f\u0259xsi komp\u00fcterinin olmas\u0131d\u0131r. Lakin ail\u0259nin maddi imkan\u0131 onun bu ist\u0259yini&hellip;<\/p>\n","protected":false},"author":2,"featured_media":661037,"comment_status":"closed","ping_status":"closed","sticky":false,"template":"","format":"standard","meta":{"om_disable_all_campaigns":false,"_monsterinsights_skip_tracking":false,"_monsterinsights_sitenote_active":false,"_monsterinsights_sitenote_note":"","_monsterinsights_sitenote_category":0},"categories":[1],"tags":[],"aioseo_notices":[],"gutentor_comment":0,"rttpg_featured_image_url":{"full":["https:\/\/arantv.az\/wp-content\/uploads\/2023\/11\/Screenshot-2023-11-24-200639.jpg",620,413,false],"landscape":["https:\/\/arantv.az\/wp-content\/uploads\/2023\/11\/Screenshot-2023-11-24-200639.jpg",620,413,false],"portraits":["https:\/\/arantv.az\/wp-content\/uploads\/2023\/11\/Screenshot-2023-11-24-200639.jpg",620,413,false],"thumbnail":["https:\/\/arantv.az\/wp-content\/uploads\/2023\/11\/Screenshot-2023-11-24-200639-500x280.jpg",500,280,true],"medium":["https:\/\/arantv.az\/wp-content\/uploads\/2023\/11\/Screenshot-2023-11-24-200639-548x365.jpg",548,365,true],"large":["https:\/\/arantv.az\/wp-content\/uploads\/2023\/11\/Screenshot-2023-11-24-200639.jpg",620,413,false],"1536x1536":["https:\/\/arantv.az\/wp-content\/uploads\/2023\/11\/Screenshot-2023-11-24-200639.jpg",620,413,false],"2048x2048":["https:\/\/arantv.az\/wp-content\/uploads\/2023\/11\/Screenshot-2023-11-24-200639.jpg",620,413,false],"post-thumbnail":["https:\/\/arantv.az\/wp-content\/uploads\/2023\/11\/Screenshot-2023-11-24-200639-240x172.jpg",240,172,true],"advps-thumb-one":["https:\/\/arantv.az\/wp-content\/uploads\/2023\/11\/Screenshot-2023-11-24-200639.jpg",620,413,false]},"rttpg_author":{"display_name":"V\u00fcsal Rafiqo\u011flu","author_link":"https:\/\/arantv.az\/?author=2"},"rttpg_comment":0,"rttpg_category":"<a href=\"https:\/\/arantv.az\/?cat=1\" rel=\"category\">C\u0259miyy\u0259t<\/a>","rttpg_excerpt":"Baku TV-d\u0259 yay\u0131mlanan \u201cArzunun vaxt\u0131\u201d verili\u015finin yeni burax\u0131l\u0131\u015f\u0131 efir\u0259 gedib. Verili\u015fin bud\u0259f\u0259ki burax\u0131l\u0131\u015f\u0131nda atas\u0131 v\u0259fat etdikd\u0259n sonra anas\u0131 t\u0259r\u0259find\u0259n t\u0259rk edil\u0259n 13 ya\u015fl\u0131 V\u00fcsal (ad \u015f\u0259rtidir) \u00f6z h\u0259yat hekay\u0259sini dan\u0131\u015f\u0131b. N\u0259n\u0259sinin v\u0259 babas\u0131n\u0131n himay\u0259sind\u0259 ya\u015fayan azya\u015fl\u0131n\u0131n s\u00f6zl\u0259rin\u0259 g\u00f6r\u0259, anas\u0131 onu 6 ya\u015f\u0131nda ik\u0259n at\u0131b gedib v\u0259 ba\u015fqas\u0131 il\u0259 ail\u0259 qurub. \u0130kinci u\u015fa\u011f\u0131n\u0131 d\u00fcnyaya g\u0259tir\u0259nd\u0259n bir&hellip;","_links":{"self":[{"href":"https:\/\/arantv.az\/index.php?rest_route=\/wp\/v2\/posts\/661033"}],"collection":[{"href":"https:\/\/arantv.az\/index.php?rest_route=\/wp\/v2\/posts"}],"about":[{"href":"https:\/\/arantv.az\/index.php?rest_route=\/wp\/v2\/types\/post"}],"author":[{"embeddable":true,"href":"https:\/\/arantv.az\/index.php?rest_route=\/wp\/v2\/users\/2"}],"replies":[{"embeddable":true,"href":"https:\/\/arantv.az\/index.php?rest_route=%2Fwp%2Fv2%2Fcomments&post=661033"}],"version-history":[{"count":0,"href":"https:\/\/arantv.az\/index.php?rest_route=\/wp\/v2\/posts\/661033\/revisions"}],"wp:featuredmedia":[{"embeddable":true,"href":"https:\/\/arantv.az\/index.php?rest_route=\/wp\/v2\/media\/661037"}],"wp:attachment":[{"href":"https:\/\/arantv.az\/index.php?rest_route=%2Fwp%2Fv2%2Fmedia&parent=661033"}],"wp:term":[{"taxonomy":"category","embeddable":true,"href":"https:\/\/arantv.az\/index.php?rest_route=%2Fwp%2Fv2%2Fcategories&post=661033"},{"taxonomy":"post_tag","embeddable":true,"href":"https:\/\/arantv.az\/index.php?rest_route=%2Fwp%2Fv2%2Ftags&post=661033"}],"curies":[{"name":"wp","href":"https:\/\/api.w.org\/{rel}","templated":true}]}}