{"id":661036,"date":"2023-11-24T21:17:52","date_gmt":"2023-11-24T17:17:52","guid":{"rendered":"https:\/\/arantv.az\/?p=661036"},"modified":"2023-11-24T21:17:52","modified_gmt":"2023-11-24T17:17:52","slug":"emin-%c9%99mrullayev-naxcivanda-t%c9%99hsilin-keyfiyy%c9%99ti-az%c9%99rbaycanin-dig%c9%99r-bolg%c9%99l%c9%99ri-il%c9%99-muqayis%c9%99d%c9%99-yuxaridir","status":"publish","type":"post","link":"https:\/\/arantv.az\/?p=661036","title":{"rendered":"Emin \u018fmrullayev: \u201cNax\u00e7\u0131vanda t\u0259hsilin keyfiyy\u0259ti Az\u0259rbaycan\u0131n dig\u0259r b\u00f6lg\u0259l\u0259ri il\u0259 m\u00fcqayis\u0259d\u0259 yuxar\u0131d\u0131r\u201d"},"content":{"rendered":"<p>\u201cHaz\u0131rda Nax\u00e7\u0131van Muxtar Respublikas\u0131n\u0131n \u00fcmumt\u0259hsil m\u00fc\u0259ssis\u0259l\u0259rind\u0259 t\u0259hsilin keyfiyy\u0259ti, m\u00fcqayis\u0259 il\u0259 baxsaq, Az\u0259rbaycan\u0131n dig\u0259r b\u00f6lg\u0259l\u0259ri il\u0259 m\u00fcqayis\u0259d\u0259 ortadan yuxar\u0131 v\u0259 yaxud da nisb\u0259t\u0259n siyah\u0131n\u0131n daha yuxar\u0131 hiss\u0259sind\u0259dir\u201d.<\/p>\n<p>\u201cReport\u201d\u00a0x\u0259b\u0259r verir ki, bunu Nax\u00e7\u0131vanda s\u0259f\u0259rd\u0259 olan elm v\u0259 t\u0259hsil naziri Emin \u018fmrullayev deyib.<\/p>\n<p>Nazir qeyd edib ki, Nax\u00e7\u0131van Muxtar Respublikas\u0131 Elm v\u0259 T\u0259hsil Nazirliyi il\u0259 birg\u0259 f\u0259aliyy\u0259t plan\u0131 var.<\/p>\n<p>\u201cN\u00fcmun\u0259 \u00fc\u00e7\u00fcn dey\u0259 bil\u0259r\u0259m ki, \u00fcmumt\u0259hsil m\u00fc\u0259ssis\u0259l\u0259rin\u0259 direktor v\u0259 direktor m\u00fcavinl\u0259rinin t\u0259yinat\u0131, m\u00fc\u0259lliml\u0259rin i\u015f\u0259 q\u0259bulu imtahan\u0131, sertifikasiya v\u0259 bunun n\u0259tic\u0259sind\u0259 \u0259m\u0259khaqq\u0131n\u0131n art\u0131r\u0131lmas\u0131 il\u0259 ba\u011fl\u0131 veril\u0259n q\u0259rarlar, h\u0259m\u00e7inin, m\u00fc\u0259lliml\u0259rin saat b\u00f6lg\u00fcs\u00fc il\u0259 ba\u011fl\u0131 alqoritml\u0259r, b\u00f6lg\u00fcn\u00fcn hans\u0131 qaydada apar\u0131lmas\u0131, dig\u0259r t\u0259hsil m\u00fc\u0259ssis\u0259l\u0259rin\u0259 i\u015f\u0259 q\u0259bul, \u015fagird yerd\u0259yi\u015fm\u0259si v\u0259 bununla ba\u011fl\u0131 m\u0259lumatlar\u0131n toplanmas\u0131 kimi ox\u015far prosedurlar m\u0259rk\u0259zl\u0259\u015fdirilmi\u015f qaydada h\u0259yata ke\u00e7irilsin. Bunlarla ba\u011fl\u0131 art\u0131q bir yol x\u0259rit\u0259miz var. N\u00f6vb\u0259ti il ola bil\u0259r ki, m\u00fc\u0259lliml\u0259rin i\u015f\u0259 q\u0259bulu imtahan\u0131 sinxronla\u015fd\u0131r\u0131ls\u0131n. Amma, t\u0259bii ki, burada muxtar respublikan\u0131n \u00f6z\u0259l x\u00fcsusiyy\u0259tl\u0259ri n\u0259z\u0259r\u0259 al\u0131nmal\u0131d\u0131r. Y\u0259ni Nax\u00e7\u0131vanda qeydiyyatda olan, Nax\u00e7\u0131vanda ya\u015fayan v\u0259 yaxud da Nax\u00e7\u0131vana geri d\u00f6nm\u0259k ist\u0259y\u0259n insanlar\u0131n burada i\u015fl\u0259 t\u0259min olunmas\u0131 m\u0259s\u0259l\u0259si prioritetdir. Dig\u0259r probleml\u0259r d\u0259 \u00fcmid edirik ki, q\u0131sa m\u00fcdd\u0259t \u0259rzind\u0259 aradan qald\u0131r\u0131lacaq\u201d, &#8211; E.\u018fmrullayev vur\u011fulay\u0131b.<\/p>\n","protected":false},"excerpt":{"rendered":"<p>\u201cHaz\u0131rda Nax\u00e7\u0131van Muxtar Respublikas\u0131n\u0131n \u00fcmumt\u0259hsil m\u00fc\u0259ssis\u0259l\u0259rind\u0259 t\u0259hsilin keyfiyy\u0259ti, m\u00fcqayis\u0259 il\u0259 baxsaq, Az\u0259rbaycan\u0131n dig\u0259r b\u00f6lg\u0259l\u0259ri il\u0259 m\u00fcqayis\u0259d\u0259 ortadan yuxar\u0131 v\u0259 yaxud da nisb\u0259t\u0259n siyah\u0131n\u0131n daha yuxar\u0131 hiss\u0259sind\u0259dir\u201d. \u201cReport\u201d\u00a0x\u0259b\u0259r verir ki, bunu Nax\u00e7\u0131vanda s\u0259f\u0259rd\u0259 olan elm v\u0259 t\u0259hsil naziri Emin \u018fmrullayev deyib. Nazir qeyd edib ki, Nax\u00e7\u0131van Muxtar Respublikas\u0131 Elm v\u0259 T\u0259hsil Nazirliyi il\u0259 birg\u0259 f\u0259aliyy\u0259t plan\u0131 var. \u201cN\u00fcmun\u0259 \u00fc\u00e7\u00fcn dey\u0259 bil\u0259r\u0259m ki, \u00fcmumt\u0259hsil m\u00fc\u0259ssis\u0259l\u0259rin\u0259 direktor v\u0259 direktor m\u00fcavinl\u0259rinin t\u0259yinat\u0131, m\u00fc\u0259lliml\u0259rin i\u015f\u0259 q\u0259bulu imtahan\u0131, sertifikasiya v\u0259 bunun n\u0259tic\u0259sind\u0259 \u0259m\u0259khaqq\u0131n\u0131n art\u0131r\u0131lmas\u0131 il\u0259 ba\u011fl\u0131 veril\u0259n q\u0259rarlar, h\u0259m\u00e7inin, m\u00fc\u0259lliml\u0259rin saat b\u00f6lg\u00fcs\u00fc il\u0259 ba\u011fl\u0131 alqoritml\u0259r, b\u00f6lg\u00fcn\u00fcn&hellip;<\/p>\n","protected":false},"author":2,"featured_media":462072,"comment_status":"closed","ping_status":"closed","sticky":false,"template":"","format":"standard","meta":{"om_disable_all_campaigns":false,"_monsterinsights_skip_tracking":false,"_monsterinsights_sitenote_active":false,"_monsterinsights_sitenote_note":"","_monsterinsights_sitenote_category":0},"categories":[1],"tags":[],"aioseo_notices":[],"gutentor_comment":0,"rttpg_featured_image_url":{"full":["https:\/\/arantv.az\/wp-content\/uploads\/2022\/04\/emin_emrullayev_0854.jpg",800,600,false],"landscape":["https:\/\/arantv.az\/wp-content\/uploads\/2022\/04\/emin_emrullayev_0854.jpg",800,600,false],"portraits":["https:\/\/arantv.az\/wp-content\/uploads\/2022\/04\/emin_emrullayev_0854.jpg",800,600,false],"thumbnail":["https:\/\/arantv.az\/wp-content\/uploads\/2022\/04\/emin_emrullayev_0854-500x280.jpg",500,280,true],"medium":["https:\/\/arantv.az\/wp-content\/uploads\/2022\/04\/emin_emrullayev_0854-487x365.jpg",487,365,true],"large":["https:\/\/arantv.az\/wp-content\/uploads\/2022\/04\/emin_emrullayev_0854.jpg",640,480,false],"1536x1536":["https:\/\/arantv.az\/wp-content\/uploads\/2022\/04\/emin_emrullayev_0854.jpg",800,600,false],"2048x2048":["https:\/\/arantv.az\/wp-content\/uploads\/2022\/04\/emin_emrullayev_0854.jpg",800,600,false],"post-thumbnail":["https:\/\/arantv.az\/wp-content\/uploads\/2022\/04\/emin_emrullayev_0854-240x172.jpg",240,172,true],"advps-thumb-one":["https:\/\/arantv.az\/wp-content\/uploads\/2022\/04\/emin_emrullayev_0854.jpg",800,600,false]},"rttpg_author":{"display_name":"V\u00fcsal Rafiqo\u011flu","author_link":"https:\/\/arantv.az\/?author=2"},"rttpg_comment":0,"rttpg_category":"<a href=\"https:\/\/arantv.az\/?cat=1\" rel=\"category\">C\u0259miyy\u0259t<\/a>","rttpg_excerpt":"\u201cHaz\u0131rda Nax\u00e7\u0131van Muxtar Respublikas\u0131n\u0131n \u00fcmumt\u0259hsil m\u00fc\u0259ssis\u0259l\u0259rind\u0259 t\u0259hsilin keyfiyy\u0259ti, m\u00fcqayis\u0259 il\u0259 baxsaq, Az\u0259rbaycan\u0131n dig\u0259r b\u00f6lg\u0259l\u0259ri il\u0259 m\u00fcqayis\u0259d\u0259 ortadan yuxar\u0131 v\u0259 yaxud da nisb\u0259t\u0259n siyah\u0131n\u0131n daha yuxar\u0131 hiss\u0259sind\u0259dir\u201d. \u201cReport\u201d\u00a0x\u0259b\u0259r verir ki, bunu Nax\u00e7\u0131vanda s\u0259f\u0259rd\u0259 olan elm v\u0259 t\u0259hsil naziri Emin \u018fmrullayev deyib. Nazir qeyd edib ki, Nax\u00e7\u0131van Muxtar Respublikas\u0131 Elm v\u0259 T\u0259hsil Nazirliyi il\u0259 birg\u0259 f\u0259aliyy\u0259t plan\u0131&hellip;","_links":{"self":[{"href":"https:\/\/arantv.az\/index.php?rest_route=\/wp\/v2\/posts\/661036"}],"collection":[{"href":"https:\/\/arantv.az\/index.php?rest_route=\/wp\/v2\/posts"}],"about":[{"href":"https:\/\/arantv.az\/index.php?rest_route=\/wp\/v2\/types\/post"}],"author":[{"embeddable":true,"href":"https:\/\/arantv.az\/index.php?rest_route=\/wp\/v2\/users\/2"}],"replies":[{"embeddable":true,"href":"https:\/\/arantv.az\/index.php?rest_route=%2Fwp%2Fv2%2Fcomments&post=661036"}],"version-history":[{"count":0,"href":"https:\/\/arantv.az\/index.php?rest_route=\/wp\/v2\/posts\/661036\/revisions"}],"wp:featuredmedia":[{"embeddable":true,"href":"https:\/\/arantv.az\/index.php?rest_route=\/wp\/v2\/media\/462072"}],"wp:attachment":[{"href":"https:\/\/arantv.az\/index.php?rest_route=%2Fwp%2Fv2%2Fmedia&parent=661036"}],"wp:term":[{"taxonomy":"category","embeddable":true,"href":"https:\/\/arantv.az\/index.php?rest_route=%2Fwp%2Fv2%2Fcategories&post=661036"},{"taxonomy":"post_tag","embeddable":true,"href":"https:\/\/arantv.az\/index.php?rest_route=%2Fwp%2Fv2%2Ftags&post=661036"}],"curies":[{"name":"wp","href":"https:\/\/api.w.org\/{rel}","templated":true}]}}