{"id":661042,"date":"2023-11-24T21:18:51","date_gmt":"2023-11-24T17:18:51","guid":{"rendered":"https:\/\/arantv.az\/?p=661042"},"modified":"2023-11-24T21:18:51","modified_gmt":"2023-11-24T17:18:51","slug":"aygun-b%c9%99yl%c9%99r-ill%c9%99r-sonravideo","status":"publish","type":"post","link":"https:\/\/arantv.az\/?p=661042","title":{"rendered":"Ayg\u00fcn B\u0259yl\u0259r ill\u0259r sonra\u2026V\u0130DEO"},"content":{"rendered":"<div class=\"text-content\" data-id=\"\" data-url=\"\">\n<p><strong>\u018fm\u0259kdar artist Ayg\u00fcn B\u0259yl\u0259r ill\u0259r sonra konsert ver\u0259c\u0259k.<\/strong><\/p>\n<p>OLAY yaz\u0131r ki, bu bar\u0259d\u0259 s\u0259n\u0259t\u00e7i \u00f6z\u00fc m\u0259lumat yay\u0131b.<\/p>\n<p>O bildirib ki, dekabr ay\u0131n\u0131n 26-\u0131 Heyd\u0259r \u018fliyev Saray\u0131nda s\u0259hn\u0259 alacaq.<\/p>\n<p>Ayg\u00fcn B\u0259yl\u0259r konserti \u00fc\u00e7\u00fcn kamera qar\u015f\u0131s\u0131na ke\u00e7ib v\u0259 \u00e7\u0259kili\u015f etdirib.<\/p>\n<p>Xat\u0131rladaq ki, \u018fm\u0259kdar artist bir m\u00fcdd\u0259tdir x\u0259r\u00e7\u0259ng x\u0259st\u0259liyind\u0259n \u0259ziyy\u0259t \u00e7\u0259kir.<\/p>\n<p><iframe loading=\"lazy\" id=\"instagram-embed-0\" class=\"instagram-media instagram-media-rendered\" src=\"https:\/\/www.instagram.com\/reel\/Cz_6KwANTx7\/embed\/captioned\/?cr=1&amp;v=12&amp;wp=795&amp;rd=https%3A%2F%2Folay.az&amp;rp=%2Fincesenet%2F18649-aygun-beyler-iller-sonra.html#%7B%22ci%22%3A0%2C%22os%22%3A766.0999999046326%2C%22ls%22%3A176.79999995231628%2C%22le%22%3A652.2999999523163%7D\" width=\"640\" height=\"460\" frameborder=\"0\" scrolling=\"no\" allowfullscreen=\"allowfullscreen\" data-instgrm-payload-id=\"instagram-media-payload-0\" data-mce-fragment=\"1\"><\/iframe><\/p>\n<\/div>\n<div><\/div>\n<div>\n<div class=\"banner banner-6cdd60ea0045eb7a6ec44c54d29ed402\" data-banner=\"MTg0\">\n<div><ins id=\"revive-0-0\" data-revive-zoneid=\"134\" data-revive-id=\"144e1bb6fa796840b2323709bbb2f595\" data-revive-seq=\"0\" data-revive-loaded=\"1\"><iframe width=\"0\" height=\"0\" frameborder=\"0\" scrolling=\"no\" data-mce-fragment=\"1\"><\/iframe><\/ins><\/div>\n<\/div>\n<\/div>\n","protected":false},"excerpt":{"rendered":"<p>\u018fm\u0259kdar artist Ayg\u00fcn B\u0259yl\u0259r ill\u0259r sonra konsert ver\u0259c\u0259k. OLAY yaz\u0131r ki, bu bar\u0259d\u0259 s\u0259n\u0259t\u00e7i \u00f6z\u00fc m\u0259lumat yay\u0131b. O bildirib ki, dekabr ay\u0131n\u0131n 26-\u0131 Heyd\u0259r \u018fliyev Saray\u0131nda s\u0259hn\u0259 alacaq. Ayg\u00fcn B\u0259yl\u0259r konserti \u00fc\u00e7\u00fcn kamera qar\u015f\u0131s\u0131na ke\u00e7ib v\u0259 \u00e7\u0259kili\u015f etdirib. Xat\u0131rladaq ki, \u018fm\u0259kdar artist bir m\u00fcdd\u0259tdir x\u0259r\u00e7\u0259ng x\u0259st\u0259liyind\u0259n \u0259ziyy\u0259t \u00e7\u0259kir.<\/p>\n","protected":false},"author":2,"featured_media":661043,"comment_status":"closed","ping_status":"closed","sticky":false,"template":"","format":"standard","meta":{"om_disable_all_campaigns":false,"_monsterinsights_skip_tracking":false,"_monsterinsights_sitenote_active":false,"_monsterinsights_sitenote_note":"","_monsterinsights_sitenote_category":0},"categories":[20],"tags":[],"aioseo_notices":[],"gutentor_comment":0,"rttpg_featured_image_url":{"full":["https:\/\/arantv.az\/wp-content\/uploads\/2023\/11\/7ab39c05f8ec9fbda920da034cea4d2a.png",793,458,false],"landscape":["https:\/\/arantv.az\/wp-content\/uploads\/2023\/11\/7ab39c05f8ec9fbda920da034cea4d2a.png",793,458,false],"portraits":["https:\/\/arantv.az\/wp-content\/uploads\/2023\/11\/7ab39c05f8ec9fbda920da034cea4d2a.png",793,458,false],"thumbnail":["https:\/\/arantv.az\/wp-content\/uploads\/2023\/11\/7ab39c05f8ec9fbda920da034cea4d2a-500x280.png",500,280,true],"medium":["https:\/\/arantv.az\/wp-content\/uploads\/2023\/11\/7ab39c05f8ec9fbda920da034cea4d2a-632x365.png",632,365,true],"large":["https:\/\/arantv.az\/wp-content\/uploads\/2023\/11\/7ab39c05f8ec9fbda920da034cea4d2a.png",640,370,false],"1536x1536":["https:\/\/arantv.az\/wp-content\/uploads\/2023\/11\/7ab39c05f8ec9fbda920da034cea4d2a.png",793,458,false],"2048x2048":["https:\/\/arantv.az\/wp-content\/uploads\/2023\/11\/7ab39c05f8ec9fbda920da034cea4d2a.png",793,458,false],"post-thumbnail":["https:\/\/arantv.az\/wp-content\/uploads\/2023\/11\/7ab39c05f8ec9fbda920da034cea4d2a-240x172.png",240,172,true],"advps-thumb-one":["https:\/\/arantv.az\/wp-content\/uploads\/2023\/11\/7ab39c05f8ec9fbda920da034cea4d2a.png",793,458,false]},"rttpg_author":{"display_name":"V\u00fcsal Rafiqo\u011flu","author_link":"https:\/\/arantv.az\/?author=2"},"rttpg_comment":0,"rttpg_category":"<a href=\"https:\/\/arantv.az\/?cat=20\" rel=\"category\">\u015eou biznes<\/a>","rttpg_excerpt":"\u018fm\u0259kdar artist Ayg\u00fcn B\u0259yl\u0259r ill\u0259r sonra konsert ver\u0259c\u0259k. OLAY yaz\u0131r ki, bu bar\u0259d\u0259 s\u0259n\u0259t\u00e7i \u00f6z\u00fc m\u0259lumat yay\u0131b. O bildirib ki, dekabr ay\u0131n\u0131n 26-\u0131 Heyd\u0259r \u018fliyev Saray\u0131nda s\u0259hn\u0259 alacaq. Ayg\u00fcn B\u0259yl\u0259r konserti \u00fc\u00e7\u00fcn kamera qar\u015f\u0131s\u0131na ke\u00e7ib v\u0259 \u00e7\u0259kili\u015f etdirib. Xat\u0131rladaq ki, \u018fm\u0259kdar artist bir m\u00fcdd\u0259tdir x\u0259r\u00e7\u0259ng x\u0259st\u0259liyind\u0259n \u0259ziyy\u0259t \u00e7\u0259kir.","_links":{"self":[{"href":"https:\/\/arantv.az\/index.php?rest_route=\/wp\/v2\/posts\/661042"}],"collection":[{"href":"https:\/\/arantv.az\/index.php?rest_route=\/wp\/v2\/posts"}],"about":[{"href":"https:\/\/arantv.az\/index.php?rest_route=\/wp\/v2\/types\/post"}],"author":[{"embeddable":true,"href":"https:\/\/arantv.az\/index.php?rest_route=\/wp\/v2\/users\/2"}],"replies":[{"embeddable":true,"href":"https:\/\/arantv.az\/index.php?rest_route=%2Fwp%2Fv2%2Fcomments&post=661042"}],"version-history":[{"count":0,"href":"https:\/\/arantv.az\/index.php?rest_route=\/wp\/v2\/posts\/661042\/revisions"}],"wp:featuredmedia":[{"embeddable":true,"href":"https:\/\/arantv.az\/index.php?rest_route=\/wp\/v2\/media\/661043"}],"wp:attachment":[{"href":"https:\/\/arantv.az\/index.php?rest_route=%2Fwp%2Fv2%2Fmedia&parent=661042"}],"wp:term":[{"taxonomy":"category","embeddable":true,"href":"https:\/\/arantv.az\/index.php?rest_route=%2Fwp%2Fv2%2Fcategories&post=661042"},{"taxonomy":"post_tag","embeddable":true,"href":"https:\/\/arantv.az\/index.php?rest_route=%2Fwp%2Fv2%2Ftags&post=661042"}],"curies":[{"name":"wp","href":"https:\/\/api.w.org\/{rel}","templated":true}]}}