{"id":661061,"date":"2023-11-25T10:03:09","date_gmt":"2023-11-25T06:03:09","guid":{"rendered":"https:\/\/arantv.az\/?p=661061"},"modified":"2023-11-25T10:03:09","modified_gmt":"2023-11-25T06:03:09","slug":"az%c9%99rbaycana-daha-bir-nec%c9%99-zubr-g%c9%99tirildi-foto","status":"publish","type":"post","link":"https:\/\/arantv.az\/?p=661061","title":{"rendered":"Az\u0259rbaycana daha bir ne\u00e7\u0259 zubr g\u0259tirildi &#8211; FOTO"},"content":{"rendered":"<p>IDEA \u0130ctimai Birliyi, Ekologiya v\u0259 T\u0259bii S\u0259rv\u0259tl\u0259r Nazirliyi v\u0259 WWF-nin Az\u0259rbaycan N\u00fcmay\u0259nd\u0259liyi t\u0259r\u0259find\u0259n h\u0259yata ke\u00e7iril\u0259n zubrlar\u0131n reintroduksiya layih\u0259si \u00e7\u0259r\u00e7iv\u0259sind\u0259 24 noyabr 2023-c\u00fc il tarixind\u0259 Az\u0259rbaycana Almaniyadan 10 zubr g\u0259tirilib.<\/p>\n<p>Yeni g\u0259tiril\u0259n zubrlar bir m\u00fcdd\u0259t volyer \u015f\u0259raitind\u0259 saxlanacaq, adaptasiya d\u00f6vr\u00fcn\u00fc ke\u00e7dikd\u0259n sonra \u015eahda\u011f Milli Park\u0131n\u0131n \u0259razisin\u0259 burax\u0131lacaqlar.<\/p>\n<p>Qeyd ed\u0259k ki, 2012-ci ilin sonlar\u0131ndan etibar\u0259n zubrlar\u0131n \u00f6lk\u0259mizin v\u0259h\u015fi t\u0259bi\u0259tin\u0259 reintroduksiya edilm\u0259si istiqam\u0259tind\u0259 IDEA \u0130ctimai Birliyi, Ekologiya v\u0259 T\u0259bii S\u0259rv\u0259tl\u0259r Nazirliyi v\u0259 \u00dcmumd\u00fcnya V\u0259h\u015fi T\u0259bi\u0259tin M\u00fchafiz\u0259si Fondunun (WWF) Az\u0259rbaycan ofisi t\u0259r\u0259find\u0259n intensiv i\u015f apar\u0131l\u0131r. IDEA \u0130ctimai Birliyi il\u0259 \u015eahda\u011f Milli Park\u0131 aras\u0131nda imzalanm\u0131\u015f \u018fm\u0259kda\u015fl\u0131q Sazi\u015fin\u0259 \u0259sas\u0259n, n\u0259sli k\u0259silmi\u015f zubrlar\u0131n b\u0259rpas\u0131 v\u0259 onlar\u0131n \u00f6lk\u0259 t\u0259bi\u0259tin\u0259 reintroduksiya olunmas\u0131, dig\u0259r n\u00f6v v\u0259h\u015fi heyvanlar\u0131n elmi m\u0259qs\u0259dl\u0259rl\u0259 art\u0131r\u0131lmas\u0131 \u00fc\u00e7\u00fcn \u015eahda\u011f Milli Park\u0131n\u0131n \u0130smay\u0131ll\u0131 b\u00f6lm\u0259sind\u0259 305 hektar sah\u0259 ayr\u0131l\u0131b, \u0259razid\u0259 zubrlar\u0131n \u00e7oxald\u0131l\u0131b t\u0259bi\u0259t\u0259 burax\u0131lmas\u0131 \u00fc\u00e7\u00fcn kompleks in\u015fa edilib.<\/p>\n<p>2019-cu ilin may ay\u0131ndan etibar\u0259n Almaniya, Bel\u00e7ika, Niderlanddan Az\u0259rbaycana zubrlar g\u0259tirilir. Bel\u0259 ki, 2019-cu ild\u0259 12 ba\u015f, 2020-ci ild\u0259 be\u015f ba\u015f, 2021-ci ild\u0259 doqquz ba\u015f, 2022-ci ild\u0259 is\u0259 10 ba\u015f zubr \u00f6lk\u0259 \u0259razisin\u0259 g\u0259tirilib. T\u0259bii art\u0131mla birlikd\u0259 haz\u0131rda \u015eahda\u011f Milli Park\u0131n\u0131n \u0259razisind\u0259 zubrlar\u0131n say\u0131 61-\u0259 \u00e7at\u0131b.<\/p>\n<p>Layih\u0259nin 2028-ci il\u0259 q\u0259d\u0259r davam etdirilm\u0259si v\u0259 zubrlar\u0131n say\u0131n\u0131n 100 ba\u015fa \u00e7atd\u0131r\u0131lmas\u0131 n\u0259z\u0259rd\u0259 tutulur.<\/p>\n<p>\u00d6lk\u0259miz\u0259 g\u0259tiril\u0259n zubrlar\u0131n daim n\u0259zar\u0259td\u0259 saxlan\u0131lmas\u0131 \u00fc\u00e7\u00fcn boyunlar\u0131na GPS xaltalar tax\u0131l\u0131r. Zubrlar s\u00f6z\u00fcged\u0259n \u0259razid\u0259 iki il m\u00fcdd\u0259tind\u0259 adaptasiya ke\u00e7dikd\u0259n sonra h\u0259r\u0259k\u0259t trayektoriyalar\u0131n\u0131n izl\u0259nilm\u0259si v\u0259 sonrak\u0131 m\u0259rh\u0259l\u0259d\u0259 h\u0259yat t\u0259rzl\u0259ri haqq\u0131nda m\u0259lumatlar\u0131n toplan\u0131lmas\u0131 m\u0259qs\u0259dil\u0259 boyunlar\u0131na GPS cihazlar\u0131 qura\u015fd\u0131r\u0131lm\u0131\u015f boyunba\u011f\u0131larla v\u0259h\u015fi t\u0259bi\u0259t\u0259 burax\u0131l\u0131rlar.<\/p>\n<p>&nbsp;<\/p>\n<div class=\"gallery\">\n<div class=\"gallery-i\"><img src=\"https:\/\/cdn.oxu.az\/uploads\/W1siZiIsIjIwMjMvMTEvMjUvMDkvMDAvMTYvN2JkMzA2MTEtNTIxYS00MTIyLWJhYjQtOGZkMjg2YzM0OWZjLzkwZTE1NjkxLWNkMjMtNDQ4YS05MDAxLWVmM2E4MzA5Y2JhZC5qcGciXSxbInAiLCJlbmNvZGUiLCJqcGciLCItcXVhbGl0eSA4MCJdLFsicCIsInRodW1iIiwiNTkweDU5MFx1MDAzZSJdXQ?sha=043271c1f6a0a2e3\" alt=\"\" \/><\/p>\n<div class=\"gallery-i-caption\"><\/div>\n<\/div>\n<div class=\"gallery-i\"><img src=\"https:\/\/cdn.oxu.az\/uploads\/W1siZiIsIjIwMjMvMTEvMjUvMDkvMDAvMTYvOWRhMTJkMTMtMTM4MS00MmMzLWIxMGMtMWUxMWUyZTIwZDI5Lzk2M2JiZTE2LTk3ODgtNGE0ZS1iMmYxLTc3ZDU5YTU4ZDYzYi5qcGciXSxbInAiLCJlbmNvZGUiLCJqcGciLCItcXVhbGl0eSA4MCJdLFsicCIsInRodW1iIiwiNTkweDU5MFx1MDAzZSJdXQ?sha=e8320f192f84cd4f\" alt=\"\" \/><\/p>\n<div class=\"gallery-i-caption\"><\/div>\n<\/div>\n<div class=\"gallery-i\"><img src=\"https:\/\/cdn.oxu.az\/uploads\/W1siZiIsIjIwMjMvMTEvMjUvMDkvMDAvMTYvZmViNDUxMDQtY2EyNi00MWY4LTlhOTYtMmY0NTc0YWU3MjY4LzA2ZmFiMzc2LTRiNDUtNDRhNy04NTkyLTI3MWVjZDNkYzljMC5qcGciXSxbInAiLCJlbmNvZGUiLCJqcGciLCItcXVhbGl0eSA4MCJdLFsicCIsInRodW1iIiwiNTkweDU5MFx1MDAzZSJdXQ?sha=93d6217690a05d5e\" alt=\"\" \/><\/p>\n<div class=\"gallery-i-caption\"><\/div>\n<\/div>\n<div class=\"gallery-i\"><img src=\"https:\/\/cdn.oxu.az\/uploads\/W1siZiIsIjIwMjMvMTEvMjUvMDkvMDAvMTYvYzkyNjExYWItZGJlMy00YzNmLTk2MTUtMjlmY2NmMjQ5NWI2L2ZlNDMyYTI0LWNlMTktNGUwZC1iZmM0LWQyNzdkNTE0NmIxMi5qcGciXSxbInAiLCJlbmNvZGUiLCJqcGciLCItcXVhbGl0eSA4MCJdLFsicCIsInRodW1iIiwiNTkweDU5MFx1MDAzZSJdXQ?sha=62c7d109f4472866\" alt=\"\" \/><\/p>\n<div class=\"gallery-i-caption\"><\/div>\n<\/div>\n<div class=\"gallery-i\"><img src=\"https:\/\/cdn.oxu.az\/uploads\/W1siZiIsIjIwMjMvMTEvMjUvMDkvMDAvMTcvOTYwZGU3MjYtNzU2Ni00NDM1LTk5NDUtNDgxMDM0YTg5YzE0L2U4MDEyYWI1LTIyOTgtNDBjMy1hNmI3LTI5YzJmNTYzZjRlMC5qcGciXSxbInAiLCJlbmNvZGUiLCJqcGciLCItcXVhbGl0eSA4MCJdLFsicCIsInRodW1iIiwiNTkweDU5MFx1MDAzZSJdXQ?sha=40db8599aa603760\" alt=\"\" \/><\/div>\n<\/div>\n","protected":false},"excerpt":{"rendered":"<p>IDEA \u0130ctimai Birliyi, Ekologiya v\u0259 T\u0259bii S\u0259rv\u0259tl\u0259r Nazirliyi v\u0259 WWF-nin Az\u0259rbaycan N\u00fcmay\u0259nd\u0259liyi t\u0259r\u0259find\u0259n h\u0259yata ke\u00e7iril\u0259n zubrlar\u0131n reintroduksiya layih\u0259si \u00e7\u0259r\u00e7iv\u0259sind\u0259 24 noyabr 2023-c\u00fc il tarixind\u0259 Az\u0259rbaycana Almaniyadan 10 zubr g\u0259tirilib. Yeni g\u0259tiril\u0259n zubrlar bir m\u00fcdd\u0259t volyer \u015f\u0259raitind\u0259 saxlanacaq, adaptasiya d\u00f6vr\u00fcn\u00fc ke\u00e7dikd\u0259n sonra \u015eahda\u011f Milli Park\u0131n\u0131n \u0259razisin\u0259 burax\u0131lacaqlar. Qeyd ed\u0259k ki, 2012-ci ilin sonlar\u0131ndan etibar\u0259n zubrlar\u0131n \u00f6lk\u0259mizin v\u0259h\u015fi t\u0259bi\u0259tin\u0259 reintroduksiya edilm\u0259si istiqam\u0259tind\u0259 IDEA \u0130ctimai Birliyi, Ekologiya v\u0259 T\u0259bii S\u0259rv\u0259tl\u0259r Nazirliyi v\u0259 \u00dcmumd\u00fcnya V\u0259h\u015fi T\u0259bi\u0259tin M\u00fchafiz\u0259si Fondunun (WWF) Az\u0259rbaycan ofisi t\u0259r\u0259find\u0259n intensiv i\u015f apar\u0131l\u0131r. IDEA \u0130ctimai Birliyi il\u0259 \u015eahda\u011f Milli Park\u0131 aras\u0131nda imzalanm\u0131\u015f&hellip;<\/p>\n","protected":false},"author":2,"featured_media":661065,"comment_status":"closed","ping_status":"closed","sticky":false,"template":"","format":"standard","meta":{"om_disable_all_campaigns":false,"_monsterinsights_skip_tracking":false,"_monsterinsights_sitenote_active":false,"_monsterinsights_sitenote_note":"","_monsterinsights_sitenote_category":0},"categories":[1],"tags":[],"aioseo_notices":[],"gutentor_comment":0,"rttpg_featured_image_url":{"full":["https:\/\/arantv.az\/wp-content\/uploads\/2023\/11\/FotoJet-16-1.jpg",620,413,false],"landscape":["https:\/\/arantv.az\/wp-content\/uploads\/2023\/11\/FotoJet-16-1.jpg",620,413,false],"portraits":["https:\/\/arantv.az\/wp-content\/uploads\/2023\/11\/FotoJet-16-1.jpg",620,413,false],"thumbnail":["https:\/\/arantv.az\/wp-content\/uploads\/2023\/11\/FotoJet-16-1-500x280.jpg",500,280,true],"medium":["https:\/\/arantv.az\/wp-content\/uploads\/2023\/11\/FotoJet-16-1-548x365.jpg",548,365,true],"large":["https:\/\/arantv.az\/wp-content\/uploads\/2023\/11\/FotoJet-16-1.jpg",620,413,false],"1536x1536":["https:\/\/arantv.az\/wp-content\/uploads\/2023\/11\/FotoJet-16-1.jpg",620,413,false],"2048x2048":["https:\/\/arantv.az\/wp-content\/uploads\/2023\/11\/FotoJet-16-1.jpg",620,413,false],"post-thumbnail":["https:\/\/arantv.az\/wp-content\/uploads\/2023\/11\/FotoJet-16-1-240x172.jpg",240,172,true],"advps-thumb-one":["https:\/\/arantv.az\/wp-content\/uploads\/2023\/11\/FotoJet-16-1.jpg",620,413,false]},"rttpg_author":{"display_name":"V\u00fcsal Rafiqo\u011flu","author_link":"https:\/\/arantv.az\/?author=2"},"rttpg_comment":0,"rttpg_category":"<a href=\"https:\/\/arantv.az\/?cat=1\" rel=\"category\">C\u0259miyy\u0259t<\/a>","rttpg_excerpt":"IDEA \u0130ctimai Birliyi, Ekologiya v\u0259 T\u0259bii S\u0259rv\u0259tl\u0259r Nazirliyi v\u0259 WWF-nin Az\u0259rbaycan N\u00fcmay\u0259nd\u0259liyi t\u0259r\u0259find\u0259n h\u0259yata ke\u00e7iril\u0259n zubrlar\u0131n reintroduksiya layih\u0259si \u00e7\u0259r\u00e7iv\u0259sind\u0259 24 noyabr 2023-c\u00fc il tarixind\u0259 Az\u0259rbaycana Almaniyadan 10 zubr g\u0259tirilib. Yeni g\u0259tiril\u0259n zubrlar bir m\u00fcdd\u0259t volyer \u015f\u0259raitind\u0259 saxlanacaq, adaptasiya d\u00f6vr\u00fcn\u00fc ke\u00e7dikd\u0259n sonra \u015eahda\u011f Milli Park\u0131n\u0131n \u0259razisin\u0259 burax\u0131lacaqlar. Qeyd ed\u0259k ki, 2012-ci ilin sonlar\u0131ndan etibar\u0259n zubrlar\u0131n \u00f6lk\u0259mizin&hellip;","_links":{"self":[{"href":"https:\/\/arantv.az\/index.php?rest_route=\/wp\/v2\/posts\/661061"}],"collection":[{"href":"https:\/\/arantv.az\/index.php?rest_route=\/wp\/v2\/posts"}],"about":[{"href":"https:\/\/arantv.az\/index.php?rest_route=\/wp\/v2\/types\/post"}],"author":[{"embeddable":true,"href":"https:\/\/arantv.az\/index.php?rest_route=\/wp\/v2\/users\/2"}],"replies":[{"embeddable":true,"href":"https:\/\/arantv.az\/index.php?rest_route=%2Fwp%2Fv2%2Fcomments&post=661061"}],"version-history":[{"count":0,"href":"https:\/\/arantv.az\/index.php?rest_route=\/wp\/v2\/posts\/661061\/revisions"}],"wp:featuredmedia":[{"embeddable":true,"href":"https:\/\/arantv.az\/index.php?rest_route=\/wp\/v2\/media\/661065"}],"wp:attachment":[{"href":"https:\/\/arantv.az\/index.php?rest_route=%2Fwp%2Fv2%2Fmedia&parent=661061"}],"wp:term":[{"taxonomy":"category","embeddable":true,"href":"https:\/\/arantv.az\/index.php?rest_route=%2Fwp%2Fv2%2Fcategories&post=661061"},{"taxonomy":"post_tag","embeddable":true,"href":"https:\/\/arantv.az\/index.php?rest_route=%2Fwp%2Fv2%2Ftags&post=661061"}],"curies":[{"name":"wp","href":"https:\/\/api.w.org\/{rel}","templated":true}]}}