{"id":661127,"date":"2023-11-25T10:47:59","date_gmt":"2023-11-25T06:47:59","guid":{"rendered":"https:\/\/arantv.az\/?p=661127"},"modified":"2023-11-25T10:47:59","modified_gmt":"2023-11-25T06:47:59","slug":"daglarda-qalamiz-k%c9%99lb%c9%99c%c9%99r","status":"publish","type":"post","link":"https:\/\/arantv.az\/?p=661127","title":{"rendered":"Da\u011flarda qalam\u0131z K\u0259lb\u0259c\u0259r"},"content":{"rendered":"<p><strong>K\u0259lb\u0259c\u0259r \u00f6lk\u0259mizin \u0259n y\u00fcks\u0259k da\u011f rayonudur. H\u00fcnd\u00fcrl\u00fcy\u00fc t\u0259xmin\u0259n 3700 m olan D\u0259lida\u011f v\u0259 Cam\u0131\u015fda\u011f zirv\u0259l\u0259rinin yerl\u0259\u015fdiyi K\u0259lb\u0259c\u0259r rayonu ilk insan ma\u011faralar\u0131n\u0131n m\u00f6vcudlu\u011fu il\u0259 tan\u0131nan q\u0259dim ya\u015fay\u0131\u015f m\u0259sk\u0259nl\u0259rind\u0259n biridir. Bu yerin h\u0259r qar\u0131\u015f\u0131 \u00f6z\u00fcnd\u0259 tarixin heyr\u0259tamiz sirl\u0259rini qoruyub saxlay\u0131r. Burada a\u015fkar olunmu\u015f 30 min ild\u0259n \u00e7ox tarix\u0259 malik olan q\u0259dim ya\u015fay\u0131\u015f m\u0259sk\u0259nl\u0259ri, 6 min il ya\u015f\u0131 olan qaya t\u0259svirl\u0259ri v\u0259 q\u0259dim t\u00fcrk \u0259lifbas\u0131 n\u00fcmun\u0259l\u0259ri d\u00fcnya arxeologiya elminin \u0259n qiym\u0259tli tap\u0131nt\u0131lar\u0131d\u0131r. Buradak\u0131 da\u015f abid\u0259l\u0259r \u015eimali Az\u0259rbaycanda erk\u0259n d\u00f6vr t\u00fcrkl\u00fcy\u00fcn, at\u0259\u015fp\u0259r\u0259stliyin, xristianl\u0131\u011f\u0131n, VII \u0259srd\u0259n is\u0259 \u0130slam\u0131n yay\u0131lmas\u0131 haqq\u0131nda olduqca d\u0259qiq s\u00fcbutlar verir.<\/strong><\/p>\n<p>Erm\u0259nistanla h\u0259ms\u0259rh\u0259d olmas\u0131 ke\u00e7\u0259n \u0259srin sonlar\u0131nda K\u0259lb\u0259c\u0259rin d\u0259 tarixin\u0259 amans\u0131z i\u015f\u011fal fakt\u0131n\u0131 yazd\u0131rd\u0131. Rayon 1993-c\u00fc il 2 aprel tarixind\u0259 Erm\u0259nistan Silahl\u0131 Q\u00fcvv\u0259l\u0259ri t\u0259r\u0259find\u0259n i\u015f\u011fal edildi. \u0130\u015f\u011fal zaman\u0131 511 dinc sakin q\u0259tl\u0259 yetirildi, 321 n\u0259f\u0259r \u0259sir g\u00f6t\u00fcr\u00fcld\u00fc v\u0259 itkin d\u00fc\u015fd\u00fc. 30 aprel 1993-c\u00fc il tarixd\u0259 BMT T\u0259hl\u00fck\u0259sizlik \u015euras\u0131 822 sayl\u0131 Q\u0259tnam\u0259 q\u0259bul etdi v\u0259 i\u015f\u011fal\u00e7\u0131 q\u00fcvv\u0259l\u0259rin K\u0259lb\u0259c\u0259r v\u0259 Az\u0259rbaycan\u0131n b\u00fct\u00fcn dig\u0259r i\u015f\u011fal olunmu\u015f rayonlar\u0131ndan d\u0259rhal \u00e7\u0131xar\u0131lmas\u0131n\u0131 t\u0259l\u0259b etdi. Lakin r\u0259smi \u0130r\u0259van h\u0259min Q\u0259tnam\u0259ni icra etm\u0259di, beyn\u0259lxalq t\u0259\u015fkilatlar is\u0259 Az\u0259rbaycan\u0131n davaml\u0131 t\u0259kidl\u0259rin\u0259 baxmayaraq onun icras\u0131n\u0131 Erm\u0259nistandan t\u0259l\u0259b etm\u0259di. C\u0259zas\u0131zl\u0131q m\u00fchitind\u0259n sui-istifad\u0259 ed\u0259n Erm\u0259nistan BMT-nin v\u0259 AT\u018fT-in prinsipl\u0259rin\u0259 zidd olaraq 1999-cu ild\u0259n ba\u015flayaraq K\u0259lb\u0259c\u0259r rayonu \u0259razisind\u0259 erm\u0259nil\u0259rin qeyri-qanuni m\u0259skunla\u015fd\u0131r\u0131lmas\u0131na ba\u015flad\u0131. Erm\u0259nistandan v\u0259 xarici \u00f6lk\u0259l\u0259rd\u0259n K\u0259lb\u0259c\u0259r\u0259 k\u00f6\u00e7\u00fcr\u00fcl\u0259n erm\u0259nil\u0259r 27 il davam ed\u0259n i\u015f\u011fal m\u00fcdd\u0259tind\u0259 he\u00e7 zaman onun abadla\u015fd\u0131r\u0131lmas\u0131 qay\u011f\u0131s\u0131na qalmad\u0131lar. \u018fksin\u0259, b\u00f6lg\u0259d\u0259n qovub \u00e7\u0131xard\u0131qlar\u0131 Az\u0259rbaycanl\u0131lar\u0131n evl\u0259rini z\u0259bt ed\u0259r\u0259k orada ya\u015fad\u0131lar v\u0259 K\u0259lb\u0259c\u0259rin z\u0259ngin t\u0259bii resurslar\u0131n\u0131 talayaraq v\u0259h\u015fic\u0259sin\u0259 istismar etdil\u0259r. Erm\u0259nistanla 170 km uzunlu\u011funda birba\u015fa s\u0259rh\u0259d\u0259 malik olmas\u0131 K\u0259lb\u0259c\u0259rin daha \u00e7ox da\u011f\u0131nt\u0131lara v\u0259 talana m\u0259ruz qalmas\u0131na s\u0259b\u0259b oldu.<\/p>\n<p>\u0130\u015f\u011fal n\u0259tic\u0259sind\u0259 onlarla tarixi-m\u0259d\u0259niyy\u0259t abid\u0259si, 97 m\u0259kt\u0259b, 9 u\u015faq ba\u011f\u00e7as\u0131, 116 kitabxana, 43 klub, 42 m\u0259d\u0259niyy\u0259t evi, tarix-diyar\u015f\u00fcnasl\u0131q muzeyi, 9 x\u0259st\u0259xana, 75 tibbi m\u0259nt\u0259q\u0259, 23 ambulatoriya, 9 aptek, y\u00fczl\u0259rl\u0259 inzibati bina, minl\u0259rl\u0259 m\u0259nzil, y\u00fczl\u0259rl\u0259 ma\u015f\u0131n, texnika v\u0259 s. talan edildi, rayonun milyardlarla manatl\u0131q s\u0259rv\u0259ti Erm\u0259nistana da\u015f\u0131nd\u0131. Etnik t\u0259mizl\u0259m\u0259y\u0259 m\u0259ruz qalm\u0131\u015f K\u0259lb\u0259c\u0259r \u0259halisi is\u0259 respublikan\u0131n 56 rayonunun 770 ya\u015fay\u0131\u015f m\u0259nt\u0259q\u0259sind\u0259 m\u00fcv\u0259qq\u0259ti m\u0259skunla\u015fma\u011fa m\u0259cbur oldu.<\/p>\n<p>N\u0259hay\u0259t, 2020-ci ild\u0259 Az\u0259rbaycan xalq\u0131 Prezident \u0130lham \u018fliyevin r\u0259hb\u0259rliyi alt\u0131nda torpaqlar\u0131m\u0131z\u0131n azadl\u0131\u011f\u0131 u\u011frunda m\u00fcq\u0259dd\u0259s sava\u015fa qalxd\u0131. V\u0259t\u0259n m\u00fcharib\u0259sinin el\u0259 ilk g\u00fcnl\u0259rind\u0259 K\u0259lb\u0259c\u0259rin \u015fimal hiss\u0259si Az\u0259rbaycan Silahl\u0131 Q\u00fcvv\u0259l\u0259ri t\u0259r\u0259find\u0259n i\u015f\u011fal\u00e7\u0131lardan azad edildi. Oradak\u0131 strateji y\u00fcks\u0259klikl\u0259r g\u00f6t\u00fcr\u00fcld\u00fc v\u0259 erm\u0259ni silahl\u0131 q\u00fcvv\u0259l\u0259rinin h\u0259r\u0259k\u0259tl\u0259ri b\u00f6y\u00fck d\u0259r\u0259c\u0259d\u0259 m\u0259hdudla\u015fd\u0131r\u0131ld\u0131. Bununla da erm\u0259ni silahl\u0131 q\u00fcvv\u0259l\u0259rinin Basarke\u00e7\u0259r-K\u0259lb\u0259c\u0259r yolundan istifad\u0259sin\u0259 son qoyuldu v\u0259 Erm\u0259nistan \u0259razisind\u0259n silah-sursat t\u0259minat\u0131n\u0131n qar\u015f\u0131s\u0131 al\u0131nd\u0131. V\u0259t\u0259n m\u00fcharib\u0259sind\u0259 \u0259ld\u0259 etdiyimiz Q\u0259l\u0259b\u0259 n\u0259tic\u0259sind\u0259 imzalanm\u0131\u015f \u00fc\u00e7t\u0259r\u0259fli b\u0259yanata \u0259sas\u0259n, noyabr\u0131n 25-d\u0259 K\u0259lb\u0259c\u0259r rayonu Az\u0259rbaycana t\u0259hvil verildi. K\u0259lb\u0259c\u0259r \u015f\u0259h\u0259ri d\u0259 daxil olmaqla, rayonun 147 ya\u015fay\u0131\u015f m\u0259nt\u0259q\u0259si i\u015f\u011faldan tam azad edildi. Lakin m\u0259\u011flub olmu\u015f erm\u0259nil\u0259r son anda da h\u0259rbi cinay\u0259t t\u00f6r\u0259tm\u0259kd\u0259n \u00e7\u0259kinm\u0259y\u0259r\u0259k 27 il \u0259rzind\u0259 ya\u015fad\u0131qlar\u0131 evl\u0259rimiz\u0259, ba\u011flar\u0131m\u0131za v\u0259 me\u015f\u0259l\u0259rimiz\u0259 od vurub yand\u0131rd\u0131lar. Beyn\u0259lxalq ictimaiyy\u0259tin g\u00f6z\u00fc qar\u015f\u0131s\u0131nda ba\u015f ver\u0259n bu v\u0259h\u015filikl\u0259r bir daha erm\u0259ni xisl\u0259tini v\u0259 vandalizmini b\u00fct\u00fcn d\u00fcnyaya n\u00fcmayi\u015f etdirdi. Vaxtil\u0259 z\u0259bt etdikl\u0259ri Az\u0259rbaycanl\u0131 evl\u0259rind\u0259 istifad\u0259 etdikl\u0259ri unitaz\u0131 bel\u0259 ba\u011fr\u0131na bas\u0131b avtomobilin\u0259 y\u00fckl\u0259y\u0259n erm\u0259ninin miskinliyini \u0259ks etdir\u0259n video-g\u00f6r\u00fcnt\u00fcl\u0259r b\u00fct\u00fcn d\u00fcnyan\u0131 heyr\u0259tl\u0259ndirdi, amma erm\u0259nil\u0259ri utand\u0131rmad\u0131.<\/p>\n<p>Az\u0259rbaycan\u0131n t\u0259bi\u0259t incisi K\u0259lb\u0259c\u0259r azad olundu. Ali Ba\u015f Komandan, Prezident \u0130lham \u018fliyevin s\u0259r\u0259ncamlar\u0131 il\u0259 K\u0259lb\u0259c\u0259r rayonunun i\u015f\u011faldan azad edilm\u0259si u\u011frunda apar\u0131lm\u0131\u015f d\u00f6y\u00fc\u015f \u0259m\u0259liyyatlar\u0131nda Ordumuzun \u015f\u0259xsi igidlik v\u0259 \u015f\u00fcca\u0259t n\u00fcmayi\u015f etdirmi\u015f 9455 h\u0259rbi qulluq\u00e7usu \u201cK\u0259lb\u0259c\u0259rin azad olunmas\u0131na g\u00f6r\u0259\u201d medal\u0131 il\u0259 t\u0259ltif olundu. Prezident \u0130lham \u018fliyevin 31 iyul 2023-c\u00fc il tarixli S\u0259r\u0259ncam\u0131 il\u0259 25 noyabr K\u0259lb\u0259c\u0259r \u015f\u0259h\u0259ri g\u00fcn\u00fc elan olundu.<\/p>\n<p>Bu g\u00fcn K\u0259lb\u0259c\u0259rd\u0259 \u015e\u0259h\u0259r g\u00fcn\u00fcd\u00fcr. K\u0259lb\u0259c\u0259rd\u0259n olan m\u0259cburi k\u00f6\u00e7k\u00fcnl\u0259rin \u00f6z do\u011fma evl\u0259rin\u0259 qay\u0131tmas\u0131 \u00fc\u00e7\u00fcn rayon \u0259razisind\u0259 geni\u015fmiqyasl\u0131 abadl\u0131q-quruculuq i\u015fl\u0259ri apar\u0131l\u0131r. K\u0259lb\u0259c\u0259rin rayon m\u0259rk\u0259zini onun k\u0259ndl\u0259ri v\u0259 el\u0259c\u0259 d\u0259 dig\u0259r qon\u015fu rayonlarla birl\u0259\u015fdir\u0259c\u0259k avtomobil yollar\u0131, su elektrik stansiyalar\u0131, \u00e7oxsayl\u0131 ya\u015fay\u0131\u015f evl\u0259ri v\u0259 inzibati binalar v\u0259 \u0259haliy\u0259 sosial xidm\u0259t m\u0259rk\u0259zl\u0259ri tikilm\u0259kd\u0259dir. Turizm potensial\u0131 il\u0259 \u00f6lk\u0259mizin \u0259n perspektivli b\u00f6lg\u0259si olan K\u0259lb\u0259c\u0259rd\u0259 \u0130stisu M\u00fcalic\u0259-\u0130stirah\u0259t sanatoriyas\u0131n\u0131n yenid\u0259n qurulmas\u0131 il\u0259 yana\u015f\u0131 h\u0259m d\u0259 yeni turizm obyektl\u0259rinin layih\u0259l\u0259ndirilm\u0259si v\u0259 tikintisi s\u00fcr\u0259tl\u0259 apar\u0131l\u0131r. Q\u0131sa m\u00fcdd\u0259t \u0259rzind\u0259 K\u0259lb\u0259c\u0259r yenid\u0259n \u00f6lk\u0259mizin \u0259n f\u00fcsunkar v\u0259 cazib\u0259dar b\u00f6lg\u0259l\u0259rind\u0259n birin\u0259 v\u0259 da\u011flar qoynunda al\u0131nmaz qalam\u0131za \u00e7evril\u0259c\u0259k.<\/p>\n<p>Cavan\u015fir Feyziyev<\/p>\n","protected":false},"excerpt":{"rendered":"<p>K\u0259lb\u0259c\u0259r \u00f6lk\u0259mizin \u0259n y\u00fcks\u0259k da\u011f rayonudur. H\u00fcnd\u00fcrl\u00fcy\u00fc t\u0259xmin\u0259n 3700 m olan D\u0259lida\u011f v\u0259 Cam\u0131\u015fda\u011f zirv\u0259l\u0259rinin yerl\u0259\u015fdiyi K\u0259lb\u0259c\u0259r rayonu ilk insan ma\u011faralar\u0131n\u0131n m\u00f6vcudlu\u011fu il\u0259 tan\u0131nan q\u0259dim ya\u015fay\u0131\u015f m\u0259sk\u0259nl\u0259rind\u0259n biridir. Bu yerin h\u0259r qar\u0131\u015f\u0131 \u00f6z\u00fcnd\u0259 tarixin heyr\u0259tamiz sirl\u0259rini qoruyub saxlay\u0131r. Burada a\u015fkar olunmu\u015f 30 min ild\u0259n \u00e7ox tarix\u0259 malik olan q\u0259dim ya\u015fay\u0131\u015f m\u0259sk\u0259nl\u0259ri, 6 min il ya\u015f\u0131 olan qaya t\u0259svirl\u0259ri v\u0259 q\u0259dim t\u00fcrk \u0259lifbas\u0131 n\u00fcmun\u0259l\u0259ri d\u00fcnya arxeologiya elminin \u0259n qiym\u0259tli tap\u0131nt\u0131lar\u0131d\u0131r. Buradak\u0131 da\u015f abid\u0259l\u0259r \u015eimali Az\u0259rbaycanda erk\u0259n d\u00f6vr t\u00fcrkl\u00fcy\u00fcn, at\u0259\u015fp\u0259r\u0259stliyin, xristianl\u0131\u011f\u0131n, VII \u0259srd\u0259n is\u0259 \u0130slam\u0131n yay\u0131lmas\u0131 haqq\u0131nda olduqca d\u0259qiq s\u00fcbutlar verir. Erm\u0259nistanla&hellip;<\/p>\n","protected":false},"author":2,"featured_media":661131,"comment_status":"closed","ping_status":"closed","sticky":false,"template":"","format":"standard","meta":{"om_disable_all_campaigns":false,"_monsterinsights_skip_tracking":false,"_monsterinsights_sitenote_active":false,"_monsterinsights_sitenote_note":"","_monsterinsights_sitenote_category":0},"categories":[1],"tags":[],"aioseo_notices":[],"gutentor_comment":0,"rttpg_featured_image_url":{"full":["https:\/\/arantv.az\/wp-content\/uploads\/2023\/11\/kelbecer.jpg",770,415,false],"landscape":["https:\/\/arantv.az\/wp-content\/uploads\/2023\/11\/kelbecer.jpg",770,415,false],"portraits":["https:\/\/arantv.az\/wp-content\/uploads\/2023\/11\/kelbecer.jpg",770,415,false],"thumbnail":["https:\/\/arantv.az\/wp-content\/uploads\/2023\/11\/kelbecer-500x280.jpg",500,280,true],"medium":["https:\/\/arantv.az\/wp-content\/uploads\/2023\/11\/kelbecer-660x356.jpg",660,356,true],"large":["https:\/\/arantv.az\/wp-content\/uploads\/2023\/11\/kelbecer.jpg",640,345,false],"1536x1536":["https:\/\/arantv.az\/wp-content\/uploads\/2023\/11\/kelbecer.jpg",770,415,false],"2048x2048":["https:\/\/arantv.az\/wp-content\/uploads\/2023\/11\/kelbecer.jpg",770,415,false],"post-thumbnail":["https:\/\/arantv.az\/wp-content\/uploads\/2023\/11\/kelbecer-240x172.jpg",240,172,true],"advps-thumb-one":["https:\/\/arantv.az\/wp-content\/uploads\/2023\/11\/kelbecer.jpg",770,415,false]},"rttpg_author":{"display_name":"V\u00fcsal Rafiqo\u011flu","author_link":"https:\/\/arantv.az\/?author=2"},"rttpg_comment":0,"rttpg_category":"<a href=\"https:\/\/arantv.az\/?cat=1\" rel=\"category\">C\u0259miyy\u0259t<\/a>","rttpg_excerpt":"K\u0259lb\u0259c\u0259r \u00f6lk\u0259mizin \u0259n y\u00fcks\u0259k da\u011f rayonudur. H\u00fcnd\u00fcrl\u00fcy\u00fc t\u0259xmin\u0259n 3700 m olan D\u0259lida\u011f v\u0259 Cam\u0131\u015fda\u011f zirv\u0259l\u0259rinin yerl\u0259\u015fdiyi K\u0259lb\u0259c\u0259r rayonu ilk insan ma\u011faralar\u0131n\u0131n m\u00f6vcudlu\u011fu il\u0259 tan\u0131nan q\u0259dim ya\u015fay\u0131\u015f m\u0259sk\u0259nl\u0259rind\u0259n biridir. Bu yerin h\u0259r qar\u0131\u015f\u0131 \u00f6z\u00fcnd\u0259 tarixin heyr\u0259tamiz sirl\u0259rini qoruyub saxlay\u0131r. Burada a\u015fkar olunmu\u015f 30 min ild\u0259n \u00e7ox tarix\u0259 malik olan q\u0259dim ya\u015fay\u0131\u015f m\u0259sk\u0259nl\u0259ri, 6 min il ya\u015f\u0131&hellip;","_links":{"self":[{"href":"https:\/\/arantv.az\/index.php?rest_route=\/wp\/v2\/posts\/661127"}],"collection":[{"href":"https:\/\/arantv.az\/index.php?rest_route=\/wp\/v2\/posts"}],"about":[{"href":"https:\/\/arantv.az\/index.php?rest_route=\/wp\/v2\/types\/post"}],"author":[{"embeddable":true,"href":"https:\/\/arantv.az\/index.php?rest_route=\/wp\/v2\/users\/2"}],"replies":[{"embeddable":true,"href":"https:\/\/arantv.az\/index.php?rest_route=%2Fwp%2Fv2%2Fcomments&post=661127"}],"version-history":[{"count":0,"href":"https:\/\/arantv.az\/index.php?rest_route=\/wp\/v2\/posts\/661127\/revisions"}],"wp:featuredmedia":[{"embeddable":true,"href":"https:\/\/arantv.az\/index.php?rest_route=\/wp\/v2\/media\/661131"}],"wp:attachment":[{"href":"https:\/\/arantv.az\/index.php?rest_route=%2Fwp%2Fv2%2Fmedia&parent=661127"}],"wp:term":[{"taxonomy":"category","embeddable":true,"href":"https:\/\/arantv.az\/index.php?rest_route=%2Fwp%2Fv2%2Fcategories&post=661127"},{"taxonomy":"post_tag","embeddable":true,"href":"https:\/\/arantv.az\/index.php?rest_route=%2Fwp%2Fv2%2Ftags&post=661127"}],"curies":[{"name":"wp","href":"https:\/\/api.w.org\/{rel}","templated":true}]}}