{"id":661137,"date":"2023-11-25T11:16:27","date_gmt":"2023-11-25T07:16:27","guid":{"rendered":"https:\/\/arantv.az\/?p=661137"},"modified":"2023-11-25T11:16:27","modified_gmt":"2023-11-25T07:16:27","slug":"qubada-qanunsuz-komur-quyusu-askarlanib-2","status":"publish","type":"post","link":"https:\/\/arantv.az\/?p=661137","title":{"rendered":"Qubada qanunsuz k\u00f6m\u00fcr quyusu a\u015fkarlan\u0131b"},"content":{"rendered":"<p>Quba Rayon Polis \u015e\u00f6b\u0259sinin \u0130ctimai T\u0259hl\u00fck\u0259sizlik B\u00f6lm\u0259sinin, el\u0259c\u0259 d\u0259 Ekologiya v\u0259 T\u0259bii S\u0259rv\u0259tl\u0259r Nazirliyinin \u0259m\u0259kda\u015flar\u0131 t\u0259r\u0259find\u0259n rayon \u0259razisind\u0259 qanunsuz k\u00f6m\u00fcr istehsal\u0131n\u0131n qar\u015f\u0131s\u0131n\u0131n al\u0131nmas\u0131 m\u0259qs\u0259dil\u0259 birg\u0259 ke\u00e7iril\u0259n n\u00f6vb\u0259ti n\u0259zar\u0259t t\u0259dbirl\u0259ri zaman\u0131 qanunsuz yolla istismar edil\u0259n k\u00f6m\u00fcr quyusu a\u015fkarlan\u0131b.<\/p>\n<p>Bu bar\u0259d\u0259 Daxili \u0130\u015fl\u0259r Nazirliyinin M\u0259tbuat Xidm\u0259tinin Quba regional qrupundan m\u0259lumat verilib.<\/p>\n<p>Bildirilib ki, qanunsuz k\u00f6m\u00fcr istehsal ed\u0259nin rayonun Rustov k\u0259nd sakini Hafiz Bayramov oldu\u011fu m\u00fc\u0259yy\u0259n edilib.<\/p>\n<p>Faktla ba\u011fl\u0131 protokol t\u0259rtib olunub, t\u0259qsirkar \u015f\u0259xs bar\u0259sind\u0259 qanunam\u00fcvafiq t\u0259dbir g\u00f6r\u00fcl\u00fcb v\u0259 a\u015fkar olunan k\u00f6m\u00fcr quyusu l\u0259\u011fv olunub.<\/p>\n","protected":false},"excerpt":{"rendered":"<p>Quba Rayon Polis \u015e\u00f6b\u0259sinin \u0130ctimai T\u0259hl\u00fck\u0259sizlik B\u00f6lm\u0259sinin, el\u0259c\u0259 d\u0259 Ekologiya v\u0259 T\u0259bii S\u0259rv\u0259tl\u0259r Nazirliyinin \u0259m\u0259kda\u015flar\u0131 t\u0259r\u0259find\u0259n rayon \u0259razisind\u0259 qanunsuz k\u00f6m\u00fcr istehsal\u0131n\u0131n qar\u015f\u0131s\u0131n\u0131n al\u0131nmas\u0131 m\u0259qs\u0259dil\u0259 birg\u0259 ke\u00e7iril\u0259n n\u00f6vb\u0259ti n\u0259zar\u0259t t\u0259dbirl\u0259ri zaman\u0131 qanunsuz yolla istismar edil\u0259n k\u00f6m\u00fcr quyusu a\u015fkarlan\u0131b. Bu bar\u0259d\u0259 Daxili \u0130\u015fl\u0259r Nazirliyinin M\u0259tbuat Xidm\u0259tinin Quba regional qrupundan m\u0259lumat verilib. Bildirilib ki, qanunsuz k\u00f6m\u00fcr istehsal ed\u0259nin rayonun Rustov k\u0259nd sakini Hafiz Bayramov oldu\u011fu m\u00fc\u0259yy\u0259n edilib. Faktla ba\u011fl\u0131 protokol t\u0259rtib olunub, t\u0259qsirkar \u015f\u0259xs bar\u0259sind\u0259 qanunam\u00fcvafiq t\u0259dbir g\u00f6r\u00fcl\u00fcb v\u0259 a\u015fkar olunan k\u00f6m\u00fcr quyusu l\u0259\u011fv olunub.<\/p>\n","protected":false},"author":2,"featured_media":661138,"comment_status":"closed","ping_status":"closed","sticky":false,"template":"","format":"standard","meta":{"om_disable_all_campaigns":false,"_monsterinsights_skip_tracking":false,"_monsterinsights_sitenote_active":false,"_monsterinsights_sitenote_note":"","_monsterinsights_sitenote_category":0},"categories":[1],"tags":[],"aioseo_notices":[],"gutentor_comment":0,"rttpg_featured_image_url":{"full":["https:\/\/arantv.az\/wp-content\/uploads\/2023\/11\/FotoJet-20-3.jpg",620,413,false],"landscape":["https:\/\/arantv.az\/wp-content\/uploads\/2023\/11\/FotoJet-20-3.jpg",620,413,false],"portraits":["https:\/\/arantv.az\/wp-content\/uploads\/2023\/11\/FotoJet-20-3.jpg",620,413,false],"thumbnail":["https:\/\/arantv.az\/wp-content\/uploads\/2023\/11\/FotoJet-20-3-500x280.jpg",500,280,true],"medium":["https:\/\/arantv.az\/wp-content\/uploads\/2023\/11\/FotoJet-20-3-548x365.jpg",548,365,true],"large":["https:\/\/arantv.az\/wp-content\/uploads\/2023\/11\/FotoJet-20-3.jpg",620,413,false],"1536x1536":["https:\/\/arantv.az\/wp-content\/uploads\/2023\/11\/FotoJet-20-3.jpg",620,413,false],"2048x2048":["https:\/\/arantv.az\/wp-content\/uploads\/2023\/11\/FotoJet-20-3.jpg",620,413,false],"post-thumbnail":["https:\/\/arantv.az\/wp-content\/uploads\/2023\/11\/FotoJet-20-3-240x172.jpg",240,172,true],"advps-thumb-one":["https:\/\/arantv.az\/wp-content\/uploads\/2023\/11\/FotoJet-20-3.jpg",620,413,false]},"rttpg_author":{"display_name":"V\u00fcsal Rafiqo\u011flu","author_link":"https:\/\/arantv.az\/?author=2"},"rttpg_comment":0,"rttpg_category":"<a href=\"https:\/\/arantv.az\/?cat=1\" rel=\"category\">C\u0259miyy\u0259t<\/a>","rttpg_excerpt":"Quba Rayon Polis \u015e\u00f6b\u0259sinin \u0130ctimai T\u0259hl\u00fck\u0259sizlik B\u00f6lm\u0259sinin, el\u0259c\u0259 d\u0259 Ekologiya v\u0259 T\u0259bii S\u0259rv\u0259tl\u0259r Nazirliyinin \u0259m\u0259kda\u015flar\u0131 t\u0259r\u0259find\u0259n rayon \u0259razisind\u0259 qanunsuz k\u00f6m\u00fcr istehsal\u0131n\u0131n qar\u015f\u0131s\u0131n\u0131n al\u0131nmas\u0131 m\u0259qs\u0259dil\u0259 birg\u0259 ke\u00e7iril\u0259n n\u00f6vb\u0259ti n\u0259zar\u0259t t\u0259dbirl\u0259ri zaman\u0131 qanunsuz yolla istismar edil\u0259n k\u00f6m\u00fcr quyusu a\u015fkarlan\u0131b. Bu bar\u0259d\u0259 Daxili \u0130\u015fl\u0259r Nazirliyinin M\u0259tbuat Xidm\u0259tinin Quba regional qrupundan m\u0259lumat verilib. Bildirilib ki, qanunsuz k\u00f6m\u00fcr istehsal ed\u0259nin&hellip;","_links":{"self":[{"href":"https:\/\/arantv.az\/index.php?rest_route=\/wp\/v2\/posts\/661137"}],"collection":[{"href":"https:\/\/arantv.az\/index.php?rest_route=\/wp\/v2\/posts"}],"about":[{"href":"https:\/\/arantv.az\/index.php?rest_route=\/wp\/v2\/types\/post"}],"author":[{"embeddable":true,"href":"https:\/\/arantv.az\/index.php?rest_route=\/wp\/v2\/users\/2"}],"replies":[{"embeddable":true,"href":"https:\/\/arantv.az\/index.php?rest_route=%2Fwp%2Fv2%2Fcomments&post=661137"}],"version-history":[{"count":0,"href":"https:\/\/arantv.az\/index.php?rest_route=\/wp\/v2\/posts\/661137\/revisions"}],"wp:featuredmedia":[{"embeddable":true,"href":"https:\/\/arantv.az\/index.php?rest_route=\/wp\/v2\/media\/661138"}],"wp:attachment":[{"href":"https:\/\/arantv.az\/index.php?rest_route=%2Fwp%2Fv2%2Fmedia&parent=661137"}],"wp:term":[{"taxonomy":"category","embeddable":true,"href":"https:\/\/arantv.az\/index.php?rest_route=%2Fwp%2Fv2%2Fcategories&post=661137"},{"taxonomy":"post_tag","embeddable":true,"href":"https:\/\/arantv.az\/index.php?rest_route=%2Fwp%2Fv2%2Ftags&post=661137"}],"curies":[{"name":"wp","href":"https:\/\/api.w.org\/{rel}","templated":true}]}}