{"id":661143,"date":"2023-11-25T11:18:14","date_gmt":"2023-11-25T07:18:14","guid":{"rendered":"https:\/\/arantv.az\/?p=661143"},"modified":"2023-11-25T11:18:14","modified_gmt":"2023-11-25T07:18:14","slug":"prezident-ilham-%c9%99liyev-bosniya-v%c9%99-herseqovinanin-liderini-t%c9%99brik-edib","status":"publish","type":"post","link":"https:\/\/arantv.az\/?p=661143","title":{"rendered":"Prezident \u0130lham \u018fliyev Bosniya v\u0259 Herseqovinan\u0131n liderini t\u0259brik edib"},"content":{"rendered":"<p>Az\u0259rbaycan Prezidenti\u00a0<strong>\u0130lham \u018fliyev<\/strong>\u00a0Bosniya v\u0259 Herseqovinan\u0131n R\u0259yas\u0259t Hey\u0259tinin S\u0259dri Jelko Kom\u015fi\u00e7\u0259 t\u0259brik m\u0259ktubu \u00fcnvanlay\u0131b.<\/p>\n<p>Bu bar\u0259d\u0259\u00a0<a href=\"https:\/\/president.az\/az\/articles\/view\/62335\" target=\"_blank\" rel=\"noopener\"><strong>President.az<\/strong><\/a>\u00a0x\u0259b\u0259r verir.<\/p>\n<p>M\u0259ktubda deyilir:<\/p>\n<p>\u201cH\u00f6rm\u0259tli c\u0259nab S\u0259dr,<\/p>\n<p>Bosniya v\u0259 Herseqovinan\u0131n milli bayram\u0131 m\u00fcnasib\u0259til\u0259 Siz\u0259 v\u0259 b\u00fct\u00fcn xalq\u0131n\u0131za \u00f6z ad\u0131mdan v\u0259 Az\u0259rbaycan xalq\u0131 ad\u0131ndan \u0259n s\u0259mimi t\u0259brikl\u0259rimi v\u0259 xo\u015f arzular\u0131m\u0131 yetirir\u0259m.<\/p>\n<p>Az\u0259rbaycan il\u0259 Bosniya v\u0259 Herseqovina aras\u0131nda dostluq v\u0259 \u0259m\u0259kda\u015fl\u0131q m\u00fcnasib\u0259tl\u0259ri xo\u015f \u0259n\u0259n\u0259l\u0259r\u0259 malikdir. \u0130nan\u0131ram ki, ikit\u0259r\u0259fli m\u00fcnasib\u0259tl\u0259rimizin daha da m\u00f6hk\u0259ml\u0259ndirilm\u0259si, \u0259m\u0259kda\u015fl\u0131\u011f\u0131m\u0131z\u0131n b\u00fct\u00fcn sah\u0259l\u0259rd\u0259 geni\u015fl\u0259ndirilm\u0259si yolunda birg\u0259 s\u0259yl\u0259rimiz bundan sonra da xalqlar\u0131m\u0131z\u0131n rifah\u0131na t\u00f6hf\u0259l\u0259r ver\u0259c\u0259k.<\/p>\n<p>Bel\u0259 bir \u0259lam\u0259tdar g\u00fcnd\u0259 Siz\u0259 m\u00f6hk\u0259m cansa\u011fl\u0131\u011f\u0131, xo\u015fb\u0259xtlik, i\u015fl\u0259rinizd\u0259 m\u00fcv\u0259ff\u0259qiyy\u0259tl\u0259r, dost Bosniya v\u0259 Herseqovina xalq\u0131na daim \u0259min-amanl\u0131q v\u0259 rifah dil\u0259yir\u0259m\u201d.<\/p>\n","protected":false},"excerpt":{"rendered":"<p>Az\u0259rbaycan Prezidenti\u00a0\u0130lham \u018fliyev\u00a0Bosniya v\u0259 Herseqovinan\u0131n R\u0259yas\u0259t Hey\u0259tinin S\u0259dri Jelko Kom\u015fi\u00e7\u0259 t\u0259brik m\u0259ktubu \u00fcnvanlay\u0131b. Bu bar\u0259d\u0259\u00a0President.az\u00a0x\u0259b\u0259r verir. M\u0259ktubda deyilir: \u201cH\u00f6rm\u0259tli c\u0259nab S\u0259dr, Bosniya v\u0259 Herseqovinan\u0131n milli bayram\u0131 m\u00fcnasib\u0259til\u0259 Siz\u0259 v\u0259 b\u00fct\u00fcn xalq\u0131n\u0131za \u00f6z ad\u0131mdan v\u0259 Az\u0259rbaycan xalq\u0131 ad\u0131ndan \u0259n s\u0259mimi t\u0259brikl\u0259rimi v\u0259 xo\u015f arzular\u0131m\u0131 yetirir\u0259m. Az\u0259rbaycan il\u0259 Bosniya v\u0259 Herseqovina aras\u0131nda dostluq v\u0259 \u0259m\u0259kda\u015fl\u0131q m\u00fcnasib\u0259tl\u0259ri xo\u015f \u0259n\u0259n\u0259l\u0259r\u0259 malikdir. \u0130nan\u0131ram ki, ikit\u0259r\u0259fli m\u00fcnasib\u0259tl\u0259rimizin daha da m\u00f6hk\u0259ml\u0259ndirilm\u0259si, \u0259m\u0259kda\u015fl\u0131\u011f\u0131m\u0131z\u0131n b\u00fct\u00fcn sah\u0259l\u0259rd\u0259 geni\u015fl\u0259ndirilm\u0259si yolunda birg\u0259 s\u0259yl\u0259rimiz bundan sonra da xalqlar\u0131m\u0131z\u0131n rifah\u0131na t\u00f6hf\u0259l\u0259r ver\u0259c\u0259k. Bel\u0259 bir \u0259lam\u0259tdar g\u00fcnd\u0259 Siz\u0259 m\u00f6hk\u0259m cansa\u011fl\u0131\u011f\u0131, xo\u015fb\u0259xtlik, i\u015fl\u0259rinizd\u0259 m\u00fcv\u0259ff\u0259qiyy\u0259tl\u0259r, dost Bosniya&hellip;<\/p>\n","protected":false},"author":2,"featured_media":661147,"comment_status":"closed","ping_status":"closed","sticky":false,"template":"","format":"standard","meta":{"om_disable_all_campaigns":false,"_monsterinsights_skip_tracking":false,"_monsterinsights_sitenote_active":false,"_monsterinsights_sitenote_note":"","_monsterinsights_sitenote_category":0},"categories":[4],"tags":[],"aioseo_notices":[],"gutentor_comment":0,"rttpg_featured_image_url":{"full":["https:\/\/arantv.az\/wp-content\/uploads\/2023\/11\/140891325_10164425820405315_1342222326805839665_o.jpg",620,413,false],"landscape":["https:\/\/arantv.az\/wp-content\/uploads\/2023\/11\/140891325_10164425820405315_1342222326805839665_o.jpg",620,413,false],"portraits":["https:\/\/arantv.az\/wp-content\/uploads\/2023\/11\/140891325_10164425820405315_1342222326805839665_o.jpg",620,413,false],"thumbnail":["https:\/\/arantv.az\/wp-content\/uploads\/2023\/11\/140891325_10164425820405315_1342222326805839665_o-500x280.jpg",500,280,true],"medium":["https:\/\/arantv.az\/wp-content\/uploads\/2023\/11\/140891325_10164425820405315_1342222326805839665_o-548x365.jpg",548,365,true],"large":["https:\/\/arantv.az\/wp-content\/uploads\/2023\/11\/140891325_10164425820405315_1342222326805839665_o.jpg",620,413,false],"1536x1536":["https:\/\/arantv.az\/wp-content\/uploads\/2023\/11\/140891325_10164425820405315_1342222326805839665_o.jpg",620,413,false],"2048x2048":["https:\/\/arantv.az\/wp-content\/uploads\/2023\/11\/140891325_10164425820405315_1342222326805839665_o.jpg",620,413,false],"post-thumbnail":["https:\/\/arantv.az\/wp-content\/uploads\/2023\/11\/140891325_10164425820405315_1342222326805839665_o-240x172.jpg",240,172,true],"advps-thumb-one":["https:\/\/arantv.az\/wp-content\/uploads\/2023\/11\/140891325_10164425820405315_1342222326805839665_o.jpg",620,413,false]},"rttpg_author":{"display_name":"V\u00fcsal Rafiqo\u011flu","author_link":"https:\/\/arantv.az\/?author=2"},"rttpg_comment":0,"rttpg_category":"<a href=\"https:\/\/arantv.az\/?cat=4\" rel=\"category\">Siyas\u0259t<\/a>","rttpg_excerpt":"Az\u0259rbaycan Prezidenti\u00a0\u0130lham \u018fliyev\u00a0Bosniya v\u0259 Herseqovinan\u0131n R\u0259yas\u0259t Hey\u0259tinin S\u0259dri Jelko Kom\u015fi\u00e7\u0259 t\u0259brik m\u0259ktubu \u00fcnvanlay\u0131b. Bu bar\u0259d\u0259\u00a0President.az\u00a0x\u0259b\u0259r verir. M\u0259ktubda deyilir: \u201cH\u00f6rm\u0259tli c\u0259nab S\u0259dr, Bosniya v\u0259 Herseqovinan\u0131n milli bayram\u0131 m\u00fcnasib\u0259til\u0259 Siz\u0259 v\u0259 b\u00fct\u00fcn xalq\u0131n\u0131za \u00f6z ad\u0131mdan v\u0259 Az\u0259rbaycan xalq\u0131 ad\u0131ndan \u0259n s\u0259mimi t\u0259brikl\u0259rimi v\u0259 xo\u015f arzular\u0131m\u0131 yetirir\u0259m. Az\u0259rbaycan il\u0259 Bosniya v\u0259 Herseqovina aras\u0131nda dostluq v\u0259 \u0259m\u0259kda\u015fl\u0131q m\u00fcnasib\u0259tl\u0259ri xo\u015f&hellip;","_links":{"self":[{"href":"https:\/\/arantv.az\/index.php?rest_route=\/wp\/v2\/posts\/661143"}],"collection":[{"href":"https:\/\/arantv.az\/index.php?rest_route=\/wp\/v2\/posts"}],"about":[{"href":"https:\/\/arantv.az\/index.php?rest_route=\/wp\/v2\/types\/post"}],"author":[{"embeddable":true,"href":"https:\/\/arantv.az\/index.php?rest_route=\/wp\/v2\/users\/2"}],"replies":[{"embeddable":true,"href":"https:\/\/arantv.az\/index.php?rest_route=%2Fwp%2Fv2%2Fcomments&post=661143"}],"version-history":[{"count":0,"href":"https:\/\/arantv.az\/index.php?rest_route=\/wp\/v2\/posts\/661143\/revisions"}],"wp:featuredmedia":[{"embeddable":true,"href":"https:\/\/arantv.az\/index.php?rest_route=\/wp\/v2\/media\/661147"}],"wp:attachment":[{"href":"https:\/\/arantv.az\/index.php?rest_route=%2Fwp%2Fv2%2Fmedia&parent=661143"}],"wp:term":[{"taxonomy":"category","embeddable":true,"href":"https:\/\/arantv.az\/index.php?rest_route=%2Fwp%2Fv2%2Fcategories&post=661143"},{"taxonomy":"post_tag","embeddable":true,"href":"https:\/\/arantv.az\/index.php?rest_route=%2Fwp%2Fv2%2Ftags&post=661143"}],"curies":[{"name":"wp","href":"https:\/\/api.w.org\/{rel}","templated":true}]}}