{"id":661150,"date":"2023-11-25T11:19:54","date_gmt":"2023-11-25T07:19:54","guid":{"rendered":"https:\/\/arantv.az\/?p=661150"},"modified":"2023-11-25T11:19:54","modified_gmt":"2023-11-25T07:19:54","slug":"ilham-qasimova-yuks%c9%99k-v%c9%99zif%c9%99-verildi","status":"publish","type":"post","link":"https:\/\/arantv.az\/?p=661150","title":{"rendered":"\u0130lham Qas\u0131mova Y\u00dcKS\u018fK V\u018fZ\u0130F\u018f verildi"},"content":{"rendered":"<p>Heyd\u0259r \u018fliyev Saray\u0131n\u0131n direktoru v\u0259zif\u0259sin\u0259 direktor t\u0259yinat\u0131 olub.<\/p>\n<p><strong>ARANTV.AZ<\/strong>-\u0131n m\u0259lumata g\u00f6r\u0259, m\u0259d\u0259niyy\u0259t naziri Adil K\u0259rimli bununla ba\u011fl\u0131 m\u00fcvafiq \u0259mr imzalay\u0131b.<\/p>\n<p>\u018fmr\u0259 \u0259sas\u0259n, \u0130lham Zakir o\u011flu Qas\u0131mov Heyd\u0259r \u018fliyev Saray\u0131n\u0131n direktoru t\u0259yin edilib.<\/p>\n<p>\u0130lham Qas\u0131mov 1977-ci ild\u0259 anadan olub. 1998-ci ild\u0259 Az\u0259rbaycan Texniki Universitetini bitirib. 1992-96-c\u0131 ill\u0259rd\u0259 \u201c\u015e\u0259n v\u0259 Haz\u0131rcavablar Klubu\u201dnun (\u015eHK) \u00fczv\u00fc olub. 1994-95-ci ill\u0259rd\u0259 \u015eHK-nin universitetl\u0259raras\u0131 \u00e7empionat\u0131nda qalib ad\u0131n\u0131 qazan\u0131b.<\/p>\n<p>\u0130.Qas\u0131mov 1999-2000-ci ill\u0259rd\u0259 ABA TV-d\u0259 (Azerbaijan Brodcasting Agency) layih\u0259 m\u00fc\u0259llifi, rejissor v\u0259 apar\u0131c\u0131 v\u0259zif\u0259l\u0259rind\u0259 \u00e7al\u0131\u015f\u0131b. 2000-ci ild\u0259n etibar\u0259n m\u00fcxt\u0259lif televiziya layih\u0259l\u0259ri, teatral qurulu\u015flar, konsert proqramlar\u0131 v\u0259 reklam filml\u0259ri layih\u0259l\u0259rini h\u0259yata ke\u00e7irib.<\/p>\n","protected":false},"excerpt":{"rendered":"<p>Heyd\u0259r \u018fliyev Saray\u0131n\u0131n direktoru v\u0259zif\u0259sin\u0259 direktor t\u0259yinat\u0131 olub. ARANTV.AZ-\u0131n m\u0259lumata g\u00f6r\u0259, m\u0259d\u0259niyy\u0259t naziri Adil K\u0259rimli bununla ba\u011fl\u0131 m\u00fcvafiq \u0259mr imzalay\u0131b. \u018fmr\u0259 \u0259sas\u0259n, \u0130lham Zakir o\u011flu Qas\u0131mov Heyd\u0259r \u018fliyev Saray\u0131n\u0131n direktoru t\u0259yin edilib. \u0130lham Qas\u0131mov 1977-ci ild\u0259 anadan olub. 1998-ci ild\u0259 Az\u0259rbaycan Texniki Universitetini bitirib. 1992-96-c\u0131 ill\u0259rd\u0259 \u201c\u015e\u0259n v\u0259 Haz\u0131rcavablar Klubu\u201dnun (\u015eHK) \u00fczv\u00fc olub. 1994-95-ci ill\u0259rd\u0259 \u015eHK-nin universitetl\u0259raras\u0131 \u00e7empionat\u0131nda qalib ad\u0131n\u0131 qazan\u0131b. \u0130.Qas\u0131mov 1999-2000-ci ill\u0259rd\u0259 ABA TV-d\u0259 (Azerbaijan Brodcasting Agency) layih\u0259 m\u00fc\u0259llifi, rejissor v\u0259 apar\u0131c\u0131 v\u0259zif\u0259l\u0259rind\u0259 \u00e7al\u0131\u015f\u0131b. 2000-ci ild\u0259n etibar\u0259n m\u00fcxt\u0259lif televiziya layih\u0259l\u0259ri, teatral qurulu\u015flar, konsert proqramlar\u0131 v\u0259 reklam filml\u0259ri layih\u0259l\u0259rini&hellip;<\/p>\n","protected":false},"author":2,"featured_media":661153,"comment_status":"closed","ping_status":"closed","sticky":false,"template":"","format":"standard","meta":{"om_disable_all_campaigns":false,"_monsterinsights_skip_tracking":false,"_monsterinsights_sitenote_active":false,"_monsterinsights_sitenote_note":"","_monsterinsights_sitenote_category":0},"categories":[1],"tags":[],"aioseo_notices":[],"gutentor_comment":0,"rttpg_featured_image_url":{"full":["https:\/\/arantv.az\/wp-content\/uploads\/2023\/11\/2d84b8e712cda0df794b27eefa5920b1.jpg",850,500,false],"landscape":["https:\/\/arantv.az\/wp-content\/uploads\/2023\/11\/2d84b8e712cda0df794b27eefa5920b1.jpg",850,500,false],"portraits":["https:\/\/arantv.az\/wp-content\/uploads\/2023\/11\/2d84b8e712cda0df794b27eefa5920b1.jpg",850,500,false],"thumbnail":["https:\/\/arantv.az\/wp-content\/uploads\/2023\/11\/2d84b8e712cda0df794b27eefa5920b1-500x280.jpg",500,280,true],"medium":["https:\/\/arantv.az\/wp-content\/uploads\/2023\/11\/2d84b8e712cda0df794b27eefa5920b1-621x365.jpg",621,365,true],"large":["https:\/\/arantv.az\/wp-content\/uploads\/2023\/11\/2d84b8e712cda0df794b27eefa5920b1-840x494.jpg",640,376,true],"1536x1536":["https:\/\/arantv.az\/wp-content\/uploads\/2023\/11\/2d84b8e712cda0df794b27eefa5920b1.jpg",850,500,false],"2048x2048":["https:\/\/arantv.az\/wp-content\/uploads\/2023\/11\/2d84b8e712cda0df794b27eefa5920b1.jpg",850,500,false],"post-thumbnail":["https:\/\/arantv.az\/wp-content\/uploads\/2023\/11\/2d84b8e712cda0df794b27eefa5920b1-240x172.jpg",240,172,true],"advps-thumb-one":["https:\/\/arantv.az\/wp-content\/uploads\/2023\/11\/2d84b8e712cda0df794b27eefa5920b1.jpg",850,500,false]},"rttpg_author":{"display_name":"V\u00fcsal Rafiqo\u011flu","author_link":"https:\/\/arantv.az\/?author=2"},"rttpg_comment":0,"rttpg_category":"<a href=\"https:\/\/arantv.az\/?cat=1\" rel=\"category\">C\u0259miyy\u0259t<\/a>","rttpg_excerpt":"Heyd\u0259r \u018fliyev Saray\u0131n\u0131n direktoru v\u0259zif\u0259sin\u0259 direktor t\u0259yinat\u0131 olub. ARANTV.AZ-\u0131n m\u0259lumata g\u00f6r\u0259, m\u0259d\u0259niyy\u0259t naziri Adil K\u0259rimli bununla ba\u011fl\u0131 m\u00fcvafiq \u0259mr imzalay\u0131b. \u018fmr\u0259 \u0259sas\u0259n, \u0130lham Zakir o\u011flu Qas\u0131mov Heyd\u0259r \u018fliyev Saray\u0131n\u0131n direktoru t\u0259yin edilib. \u0130lham Qas\u0131mov 1977-ci ild\u0259 anadan olub. 1998-ci ild\u0259 Az\u0259rbaycan Texniki Universitetini bitirib. 1992-96-c\u0131 ill\u0259rd\u0259 \u201c\u015e\u0259n v\u0259 Haz\u0131rcavablar Klubu\u201dnun (\u015eHK) \u00fczv\u00fc olub. 1994-95-ci ill\u0259rd\u0259&hellip;","_links":{"self":[{"href":"https:\/\/arantv.az\/index.php?rest_route=\/wp\/v2\/posts\/661150"}],"collection":[{"href":"https:\/\/arantv.az\/index.php?rest_route=\/wp\/v2\/posts"}],"about":[{"href":"https:\/\/arantv.az\/index.php?rest_route=\/wp\/v2\/types\/post"}],"author":[{"embeddable":true,"href":"https:\/\/arantv.az\/index.php?rest_route=\/wp\/v2\/users\/2"}],"replies":[{"embeddable":true,"href":"https:\/\/arantv.az\/index.php?rest_route=%2Fwp%2Fv2%2Fcomments&post=661150"}],"version-history":[{"count":0,"href":"https:\/\/arantv.az\/index.php?rest_route=\/wp\/v2\/posts\/661150\/revisions"}],"wp:featuredmedia":[{"embeddable":true,"href":"https:\/\/arantv.az\/index.php?rest_route=\/wp\/v2\/media\/661153"}],"wp:attachment":[{"href":"https:\/\/arantv.az\/index.php?rest_route=%2Fwp%2Fv2%2Fmedia&parent=661150"}],"wp:term":[{"taxonomy":"category","embeddable":true,"href":"https:\/\/arantv.az\/index.php?rest_route=%2Fwp%2Fv2%2Fcategories&post=661150"},{"taxonomy":"post_tag","embeddable":true,"href":"https:\/\/arantv.az\/index.php?rest_route=%2Fwp%2Fv2%2Ftags&post=661150"}],"curies":[{"name":"wp","href":"https:\/\/api.w.org\/{rel}","templated":true}]}}