{"id":661156,"date":"2023-11-25T11:55:53","date_gmt":"2023-11-25T07:55:53","guid":{"rendered":"https:\/\/arantv.az\/?p=661156"},"modified":"2023-11-25T11:55:53","modified_gmt":"2023-11-25T07:55:53","slug":"bakida-m%c9%99kt%c9%99bd%c9%99-sagirdl%c9%99r-arasinda-bicaqlanma-din-h%c9%99r%c9%99k%c9%99t%c9%99-kecdi-yenil%c9%99nib","status":"publish","type":"post","link":"https:\/\/arantv.az\/?p=661156","title":{"rendered":"Bak\u0131da m\u0259kt\u0259bd\u0259 \u015fagirdl\u0259r aras\u0131nda b\u0131\u00e7aqlanma: D\u0130N h\u0259r\u0259k\u0259t\u0259 ke\u00e7di &#8211; YEN\u0130L\u018fN\u0130B"},"content":{"rendered":"<p>Sabun\u00e7u rayonu \u0259razisind\u0259 yerl\u0259\u015f\u0259n m\u0259kt\u0259bl\u0259rin birind\u0259 \u015fagirdin sinif yolda\u015f\u0131na k\u0259sici al\u0259tl\u0259 daxil\u0259 n\u00fcfuz etm\u0259y\u0259n x\u0259sar\u0259t yetirm\u0259si bar\u0259d\u0259 polis\u0259 m\u0259lumat daxil olub.<\/p>\n<p>Bu bar\u0259d\u0259\u00a0<strong>Oxu.Az<\/strong>-a m\u0259lumat ver\u0259n Daxili \u0130\u015fl\u0259r Nazirliyinin (D\u0130N) M\u0259tbuat Xidm\u0259tinin \u0259m\u0259kda\u015f\u0131\u00a0<strong>Nurlan \u018fliyev\u00a0<\/strong>bildirib ki, m\u0259kt\u0259blinin x\u0259sar\u0259t almas\u0131 il\u0259 \u0259laq\u0259dar onun valideyni il\u0259 birlikd\u0259 t\u0259hqiqat t\u0259min edilib, z\u0259ruri istintaq h\u0259r\u0259k\u0259tl\u0259rinin apar\u0131lmas\u0131 m\u0259qs\u0259di il\u0259 ara\u015fd\u0131rma apar\u0131l\u0131r.<\/p>\n<p><strong>08:50<\/strong><\/p>\n<p>Bak\u0131 \u015f\u0259h\u0259ri 75 n\u00f6mr\u0259li m\u0259kt\u0259bd\u0259 b\u0131\u00e7aqlanma olmas\u0131na dair yay\u0131lan m\u0259lumata ayd\u0131nl\u0131q g\u0259tirilib.<\/p>\n<p>M\u0259kt\u0259bd\u0259n APA-n\u0131n sor\u011fusuna cavab olaraq bildirilib ki, 24.11.2023-c\u00fc il tarixind\u0259 7-ci sinifd\u0259 t\u0259hsil alan iki \u015fagird aras\u0131nda t\u0259n\u0259ff\u00fcs vaxt\u0131 m\u00fcbahis\u0259 yaran\u0131b.<\/p>\n<p>\u201cM\u00fcbahis\u0259 zaman\u0131 \u015fagirdl\u0259rd\u0259n biri \u0259lind\u0259ki nam\u0259lum \u0259\u015fya il\u0259 dig\u0259r m\u0259kt\u0259blinin qar\u0131n nahiy\u0259sini c\u0131z\u0131b. M\u0259kt\u0259b r\u0259hb\u0259rliyi t\u0259r\u0259find\u0259n d\u0259rhal m\u0259s\u0259l\u0259y\u0259 m\u00fcdaxil\u0259 edilib. X\u0259sar\u0259t alan \u015fagird m\u0259kt\u0259bin tibb i\u015f\u00e7isi t\u0259r\u0259find\u0259n yoxlan\u0131l\u0131b v\u0259 ciddi bir x\u0259sar\u0259t a\u015fkar olunmay\u0131b.<\/p>\n<p>Daha sonra h\u0259r iki \u015fagirdin valideynl\u0259ri m\u0259kt\u0259b\u0259 d\u0259v\u0259t olunaraq onlardan izahat al\u0131n\u0131b v\u0259 akt t\u0259rtib edilib. H\u0259r iki \u015fagirdin valideynl\u0259ri aras\u0131nda qar\u015f\u0131l\u0131ql\u0131 anla\u015fma yaran\u0131b, \u00f6vladlar\u0131na daha ciddi n\u0259zar\u0259t ed\u0259c\u0259kl\u0259rini bildiribl\u0259r\u201d, &#8211; dey\u0259 qeyd edilib.<\/p>\n","protected":false},"excerpt":{"rendered":"<p>Sabun\u00e7u rayonu \u0259razisind\u0259 yerl\u0259\u015f\u0259n m\u0259kt\u0259bl\u0259rin birind\u0259 \u015fagirdin sinif yolda\u015f\u0131na k\u0259sici al\u0259tl\u0259 daxil\u0259 n\u00fcfuz etm\u0259y\u0259n x\u0259sar\u0259t yetirm\u0259si bar\u0259d\u0259 polis\u0259 m\u0259lumat daxil olub. Bu bar\u0259d\u0259\u00a0Oxu.Az-a m\u0259lumat ver\u0259n Daxili \u0130\u015fl\u0259r Nazirliyinin (D\u0130N) M\u0259tbuat Xidm\u0259tinin \u0259m\u0259kda\u015f\u0131\u00a0Nurlan \u018fliyev\u00a0bildirib ki, m\u0259kt\u0259blinin x\u0259sar\u0259t almas\u0131 il\u0259 \u0259laq\u0259dar onun valideyni il\u0259 birlikd\u0259 t\u0259hqiqat t\u0259min edilib, z\u0259ruri istintaq h\u0259r\u0259k\u0259tl\u0259rinin apar\u0131lmas\u0131 m\u0259qs\u0259di il\u0259 ara\u015fd\u0131rma apar\u0131l\u0131r. 08:50 Bak\u0131 \u015f\u0259h\u0259ri 75 n\u00f6mr\u0259li m\u0259kt\u0259bd\u0259 b\u0131\u00e7aqlanma olmas\u0131na dair yay\u0131lan m\u0259lumata ayd\u0131nl\u0131q g\u0259tirilib. M\u0259kt\u0259bd\u0259n APA-n\u0131n sor\u011fusuna cavab olaraq bildirilib ki, 24.11.2023-c\u00fc il tarixind\u0259 7-ci sinifd\u0259 t\u0259hsil alan iki \u015fagird aras\u0131nda t\u0259n\u0259ff\u00fcs vaxt\u0131 m\u00fcbahis\u0259 yaran\u0131b. \u201cM\u00fcbahis\u0259 zaman\u0131&hellip;<\/p>\n","protected":false},"author":2,"featured_media":603551,"comment_status":"closed","ping_status":"closed","sticky":false,"template":"","format":"standard","meta":{"om_disable_all_campaigns":false,"_monsterinsights_skip_tracking":false,"_monsterinsights_sitenote_active":false,"_monsterinsights_sitenote_note":"","_monsterinsights_sitenote_category":0},"categories":[5],"tags":[],"aioseo_notices":[],"gutentor_comment":0,"rttpg_featured_image_url":{"full":["https:\/\/arantv.az\/wp-content\/uploads\/2023\/06\/bicaq1638307640.jpg",620,413,false],"landscape":["https:\/\/arantv.az\/wp-content\/uploads\/2023\/06\/bicaq1638307640.jpg",620,413,false],"portraits":["https:\/\/arantv.az\/wp-content\/uploads\/2023\/06\/bicaq1638307640.jpg",620,413,false],"thumbnail":["https:\/\/arantv.az\/wp-content\/uploads\/2023\/06\/bicaq1638307640-500x280.jpg",500,280,true],"medium":["https:\/\/arantv.az\/wp-content\/uploads\/2023\/06\/bicaq1638307640-548x365.jpg",548,365,true],"large":["https:\/\/arantv.az\/wp-content\/uploads\/2023\/06\/bicaq1638307640.jpg",620,413,false],"1536x1536":["https:\/\/arantv.az\/wp-content\/uploads\/2023\/06\/bicaq1638307640.jpg",620,413,false],"2048x2048":["https:\/\/arantv.az\/wp-content\/uploads\/2023\/06\/bicaq1638307640.jpg",620,413,false],"post-thumbnail":["https:\/\/arantv.az\/wp-content\/uploads\/2023\/06\/bicaq1638307640-240x172.jpg",240,172,true],"advps-thumb-one":["https:\/\/arantv.az\/wp-content\/uploads\/2023\/06\/bicaq1638307640.jpg",620,413,false]},"rttpg_author":{"display_name":"V\u00fcsal Rafiqo\u011flu","author_link":"https:\/\/arantv.az\/?author=2"},"rttpg_comment":0,"rttpg_category":"<a href=\"https:\/\/arantv.az\/?cat=5\" rel=\"category\">Hadis\u0259<\/a>","rttpg_excerpt":"Sabun\u00e7u rayonu \u0259razisind\u0259 yerl\u0259\u015f\u0259n m\u0259kt\u0259bl\u0259rin birind\u0259 \u015fagirdin sinif yolda\u015f\u0131na k\u0259sici al\u0259tl\u0259 daxil\u0259 n\u00fcfuz etm\u0259y\u0259n x\u0259sar\u0259t yetirm\u0259si bar\u0259d\u0259 polis\u0259 m\u0259lumat daxil olub. Bu bar\u0259d\u0259\u00a0Oxu.Az-a m\u0259lumat ver\u0259n Daxili \u0130\u015fl\u0259r Nazirliyinin (D\u0130N) M\u0259tbuat Xidm\u0259tinin \u0259m\u0259kda\u015f\u0131\u00a0Nurlan \u018fliyev\u00a0bildirib ki, m\u0259kt\u0259blinin x\u0259sar\u0259t almas\u0131 il\u0259 \u0259laq\u0259dar onun valideyni il\u0259 birlikd\u0259 t\u0259hqiqat t\u0259min edilib, z\u0259ruri istintaq h\u0259r\u0259k\u0259tl\u0259rinin apar\u0131lmas\u0131 m\u0259qs\u0259di il\u0259 ara\u015fd\u0131rma apar\u0131l\u0131r. 08:50&hellip;","_links":{"self":[{"href":"https:\/\/arantv.az\/index.php?rest_route=\/wp\/v2\/posts\/661156"}],"collection":[{"href":"https:\/\/arantv.az\/index.php?rest_route=\/wp\/v2\/posts"}],"about":[{"href":"https:\/\/arantv.az\/index.php?rest_route=\/wp\/v2\/types\/post"}],"author":[{"embeddable":true,"href":"https:\/\/arantv.az\/index.php?rest_route=\/wp\/v2\/users\/2"}],"replies":[{"embeddable":true,"href":"https:\/\/arantv.az\/index.php?rest_route=%2Fwp%2Fv2%2Fcomments&post=661156"}],"version-history":[{"count":0,"href":"https:\/\/arantv.az\/index.php?rest_route=\/wp\/v2\/posts\/661156\/revisions"}],"wp:featuredmedia":[{"embeddable":true,"href":"https:\/\/arantv.az\/index.php?rest_route=\/wp\/v2\/media\/603551"}],"wp:attachment":[{"href":"https:\/\/arantv.az\/index.php?rest_route=%2Fwp%2Fv2%2Fmedia&parent=661156"}],"wp:term":[{"taxonomy":"category","embeddable":true,"href":"https:\/\/arantv.az\/index.php?rest_route=%2Fwp%2Fv2%2Fcategories&post=661156"},{"taxonomy":"post_tag","embeddable":true,"href":"https:\/\/arantv.az\/index.php?rest_route=%2Fwp%2Fv2%2Ftags&post=661156"}],"curies":[{"name":"wp","href":"https:\/\/api.w.org\/{rel}","templated":true}]}}